{"id":393132,"date":"2025-03-15T17:39:18","date_gmt":"2025-03-15T22:39:18","guid":{"rendered":"https:\/\/www.medellin.gov.co\/es\/?p=393132"},"modified":"2025-03-15T18:17:42","modified_gmt":"2025-03-15T23:17:42","slug":"medellin-esta-en-codigo-azul-la-estrategia-del-distrito-para-ayudar-a-salvar-la-vida-de-jovenes-en-riesgo","status":"publish","type":"post","link":"https:\/\/www.medellin.gov.co\/es\/sala-de-prensa\/noticias\/medellin-esta-en-codigo-azul-la-estrategia-del-distrito-para-ayudar-a-salvar-la-vida-de-jovenes-en-riesgo\/","title":{"rendered":"Medell\u00edn est\u00e1 en C\u00f3digo Azul: la estrategia del Distrito para ayudar a salvar la vida de j\u00f3venes en riesgo"},"content":{"rendered":"<ul>\n<li>A trav\u00e9s de una carta o carpeta que llegar\u00e1 a oficinas o domicilios, los destinatarios conocer\u00e1n las realidades de los j\u00f3venes para solidarizarse con ellos.<\/li>\n<li>La iniciativa comenz\u00f3 a implementarse esta semana y cada comunicaci\u00f3n lleva la firma del alcalde Federico Guti\u00e9rrez Zuluaga.<\/li>\n<\/ul>\n<p>El alcalde de Medell\u00edn, Federico Guti\u00e9rrez Zuluaga, present\u00f3 C\u00f3digo Azul, una estrategia con la que la <a href=\"https:\/\/www.medellin.gov.co\/\" target=\"_blank\" rel=\"noopener\">Administraci\u00f3n Distrital<\/a> busca el apoyo de la sociedad para continuar previniendo que j\u00f3venes est\u00e9n en condiciones de vulnerabilidad o en riesgo de ingresar a la delincuencia, la drogadicci\u00f3n y diversas problem\u00e1ticas sociales, y ayud\u00e1ndolos en su voluntad de superarlas.<\/p>\n<p><img loading=\"lazy\" class=\"alignnone size-large wp-image-393137\" src=\"https:\/\/www.medellin.gov.co\/es\/wp-content\/uploads\/2025\/03\/Imagen-documento-Alerta-azul-1024x618.jpg\" alt=\"Imagen documento Alerta azul\" width=\"1024\" height=\"618\" srcset=\"https:\/\/www.medellin.gov.co\/es\/wp-content\/uploads\/2025\/03\/Imagen-documento-Alerta-azul-1024x618.jpg 1024w, https:\/\/www.medellin.gov.co\/es\/wp-content\/uploads\/2025\/03\/Imagen-documento-Alerta-azul-300x181.jpg 300w, https:\/\/www.medellin.gov.co\/es\/wp-content\/uploads\/2025\/03\/Imagen-documento-Alerta-azul-150x91.jpg 150w, https:\/\/www.medellin.gov.co\/es\/wp-content\/uploads\/2025\/03\/Imagen-documento-Alerta-azul-768x464.jpg 768w, https:\/\/www.medellin.gov.co\/es\/wp-content\/uploads\/2025\/03\/Imagen-documento-Alerta-azul.jpg 1280w\" sizes=\"(max-width: 1024px) 100vw, 1024px\" \/><\/p>\n<p>Esta iniciativa es parte del programa Parceros, que ya ha beneficiado a m\u00e1s de 1.800 personas. Con ella, empresarios y la ciudadan\u00eda en general podr\u00e1n conocer, a trav\u00e9s de una carta o carpeta que llegar\u00e1 a oficinas o domicilios, las historias de vida y las realidades de los j\u00f3venes para solidarizarse con ellos.<\/p>\n<p>\u201cEsta es la mejor forma de involucrarnos en los factores sociales que enfrentan hoy muchas personas de nuestras comunidades, especialmente nuestros j\u00f3venes. C\u00f3digo Azul hace parte de Parceros. Nosotros sacamos a miles de j\u00f3venes de estructuras criminales o evitamos que ingresen\u201d, dijo el alcalde de Medell\u00edn.<\/p>\n<p><img loading=\"lazy\" class=\"alignnone size-large wp-image-393138\" src=\"https:\/\/www.medellin.gov.co\/es\/wp-content\/uploads\/2025\/03\/Imagen-firma-documento-alerta-azul-1024x682.jpg\" alt=\"Imagen firma documento azul\" width=\"1024\" height=\"682\" srcset=\"https:\/\/www.medellin.gov.co\/es\/wp-content\/uploads\/2025\/03\/Imagen-firma-documento-alerta-azul-1024x682.jpg 1024w, https:\/\/www.medellin.gov.co\/es\/wp-content\/uploads\/2025\/03\/Imagen-firma-documento-alerta-azul-300x200.jpg 300w, https:\/\/www.medellin.gov.co\/es\/wp-content\/uploads\/2025\/03\/Imagen-firma-documento-alerta-azul-150x100.jpg 150w, https:\/\/www.medellin.gov.co\/es\/wp-content\/uploads\/2025\/03\/Imagen-firma-documento-alerta-azul-768x512.jpg 768w, https:\/\/www.medellin.gov.co\/es\/wp-content\/uploads\/2025\/03\/Imagen-firma-documento-alerta-azul.jpg 1280w\" sizes=\"(max-width: 1024px) 100vw, 1024px\" \/><\/p>\n<p>En el C\u00f3digo Azul que recibir\u00e1n los destinatarios, adem\u00e1s de las historias de las personas que necesitan ayuda, se les explicar\u00e1 la manera en que pueden apoyar esta labor social.<\/p>\n<p>\u201cLo primero que te pido cuando llegue y lo encuentres sobre el escritorio, es que sea lo primero que abras y leas. Es un mensaje para nuestros empresarios, para la gente que ayuda en Medell\u00edn, porque cada C\u00f3digo Azul significa c\u00f3mo salvamos vidas\u201d, anot\u00f3 el mandatario local.<\/p>\n<p><img loading=\"lazy\" class=\"alignnone size-large wp-image-393140\" src=\"https:\/\/www.medellin.gov.co\/es\/wp-content\/uploads\/2025\/03\/Imagen-Alcalde-con-carpeta-azul-682x1024.jpg\" alt=\"Imagen Alcalde con carpeta azul\" width=\"682\" height=\"1024\" srcset=\"https:\/\/www.medellin.gov.co\/es\/wp-content\/uploads\/2025\/03\/Imagen-Alcalde-con-carpeta-azul-682x1024.jpg 682w, https:\/\/www.medellin.gov.co\/es\/wp-content\/uploads\/2025\/03\/Imagen-Alcalde-con-carpeta-azul-200x300.jpg 200w, https:\/\/www.medellin.gov.co\/es\/wp-content\/uploads\/2025\/03\/Imagen-Alcalde-con-carpeta-azul-100x150.jpg 100w, https:\/\/www.medellin.gov.co\/es\/wp-content\/uploads\/2025\/03\/Imagen-Alcalde-con-carpeta-azul-768x1152.jpg 768w, https:\/\/www.medellin.gov.co\/es\/wp-content\/uploads\/2025\/03\/Imagen-Alcalde-con-carpeta-azul.jpg 853w\" sizes=\"(max-width: 682px) 100vw, 682px\" \/><\/p>\n<p>La iniciativa comenz\u00f3 a implementarse esta semana y cada comunicaci\u00f3n ha sido firmada por el alcalde Federico Guti\u00e9rrez Zuluaga.<\/p>\n","protected":false},"excerpt":{"rendered":"<p>A trav\u00e9s de una carta o carpeta que llegar\u00e1 a oficinas o domicilios, los destinatarios conocer\u00e1n las realidades de los j\u00f3venes para solidarizarse con ellos. La iniciativa comenz\u00f3 a implementarse esta semana y cada comunicaci\u00f3n &#8230;<\/p>\n","protected":false},"author":97,"featured_media":393134,"comment_status":"open","ping_status":"open","sticky":false,"template":"","format":"standard","meta":[],"categories":[293],"tags":[451,435,455,450],"formato_nota":[],"programas_tax":[],"acf":[],"_links":{"self":[{"href":"https:\/\/www.medellin.gov.co\/es\/wp-json\/wp\/v2\/posts\/393132"}],"collection":[{"href":"https:\/\/www.medellin.gov.co\/es\/wp-json\/wp\/v2\/posts"}],"about":[{"href":"https:\/\/www.medellin.gov.co\/es\/wp-json\/wp\/v2\/types\/post"}],"author":[{"embeddable":true,"href":"https:\/\/www.medellin.gov.co\/es\/wp-json\/wp\/v2\/users\/97"}],"replies":[{"embeddable":true,"href":"https:\/\/www.medellin.gov.co\/es\/wp-json\/wp\/v2\/comments?post=393132"}],"version-history":[{"count":2,"href":"https:\/\/www.medellin.gov.co\/es\/wp-json\/wp\/v2\/posts\/393132\/revisions"}],"predecessor-version":[{"id":393145,"href":"https:\/\/www.medellin.gov.co\/es\/wp-json\/wp\/v2\/posts\/393132\/revisions\/393145"}],"wp:featuredmedia":[{"embeddable":true,"href":"https:\/\/www.medellin.gov.co\/es\/wp-json\/wp\/v2\/media\/393134"}],"wp:attachment":[{"href":"https:\/\/www.medellin.gov.co\/es\/wp-json\/wp\/v2\/media?parent=393132"}],"wp:term":[{"taxonomy":"category","embeddable":true,"href":"https:\/\/www.medellin.gov.co\/es\/wp-json\/wp\/v2\/categories?post=393132"},{"taxonomy":"post_tag","embeddable":true,"href":"https:\/\/www.medellin.gov.co\/es\/wp-json\/wp\/v2\/tags?post=393132"},{"taxonomy":"formato_nota","embeddable":true,"href":"https:\/\/www.medellin.gov.co\/es\/wp-json\/wp\/v2\/formato_nota?post=393132"},{"taxonomy":"programas_tax","embeddable":true,"href":"https:\/\/www.medellin.gov.co\/es\/wp-json\/wp\/v2\/programas_tax?post=393132"}],"curies":[{"name":"wp","href":"https:\/\/api.w.org\/{rel}","templated":true}]}}