{"id":393193,"date":"2025-03-17T11:23:24","date_gmt":"2025-03-17T16:23:24","guid":{"rendered":"https:\/\/www.medellin.gov.co\/es\/?p=393193"},"modified":"2025-03-17T11:23:24","modified_gmt":"2025-03-17T16:23:24","slug":"20-parques-de-medellin-tendran-actividades-recreativas-y-de-aprovechamiento-del-tiempo-libre","status":"publish","type":"post","link":"https:\/\/www.medellin.gov.co\/es\/sala-de-prensa\/noticias\/20-parques-de-medellin-tendran-actividades-recreativas-y-de-aprovechamiento-del-tiempo-libre\/","title":{"rendered":"20 parques de Medell\u00edn tendr\u00e1n actividades recreativas y de aprovechamiento del tiempo libre"},"content":{"rendered":"<ul>\n<li>La estrategia se denomina Juguemos en el Parque y es una invitaci\u00f3n para que ni\u00f1as y ni\u00f1os desarrollen habilidades para la vida.<\/li>\n<li>En 2024, unos 3.480 menores de edad participaron en las jornadas.<\/li>\n<\/ul>\n<!--[if lt IE 9]><script>document.createElement('audio');<\/script><![endif]-->\n\t<div class=\"wp-playlist wp-audio-playlist wp-playlist-light\">\n\t\t\t<div class=\"wp-playlist-current-item\"><\/div>\n\t\t<audio controls=\"controls\" preload=\"none\" width=\"640\"\n\t\t\t><\/audio>\n\t<div class=\"wp-playlist-next\"><\/div>\n\t<div class=\"wp-playlist-prev\"><\/div>\n\t<noscript>\n\t<ol>\n\t\t<li><a href='https:\/\/www.medellin.gov.co\/es\/wp-content\/uploads\/2025\/03\/Aprovechamiento-Tiempo-Libre-01.mp3'>Palabras de Margarita Mar\u00eda G\u00f3mez Mar\u00edn primera dama de Medell\u00edn<\/a><\/li>\t<\/ol>\n\t<\/noscript>\n\t<script type=\"application\/json\" class=\"wp-playlist-script\">{\"type\":\"audio\",\"tracklist\":true,\"tracknumbers\":true,\"images\":true,\"artists\":true,\"tracks\":[{\"src\":\"https:\\\/\\\/www.medellin.gov.co\\\/es\\\/wp-content\\\/uploads\\\/2025\\\/03\\\/Aprovechamiento-Tiempo-Libre-01.mp3\",\"type\":\"audio\\\/mpeg\",\"title\":\"Palabras de Margarita Mar\\u00eda G\\u00f3mez Mar\\u00edn primera dama de Medell\\u00edn\",\"caption\":\"\",\"description\":\"\\u00abPalabras de Margarita Mar\\u00eda G\\u00f3mez Mar\\u00edn primera dama de Medell\\u00edn\\u00bb.\",\"meta\":{\"genre\":\"Blues\",\"length_formatted\":\"0:54\"},\"image\":{\"src\":\"https:\\\/\\\/www.medellin.gov.co\\\/es\\\/wp-includes\\\/images\\\/media\\\/audio.png\",\"width\":48,\"height\":64},\"thumb\":{\"src\":\"https:\\\/\\\/www.medellin.gov.co\\\/es\\\/wp-includes\\\/images\\\/media\\\/audio.png\",\"width\":48,\"height\":64}}]}<\/script>\n<\/div>\n\t\n<p>Para crear entornos seguros, la Alcald\u00eda de Medell\u00edn impulsa Juguemos en el Parque, una iniciativa que, a trav\u00e9s de la l\u00fadica, desarrolla habilidades para la vida, promueve la sana convivencia y fomenta la prevenci\u00f3n del maltrato. En el primer semestre de este a\u00f1o, se programar\u00e1n dos horas de juego por semana en 20 parques.<\/p>\n<div id=\"attachment_393230\" style=\"width: 1082px\" class=\"wp-caption alignnone\"><a href=\"https:\/\/www.medellin.gov.co\/es\/wp-content\/uploads\/2025\/03\/Aprovechamiento-Tiempo-Libre-2.jpg\" target=\"_blank\" rel=\"noopener\"><img aria-describedby=\"caption-attachment-393230\" loading=\"lazy\" class=\"wp-image-393230 size-full\" title=\"20 parques de Medell\u00edn tendr\u00e1n actividades recreativas y de aprovechamiento del tiempo libre\" src=\"https:\/\/www.medellin.gov.co\/es\/wp-content\/uploads\/2025\/03\/Aprovechamiento-Tiempo-Libre-2.jpg\" alt=\"20 parques de Medell\u00edn tendr\u00e1n actividades recreativas y de aprovechamiento del tiempo libre\" width=\"1072\" height=\"850\" srcset=\"https:\/\/www.medellin.gov.co\/es\/wp-content\/uploads\/2025\/03\/Aprovechamiento-Tiempo-Libre-2.jpg 1072w, https:\/\/www.medellin.gov.co\/es\/wp-content\/uploads\/2025\/03\/Aprovechamiento-Tiempo-Libre-2-300x238.jpg 300w, https:\/\/www.medellin.gov.co\/es\/wp-content\/uploads\/2025\/03\/Aprovechamiento-Tiempo-Libre-2-1024x812.jpg 1024w, https:\/\/www.medellin.gov.co\/es\/wp-content\/uploads\/2025\/03\/Aprovechamiento-Tiempo-Libre-2-150x119.jpg 150w, https:\/\/www.medellin.gov.co\/es\/wp-content\/uploads\/2025\/03\/Aprovechamiento-Tiempo-Libre-2-768x609.jpg 768w\" sizes=\"(max-width: 1072px) 100vw, 1072px\" \/><\/a><p id=\"caption-attachment-393230\" class=\"wp-caption-text\">20 parques de Medell\u00edn tendr\u00e1n actividades recreativas y de aprovechamiento del tiempo libre &#8211; Foto Alcald\u00eda de Medell\u00edn<\/p><\/div>\n<p>\u201c<em>Cada vez que tenemos encuentros con las ni\u00f1as y ni\u00f1os, nos expresan la necesidad de contar con m\u00e1s espacios para ellos, porque muchas veces, lastimosamente, estos lugares son usados para botar basuras u otro tipo de actividades. A trav\u00e9s del juego queremos recuperar los espacios para que los menores de edad se apropien de ellos y disfruten<\/em>\u201d, explic\u00f3 la primera dama de Medell\u00edn, Margarita Mar\u00eda G\u00f3mez Mar\u00edn.<\/p>\n<p>El a\u00f1o anterior, en su fase piloto, el proyecto benefici\u00f3 a unos 3.480 menores de edad, quienes accedieron a la programaci\u00f3n en 13 parques. Se espera superar la meta y llegar a 35 puntos con alternativas de disfrute.<\/p>\n<div id=\"attachment_393229\" style=\"width: 1198px\" class=\"wp-caption alignnone\"><a href=\"https:\/\/www.medellin.gov.co\/es\/wp-content\/uploads\/2025\/03\/Aprovechamiento-Tiempo-Libre-3.jpg\" target=\"_blank\" rel=\"noopener\"><img aria-describedby=\"caption-attachment-393229\" loading=\"lazy\" class=\"wp-image-393229 size-full\" title=\"20 parques de Medell\u00edn tendr\u00e1n actividades recreativas y de aprovechamiento del tiempo libre\" src=\"https:\/\/www.medellin.gov.co\/es\/wp-content\/uploads\/2025\/03\/Aprovechamiento-Tiempo-Libre-3.jpg\" alt=\"20 parques de Medell\u00edn tendr\u00e1n actividades recreativas y de aprovechamiento del tiempo libre\" width=\"1188\" height=\"850\" srcset=\"https:\/\/www.medellin.gov.co\/es\/wp-content\/uploads\/2025\/03\/Aprovechamiento-Tiempo-Libre-3.jpg 1188w, https:\/\/www.medellin.gov.co\/es\/wp-content\/uploads\/2025\/03\/Aprovechamiento-Tiempo-Libre-3-300x215.jpg 300w, https:\/\/www.medellin.gov.co\/es\/wp-content\/uploads\/2025\/03\/Aprovechamiento-Tiempo-Libre-3-1024x733.jpg 1024w, https:\/\/www.medellin.gov.co\/es\/wp-content\/uploads\/2025\/03\/Aprovechamiento-Tiempo-Libre-3-150x107.jpg 150w, https:\/\/www.medellin.gov.co\/es\/wp-content\/uploads\/2025\/03\/Aprovechamiento-Tiempo-Libre-3-768x549.jpg 768w\" sizes=\"(max-width: 1188px) 100vw, 1188px\" \/><\/a><p id=\"caption-attachment-393229\" class=\"wp-caption-text\">20 parques de Medell\u00edn tendr\u00e1n actividades recreativas y de aprovechamiento del tiempo libre &#8211; Foto Alcald\u00eda de Medell\u00edn<\/p><\/div>\n<p>\u201c<em>Los ni\u00f1os podr\u00e1n salir a jugar, compartir y divertirse sanamente guiados por profesionales, quienes, de manera articulada, trabajan con nuestro equipo de Tejiendo Hogares, con el objetivo de seguir fomentando entornos seguros, promoviendo el cuidado y reduciendo riesgos<\/em>\u201d, agreg\u00f3 la primera dama.<\/p>\n<p>Las jornadas se dise\u00f1aron con el Inder, la Unidad de Ni\u00f1ez y las secretar\u00edas de Cultura Ciudadana, Seguridad y Convivencia, Salud y Medio Ambiente. As\u00ed mismo, 31 gestores, profesionales y facilitadores territoriales acompa\u00f1an la estrategia. La programaci\u00f3n est\u00e1 disponible en <a href=\"http:\/\/www.medellin.gov.co\" target=\"_blank\" rel=\"noopener\">www.medellin.gov.co<\/a>.<\/p>\n","protected":false},"excerpt":{"rendered":"<p>La estrategia se denomina Juguemos en el Parque y es una invitaci\u00f3n para que ni\u00f1as y ni\u00f1os desarrollen habilidades para la vida. En 2024, unos 3.480 menores de edad participaron en las jornadas. Para crear &#8230;<\/p>\n","protected":false},"author":21,"featured_media":393231,"comment_status":"open","ping_status":"open","sticky":false,"template":"","format":"standard","meta":[],"categories":[285],"tags":[451,689],"formato_nota":[],"programas_tax":[],"acf":[],"_links":{"self":[{"href":"https:\/\/www.medellin.gov.co\/es\/wp-json\/wp\/v2\/posts\/393193"}],"collection":[{"href":"https:\/\/www.medellin.gov.co\/es\/wp-json\/wp\/v2\/posts"}],"about":[{"href":"https:\/\/www.medellin.gov.co\/es\/wp-json\/wp\/v2\/types\/post"}],"author":[{"embeddable":true,"href":"https:\/\/www.medellin.gov.co\/es\/wp-json\/wp\/v2\/users\/21"}],"replies":[{"embeddable":true,"href":"https:\/\/www.medellin.gov.co\/es\/wp-json\/wp\/v2\/comments?post=393193"}],"version-history":[{"count":1,"href":"https:\/\/www.medellin.gov.co\/es\/wp-json\/wp\/v2\/posts\/393193\/revisions"}],"predecessor-version":[{"id":393251,"href":"https:\/\/www.medellin.gov.co\/es\/wp-json\/wp\/v2\/posts\/393193\/revisions\/393251"}],"wp:featuredmedia":[{"embeddable":true,"href":"https:\/\/www.medellin.gov.co\/es\/wp-json\/wp\/v2\/media\/393231"}],"wp:attachment":[{"href":"https:\/\/www.medellin.gov.co\/es\/wp-json\/wp\/v2\/media?parent=393193"}],"wp:term":[{"taxonomy":"category","embeddable":true,"href":"https:\/\/www.medellin.gov.co\/es\/wp-json\/wp\/v2\/categories?post=393193"},{"taxonomy":"post_tag","embeddable":true,"href":"https:\/\/www.medellin.gov.co\/es\/wp-json\/wp\/v2\/tags?post=393193"},{"taxonomy":"formato_nota","embeddable":true,"href":"https:\/\/www.medellin.gov.co\/es\/wp-json\/wp\/v2\/formato_nota?post=393193"},{"taxonomy":"programas_tax","embeddable":true,"href":"https:\/\/www.medellin.gov.co\/es\/wp-json\/wp\/v2\/programas_tax?post=393193"}],"curies":[{"name":"wp","href":"https:\/\/api.w.org\/{rel}","templated":true}]}}