{"id":393253,"date":"2025-03-17T11:55:02","date_gmt":"2025-03-17T16:55:02","guid":{"rendered":"https:\/\/www.medellin.gov.co\/es\/?p=393253"},"modified":"2025-03-17T11:55:02","modified_gmt":"2025-03-17T16:55:02","slug":"el-pasaje-junin-y-el-parque-bolivar-de-medellin-quedaron-como-una-tacita-de-plata","status":"publish","type":"post","link":"https:\/\/www.medellin.gov.co\/es\/sala-de-prensa\/noticias\/el-pasaje-junin-y-el-parque-bolivar-de-medellin-quedaron-como-una-tacita-de-plata\/","title":{"rendered":"El pasaje Jun\u00edn y el Parque Bol\u00edvar de Medell\u00edn quedaron como una tacita de plata"},"content":{"rendered":"<ul>\n<li>A la estrategia Sembrando Limpieza con Amor se vincul\u00f3 la empresa privada.<\/li>\n<li>8 de las 51 personas que conformaron el grupo de trabajo eran personas de la comunidad que llegaron de diferentes barrios a ayudar.<\/li>\n<\/ul>\n<!--[if lt IE 9]><script>document.createElement('audio');<\/script><![endif]-->\n\t<div class=\"wp-playlist wp-audio-playlist wp-playlist-light\">\n\t\t\t<div class=\"wp-playlist-current-item\"><\/div>\n\t\t<audio controls=\"controls\" preload=\"none\" width=\"640\"\n\t\t\t><\/audio>\n\t<div class=\"wp-playlist-next\"><\/div>\n\t<div class=\"wp-playlist-prev\"><\/div>\n\t<noscript>\n\t<ol>\n\t\t<li><a href='https:\/\/www.medellin.gov.co\/es\/wp-content\/uploads\/2025\/03\/Limpieza-Junin-Parque-Bolivar-01.mp3'>Palabras de Juliana Coral, gerente del Centro y Territorios Estrat\u00e9gicos<\/a><\/li><li><a href='https:\/\/www.medellin.gov.co\/es\/wp-content\/uploads\/2025\/03\/Limpieza-Junin-Parque-Bolivar-02.mp3'>Palabras de Harold Villegas, coordinador de Servicios Generales del Edificio Coltejer<\/a><\/li>\t<\/ol>\n\t<\/noscript>\n\t<script type=\"application\/json\" class=\"wp-playlist-script\">{\"type\":\"audio\",\"tracklist\":true,\"tracknumbers\":true,\"images\":true,\"artists\":true,\"tracks\":[{\"src\":\"https:\\\/\\\/www.medellin.gov.co\\\/es\\\/wp-content\\\/uploads\\\/2025\\\/03\\\/Limpieza-Junin-Parque-Bolivar-01.mp3\",\"type\":\"audio\\\/mpeg\",\"title\":\"Palabras de Juliana Coral, gerente del Centro y Territorios Estrat\\u00e9gicos\",\"caption\":\"\",\"description\":\"\\u00abPalabras de Juliana Coral, gerente del Centro y Territorios Estrat\\u00e9gicos\\u00bb.\",\"meta\":{\"genre\":\"Blues\",\"length_formatted\":\"0:40\"},\"image\":{\"src\":\"https:\\\/\\\/www.medellin.gov.co\\\/es\\\/wp-includes\\\/images\\\/media\\\/audio.png\",\"width\":48,\"height\":64},\"thumb\":{\"src\":\"https:\\\/\\\/www.medellin.gov.co\\\/es\\\/wp-includes\\\/images\\\/media\\\/audio.png\",\"width\":48,\"height\":64}},{\"src\":\"https:\\\/\\\/www.medellin.gov.co\\\/es\\\/wp-content\\\/uploads\\\/2025\\\/03\\\/Limpieza-Junin-Parque-Bolivar-02.mp3\",\"type\":\"audio\\\/mpeg\",\"title\":\"Palabras de Harold Villegas, coordinador de Servicios Generales del Edificio Coltejer\",\"caption\":\"\",\"description\":\"\\u00abPalabras de Harold Villegas, coordinador de Servicios Generales del Edificio Coltejer\\u00bb.\",\"meta\":{\"genre\":\"Blues\",\"length_formatted\":\"1:06\"},\"image\":{\"src\":\"https:\\\/\\\/www.medellin.gov.co\\\/es\\\/wp-includes\\\/images\\\/media\\\/audio.png\",\"width\":48,\"height\":64},\"thumb\":{\"src\":\"https:\\\/\\\/www.medellin.gov.co\\\/es\\\/wp-includes\\\/images\\\/media\\\/audio.png\",\"width\":48,\"height\":64}}]}<\/script>\n<\/div>\n\t\n<p>La Alcald\u00eda de Medell\u00edn lider\u00f3 la intervenci\u00f3n de aseo y ornato que se realiz\u00f3 en el pasaje Jun\u00edn con La Playa y en el Parque Bol\u00edvar, como parte de la estrategia Sembrando Limpieza con Amor. Por primera vez, se articularon empresas como Coltejer y Postob\u00f3n, y entidades como Corpocentro; as\u00ed como la Bas\u00edlica Metropolitana y la Asociaci\u00f3n Gran Manzana, entre otras. Fue una jornada en la que se lavaron 5.000 metros cuadrados de espacio p\u00fablico, se pintaron 25 unidades de mobiliario y se asearon 700 metros de zona verde; adem\u00e1s se recogieron 4 metros c\u00fabicos de residuos ordinarios y 15 habitantes en situaci\u00f3n de calle fueron trasladados a Centro D\u00eda.<\/p>\n<div id=\"attachment_393244\" style=\"width: 1282px\" class=\"wp-caption alignnone\"><a href=\"https:\/\/www.medellin.gov.co\/es\/wp-content\/uploads\/2025\/03\/Limpieza-Junin-Parque-Bolivar-2.jpg\" target=\"_blank\" rel=\"noopener\"><img aria-describedby=\"caption-attachment-393244\" loading=\"lazy\" class=\"wp-image-393244 size-full\" title=\"El pasaje Jun\u00edn y el Parque Bol\u00edvar de Medell\u00edn quedaron como una tacita de plata\" src=\"https:\/\/www.medellin.gov.co\/es\/wp-content\/uploads\/2025\/03\/Limpieza-Junin-Parque-Bolivar-2.jpg\" alt=\"El pasaje Jun\u00edn y el Parque Bol\u00edvar de Medell\u00edn quedaron como una tacita de plata\" width=\"1272\" height=\"850\" srcset=\"https:\/\/www.medellin.gov.co\/es\/wp-content\/uploads\/2025\/03\/Limpieza-Junin-Parque-Bolivar-2.jpg 1272w, https:\/\/www.medellin.gov.co\/es\/wp-content\/uploads\/2025\/03\/Limpieza-Junin-Parque-Bolivar-2-300x200.jpg 300w, https:\/\/www.medellin.gov.co\/es\/wp-content\/uploads\/2025\/03\/Limpieza-Junin-Parque-Bolivar-2-1024x684.jpg 1024w, https:\/\/www.medellin.gov.co\/es\/wp-content\/uploads\/2025\/03\/Limpieza-Junin-Parque-Bolivar-2-150x100.jpg 150w, https:\/\/www.medellin.gov.co\/es\/wp-content\/uploads\/2025\/03\/Limpieza-Junin-Parque-Bolivar-2-768x513.jpg 768w\" sizes=\"(max-width: 1272px) 100vw, 1272px\" \/><\/a><p id=\"caption-attachment-393244\" class=\"wp-caption-text\">El pasaje Jun\u00edn y el Parque Bol\u00edvar de Medell\u00edn quedaron como una tacita de plata &#8211; Foto Alcald\u00eda de Medell\u00edn<\/p><\/div>\n<p>Durante la jornada, se hizo sensibilizaci\u00f3n a 47 locales comerciales, con actividades de pedagog\u00eda e informaci\u00f3n sobre la correcta disposici\u00f3n y recolecci\u00f3n de los residuos. El objetivo era dejar lugares limpios y agradables para propios y visitantes, como una preparaci\u00f3n para que los sitios patrimoniales, como el pasaje Jun\u00edn y, especialmente, el Parque Bol\u00edvar reciban la Semana Santa.<\/p>\n<p>\u201c<em>Sembrado Limpieza con Amor nos demuestra que s\u00ed es posible sumar esfuerzos para que Medell\u00edn se vea m\u00e1s Limpia. Agradecemos al sector privado, a las personas de la comunidad y a todos los que hicieron posible esta maravillosa jornada<\/em>\u201d, manifest\u00f3 la gerente del Centro y Territorios Estrat\u00e9gicos, Juliana Coral.<\/p>\n\n\t\t<style type=\"text\/css\">\n\t\t\t#gallery-1 {\n\t\t\t\tmargin: auto;\n\t\t\t}\n\t\t\t#gallery-1 .gallery-item {\n\t\t\t\tfloat: left;\n\t\t\t\tmargin-top: 10px;\n\t\t\t\ttext-align: center;\n\t\t\t\twidth: 50%;\n\t\t\t}\n\t\t\t#gallery-1 img {\n\t\t\t\tborder: 2px solid #cfcfcf;\n\t\t\t}\n\t\t\t#gallery-1 .gallery-caption {\n\t\t\t\tmargin-left: 0;\n\t\t\t}\n\t\t\t\/* see gallery_shortcode() in wp-includes\/media.php *\/\n\t\t<\/style>\n\t\t<div id='gallery-1' class='gallery galleryid-393253 gallery-columns-2 gallery-size-full'><dl class='gallery-item'>\n\t\t\t<dt class='gallery-icon landscape'>\n\t\t\t\t<a href='https:\/\/www.medellin.gov.co\/es\/sala-de-prensa\/noticias\/20-parques-de-medellin-tendran-actividades-recreativas-y-de-aprovechamiento-del-tiempo-libre\/limpieza-junin-parque-bolivar-4\/'><img width=\"1272\" height=\"850\" src=\"https:\/\/www.medellin.gov.co\/es\/wp-content\/uploads\/2025\/03\/Limpieza-Junin-Parque-Bolivar-4.jpg\" class=\"attachment-full size-full\" alt=\"El pasaje Jun\u00edn y el Parque Bol\u00edvar de Medell\u00edn quedaron como una tacita de plata\" loading=\"lazy\" aria-describedby=\"gallery-1-393241\" srcset=\"https:\/\/www.medellin.gov.co\/es\/wp-content\/uploads\/2025\/03\/Limpieza-Junin-Parque-Bolivar-4.jpg 1272w, https:\/\/www.medellin.gov.co\/es\/wp-content\/uploads\/2025\/03\/Limpieza-Junin-Parque-Bolivar-4-300x200.jpg 300w, https:\/\/www.medellin.gov.co\/es\/wp-content\/uploads\/2025\/03\/Limpieza-Junin-Parque-Bolivar-4-1024x684.jpg 1024w, https:\/\/www.medellin.gov.co\/es\/wp-content\/uploads\/2025\/03\/Limpieza-Junin-Parque-Bolivar-4-150x100.jpg 150w, https:\/\/www.medellin.gov.co\/es\/wp-content\/uploads\/2025\/03\/Limpieza-Junin-Parque-Bolivar-4-768x513.jpg 768w\" sizes=\"(max-width: 1272px) 100vw, 1272px\" \/><\/a>\n\t\t\t<\/dt>\n\t\t\t\t<dd class='wp-caption-text gallery-caption' id='gallery-1-393241'>\n\t\t\t\tEl pasaje Jun\u00edn y el Parque Bol\u00edvar de Medell\u00edn quedaron como una tacita de plata &#8211; Foto Alcald\u00eda de Medell\u00edn\n\t\t\t\t<\/dd><\/dl><dl class='gallery-item'>\n\t\t\t<dt class='gallery-icon landscape'>\n\t\t\t\t<a href='https:\/\/www.medellin.gov.co\/es\/sala-de-prensa\/noticias\/20-parques-de-medellin-tendran-actividades-recreativas-y-de-aprovechamiento-del-tiempo-libre\/limpieza-junin-parque-bolivar-3\/'><img width=\"1272\" height=\"850\" src=\"https:\/\/www.medellin.gov.co\/es\/wp-content\/uploads\/2025\/03\/Limpieza-Junin-Parque-Bolivar-3.jpg\" class=\"attachment-full size-full\" alt=\"El pasaje Jun\u00edn y el Parque Bol\u00edvar de Medell\u00edn quedaron como una tacita de plata\" loading=\"lazy\" aria-describedby=\"gallery-1-393243\" srcset=\"https:\/\/www.medellin.gov.co\/es\/wp-content\/uploads\/2025\/03\/Limpieza-Junin-Parque-Bolivar-3.jpg 1272w, https:\/\/www.medellin.gov.co\/es\/wp-content\/uploads\/2025\/03\/Limpieza-Junin-Parque-Bolivar-3-300x200.jpg 300w, https:\/\/www.medellin.gov.co\/es\/wp-content\/uploads\/2025\/03\/Limpieza-Junin-Parque-Bolivar-3-1024x684.jpg 1024w, https:\/\/www.medellin.gov.co\/es\/wp-content\/uploads\/2025\/03\/Limpieza-Junin-Parque-Bolivar-3-150x100.jpg 150w, https:\/\/www.medellin.gov.co\/es\/wp-content\/uploads\/2025\/03\/Limpieza-Junin-Parque-Bolivar-3-768x513.jpg 768w\" sizes=\"(max-width: 1272px) 100vw, 1272px\" \/><\/a>\n\t\t\t<\/dt>\n\t\t\t\t<dd class='wp-caption-text gallery-caption' id='gallery-1-393243'>\n\t\t\t\tEl pasaje Jun\u00edn y el Parque Bol\u00edvar de Medell\u00edn quedaron como una tacita de plata &#8211; Foto Alcald\u00eda de Medell\u00edn\n\t\t\t\t<\/dd><\/dl><br style=\"clear: both\" \/>\n\t\t<\/div>\n\n<p>La Alcald\u00eda de Medell\u00edn hace un llamado a propios y visitantes para que se apropien de los espacios, cuidando los lugares que visitan y resaltando la importancia y el compromiso con la ciudad. Esta estrategia, que se est\u00e1 desarrollando cada semana en las comunas 10-La Candelaria y 14-El Poblado, espera replicarse en otros espacios, para continuar con el prop\u00f3sito de conservar la tacita de plata.<\/p>\n<p>\u201c<em>Para nosotros son muy importantes las articulaciones entre lo p\u00fablico y lo privado, para que nuestro entorno est\u00e9 de la mejor manera. Me pareci\u00f3 excelente. Vi mucha gente ayudando y, nosotros, como privados, tambi\u00e9n le metimos la mano. Muy importante que todas las empresas privadas se articulen con la Alcald\u00eda de Medell\u00edn para mantener los espacios p\u00fablicos de la mejor manera<\/em>\u201d, concluy\u00f3 el coordinador de Servicios Generales del Edificio Coltejer, Harold Villegas.<\/p>\n","protected":false},"excerpt":{"rendered":"<p>A la estrategia Sembrando Limpieza con Amor se vincul\u00f3 la empresa privada. 8 de las 51 personas que conformaron el grupo de trabajo eran personas de la comunidad que llegaron de diferentes barrios a ayudar. &#8230;<\/p>\n","protected":false},"author":21,"featured_media":393245,"comment_status":"open","ping_status":"open","sticky":false,"template":"","format":"standard","meta":[],"categories":[23],"tags":[451,622],"formato_nota":[],"programas_tax":[],"acf":[],"_links":{"self":[{"href":"https:\/\/www.medellin.gov.co\/es\/wp-json\/wp\/v2\/posts\/393253"}],"collection":[{"href":"https:\/\/www.medellin.gov.co\/es\/wp-json\/wp\/v2\/posts"}],"about":[{"href":"https:\/\/www.medellin.gov.co\/es\/wp-json\/wp\/v2\/types\/post"}],"author":[{"embeddable":true,"href":"https:\/\/www.medellin.gov.co\/es\/wp-json\/wp\/v2\/users\/21"}],"replies":[{"embeddable":true,"href":"https:\/\/www.medellin.gov.co\/es\/wp-json\/wp\/v2\/comments?post=393253"}],"version-history":[{"count":1,"href":"https:\/\/www.medellin.gov.co\/es\/wp-json\/wp\/v2\/posts\/393253\/revisions"}],"predecessor-version":[{"id":393265,"href":"https:\/\/www.medellin.gov.co\/es\/wp-json\/wp\/v2\/posts\/393253\/revisions\/393265"}],"wp:featuredmedia":[{"embeddable":true,"href":"https:\/\/www.medellin.gov.co\/es\/wp-json\/wp\/v2\/media\/393245"}],"wp:attachment":[{"href":"https:\/\/www.medellin.gov.co\/es\/wp-json\/wp\/v2\/media?parent=393253"}],"wp:term":[{"taxonomy":"category","embeddable":true,"href":"https:\/\/www.medellin.gov.co\/es\/wp-json\/wp\/v2\/categories?post=393253"},{"taxonomy":"post_tag","embeddable":true,"href":"https:\/\/www.medellin.gov.co\/es\/wp-json\/wp\/v2\/tags?post=393253"},{"taxonomy":"formato_nota","embeddable":true,"href":"https:\/\/www.medellin.gov.co\/es\/wp-json\/wp\/v2\/formato_nota?post=393253"},{"taxonomy":"programas_tax","embeddable":true,"href":"https:\/\/www.medellin.gov.co\/es\/wp-json\/wp\/v2\/programas_tax?post=393253"}],"curies":[{"name":"wp","href":"https:\/\/api.w.org\/{rel}","templated":true}]}}