{"id":396381,"date":"2025-03-28T17:09:01","date_gmt":"2025-03-28T22:09:01","guid":{"rendered":"https:\/\/www.medellin.gov.co\/es\/?p=396381"},"modified":"2025-03-28T17:09:01","modified_gmt":"2025-03-28T22:09:01","slug":"el-distrito-dio-apertura-a-las-ferias-de-servicios-catastrales-en-el-corregimiento-san-cristobal","status":"publish","type":"post","link":"https:\/\/www.medellin.gov.co\/es\/sala-de-prensa\/noticias\/el-distrito-dio-apertura-a-las-ferias-de-servicios-catastrales-en-el-corregimiento-san-cristobal\/","title":{"rendered":"El Distrito dio apertura a las Ferias de Servicios Catastrales en el corregimiento San Crist\u00f3bal"},"content":{"rendered":"<ul>\n<li>Para este a\u00f1o, se tienen programadas 10 ferias en las comunas y corregimientos de Medell\u00edn.<\/li>\n<li>Esta estrategia de descentralizaci\u00f3n se realiza desde el a\u00f1o pasado y hace parte del plan de descongesti\u00f3n de tr\u00e1mites trazado por la Administraci\u00f3n Distrital.<\/li>\n<\/ul>\n<!--[if lt IE 9]><script>document.createElement('audio');<\/script><![endif]-->\n\t<div class=\"wp-playlist wp-audio-playlist wp-playlist-light\">\n\t\t\t<div class=\"wp-playlist-current-item\"><\/div>\n\t\t<audio controls=\"controls\" preload=\"none\" width=\"640\"\n\t\t\t><\/audio>\n\t<div class=\"wp-playlist-next\"><\/div>\n\t<div class=\"wp-playlist-prev\"><\/div>\n\t<noscript>\n\t<ol>\n\t\t<li><a href='https:\/\/www.medellin.gov.co\/es\/wp-content\/uploads\/2025\/03\/Audio-Ferias-de-Servicios-Catastrales-San-Cristobal-01.mp3'>Audio Palabras de Jaime Berr\u00edo, subsecretario de Catastro<\/a><\/li><li><a href='https:\/\/www.medellin.gov.co\/es\/wp-content\/uploads\/2025\/03\/Audio-Ferias-de-Servicios-Catastrales-San-Cristobal-02.mp3'>Audio Palabras de Gabriel Jaime, V\u00e9lez beneficiario<\/a><\/li><li><a href='https:\/\/www.medellin.gov.co\/es\/wp-content\/uploads\/2025\/03\/Audio-Ferias-de-Servicios-Catastrales-San-Cristobal-03.mp3'>Audio Palabras de Ruth Estella Ospina, beneficiaria<\/a><\/li>\t<\/ol>\n\t<\/noscript>\n\t<script type=\"application\/json\" class=\"wp-playlist-script\">{\"type\":\"audio\",\"tracklist\":true,\"tracknumbers\":true,\"images\":true,\"artists\":true,\"tracks\":[{\"src\":\"https:\\\/\\\/www.medellin.gov.co\\\/es\\\/wp-content\\\/uploads\\\/2025\\\/03\\\/Audio-Ferias-de-Servicios-Catastrales-San-Cristobal-01.mp3\",\"type\":\"audio\\\/mpeg\",\"title\":\"Audio Palabras de Jaime Berr\\u00edo, subsecretario de Catastro\",\"caption\":\"\",\"description\":\"\\u00abAudio Ferias de Servicios Catastrales San Crist\\u00f3bal 01\\u00bb. G\\u00e9nero: Blues.\",\"meta\":{\"genre\":\"Blues\",\"length_formatted\":\"1:10\"},\"image\":{\"src\":\"https:\\\/\\\/www.medellin.gov.co\\\/es\\\/wp-includes\\\/images\\\/media\\\/audio.png\",\"width\":48,\"height\":64},\"thumb\":{\"src\":\"https:\\\/\\\/www.medellin.gov.co\\\/es\\\/wp-includes\\\/images\\\/media\\\/audio.png\",\"width\":48,\"height\":64}},{\"src\":\"https:\\\/\\\/www.medellin.gov.co\\\/es\\\/wp-content\\\/uploads\\\/2025\\\/03\\\/Audio-Ferias-de-Servicios-Catastrales-San-Cristobal-02.mp3\",\"type\":\"audio\\\/mpeg\",\"title\":\"Audio Palabras de Gabriel Jaime, V\\u00e9lez beneficiario\",\"caption\":\"\",\"description\":\"\\u00abPalabras de Gabriel Jaime, V\\u00e9lez beneficiario\\u00bb.\",\"meta\":{\"genre\":\"Blues\",\"length_formatted\":\"0:39\"},\"image\":{\"src\":\"https:\\\/\\\/www.medellin.gov.co\\\/es\\\/wp-includes\\\/images\\\/media\\\/audio.png\",\"width\":48,\"height\":64},\"thumb\":{\"src\":\"https:\\\/\\\/www.medellin.gov.co\\\/es\\\/wp-includes\\\/images\\\/media\\\/audio.png\",\"width\":48,\"height\":64}},{\"src\":\"https:\\\/\\\/www.medellin.gov.co\\\/es\\\/wp-content\\\/uploads\\\/2025\\\/03\\\/Audio-Ferias-de-Servicios-Catastrales-San-Cristobal-03.mp3\",\"type\":\"audio\\\/mpeg\",\"title\":\"Audio Palabras de Ruth Estella Ospina, beneficiaria\",\"caption\":\"\",\"description\":\"\\u00abPalabras de Ruth Estella Ospina, beneficiaria\\u00bb. \",\"meta\":{\"genre\":\"Blues\",\"length_formatted\":\"0:49\"},\"image\":{\"src\":\"https:\\\/\\\/www.medellin.gov.co\\\/es\\\/wp-includes\\\/images\\\/media\\\/audio.png\",\"width\":48,\"height\":64},\"thumb\":{\"src\":\"https:\\\/\\\/www.medellin.gov.co\\\/es\\\/wp-includes\\\/images\\\/media\\\/audio.png\",\"width\":48,\"height\":64}}]}<\/script>\n<\/div>\n\t\n<p>La Alcald\u00eda de Medell\u00edn inici\u00f3 las Ferias de Servicios Catastrales 2025, con una jornada en el corregimiento San Crist\u00f3bal, donde habitantes de la vereda La Palma accedieron a tr\u00e1mites y asesor\u00eda personalizada, sin necesidad de trasladarse al Centro de la ciudad.<\/p>\n<p>Para este a\u00f1o, se han programado 10 ferias en comunas y corregimientos, con el objetivo de descongestionar la atenci\u00f3n en oficinas y garantizar un servicio m\u00e1s cercano y eficiente para la ciudadan\u00eda.<\/p>\n<div id=\"attachment_396372\" style=\"width: 1289px\" class=\"wp-caption alignnone\"><a href=\"https:\/\/www.medellin.gov.co\/es\/wp-content\/uploads\/2025\/03\/Imagen-Funcionario-Asesora-Ciudadano-2.jpg\" target=\"_blank\" rel=\"noopener\"><img aria-describedby=\"caption-attachment-396372\" loading=\"lazy\" class=\"wp-image-396372 size-full\" src=\"https:\/\/www.medellin.gov.co\/es\/wp-content\/uploads\/2025\/03\/Imagen-Funcionario-Asesora-Ciudadano-2.jpg\" alt=\"El Distrito dio apertura a las Ferias de Servicios Catastrales en el corregimiento San Crist\u00f3bal\" width=\"1279\" height=\"850\" srcset=\"https:\/\/www.medellin.gov.co\/es\/wp-content\/uploads\/2025\/03\/Imagen-Funcionario-Asesora-Ciudadano-2.jpg 1279w, https:\/\/www.medellin.gov.co\/es\/wp-content\/uploads\/2025\/03\/Imagen-Funcionario-Asesora-Ciudadano-2-300x199.jpg 300w, https:\/\/www.medellin.gov.co\/es\/wp-content\/uploads\/2025\/03\/Imagen-Funcionario-Asesora-Ciudadano-2-1024x681.jpg 1024w, https:\/\/www.medellin.gov.co\/es\/wp-content\/uploads\/2025\/03\/Imagen-Funcionario-Asesora-Ciudadano-2-150x100.jpg 150w, https:\/\/www.medellin.gov.co\/es\/wp-content\/uploads\/2025\/03\/Imagen-Funcionario-Asesora-Ciudadano-2-768x510.jpg 768w\" sizes=\"(max-width: 1279px) 100vw, 1279px\" \/><\/a><p id=\"caption-attachment-396372\" class=\"wp-caption-text\">Foto Alcald\u00eda de Medell\u00edn<\/p><\/div>\n<p>Durante la primera jornada, los asistentes recibieron orientaci\u00f3n sobre aval\u00faos, cartograf\u00eda, impuesto predial, compraventa de inmuebles y otros tr\u00e1mites. En varios casos, se lograron soluciones inmediatas a las inquietudes de la comunidad.<\/p>\n<p>El subsecretario de Catastro, Jaime Berr\u00edo, afirm\u00f3: \u201c<em>Tuvimos la oportunidad de interactuar con la comunidad, prest\u00e1ndole los servicios de consulta del estado de sus tr\u00e1mites, revisiones de aval\u00faos y fichas catastrales. Para nosotros es fundamental acercarnos constantemente a la gente y, para eso, hemos dise\u00f1ado, desde el a\u00f1o 2024, lo que hemos dado en llamar el catastro de puertas abiertas<\/em>\u201d.<\/p>\n<p>El a\u00f1o pasado hubo ocho jornadas en las que se resolvieron inquietudes a trav\u00e9s de la asesor\u00eda personalizada y se radicaron diversos tr\u00e1mites.<\/p>\n<div id=\"attachment_396370\" style=\"width: 1290px\" class=\"wp-caption alignnone\"><a href=\"https:\/\/www.medellin.gov.co\/es\/wp-content\/uploads\/2025\/03\/Imagen-Funcionario-Asesora-Ciudadano-3.jpg\" target=\"_blank\" rel=\"noopener\"><img aria-describedby=\"caption-attachment-396370\" loading=\"lazy\" class=\"wp-image-396370 size-full\" src=\"https:\/\/www.medellin.gov.co\/es\/wp-content\/uploads\/2025\/03\/Imagen-Funcionario-Asesora-Ciudadano-3.jpg\" alt=\"El Distrito dio apertura a las Ferias de Servicios Catastrales en el corregimiento San Crist\u00f3bal\" width=\"1280\" height=\"850\" srcset=\"https:\/\/www.medellin.gov.co\/es\/wp-content\/uploads\/2025\/03\/Imagen-Funcionario-Asesora-Ciudadano-3.jpg 1280w, https:\/\/www.medellin.gov.co\/es\/wp-content\/uploads\/2025\/03\/Imagen-Funcionario-Asesora-Ciudadano-3-300x199.jpg 300w, https:\/\/www.medellin.gov.co\/es\/wp-content\/uploads\/2025\/03\/Imagen-Funcionario-Asesora-Ciudadano-3-1024x680.jpg 1024w, https:\/\/www.medellin.gov.co\/es\/wp-content\/uploads\/2025\/03\/Imagen-Funcionario-Asesora-Ciudadano-3-150x100.jpg 150w, https:\/\/www.medellin.gov.co\/es\/wp-content\/uploads\/2025\/03\/Imagen-Funcionario-Asesora-Ciudadano-3-768x510.jpg 768w\" sizes=\"(max-width: 1280px) 100vw, 1280px\" \/><\/a><p id=\"caption-attachment-396370\" class=\"wp-caption-text\">Foto Alcald\u00eda de Medell\u00edn<\/p><\/div>\n<p>Gabriel Jaime V\u00e9lez, habitante del corregimiento, indic\u00f3: \u201cMuchos de nosotros, cuando tenemos alg\u00fan problema en Catastro, no sabemos a d\u00f3nde ir. Nos sentimos muy orgullosos de que, de una, nos resuelven nuestro caso y podamos radicarlo\u201d.<\/p>\n<p>Por su parte, Ruth Estella Ospina, edil de la Junta Administradora Local, expres\u00f3: \u201c<em>Estamos en la vereda La Palma, en la jornada institucional con los servicios de Catastro. Los campesinos y campesinas pueden aprovechar estos tr\u00e1mites sin necesidad de desplazarse al Centro de Medell\u00edn. La idea es poner los servicios en el territorio<\/em>\u201d.<\/p>\n<p>La pr\u00f3xima feria se efectuar\u00e1 en abril en la comuna 9-Buenos Aires. Los ciudadanos recibir\u00e1n orientaci\u00f3n en emisi\u00f3n de fichas catastrales, estado de tr\u00e1mites y radicaci\u00f3n de los mismos.<\/p>\n","protected":false},"excerpt":{"rendered":"<p>Para este a\u00f1o, se tienen programadas 10 ferias en las comunas y corregimientos de Medell\u00edn. Esta estrategia de descentralizaci\u00f3n se realiza desde el a\u00f1o pasado y hace parte del plan de descongesti\u00f3n de tr\u00e1mites trazado &#8230;<\/p>\n","protected":false},"author":21,"featured_media":396373,"comment_status":"open","ping_status":"open","sticky":false,"template":"","format":"standard","meta":[],"categories":[7],"tags":[428,455],"formato_nota":[],"programas_tax":[],"acf":[],"_links":{"self":[{"href":"https:\/\/www.medellin.gov.co\/es\/wp-json\/wp\/v2\/posts\/396381"}],"collection":[{"href":"https:\/\/www.medellin.gov.co\/es\/wp-json\/wp\/v2\/posts"}],"about":[{"href":"https:\/\/www.medellin.gov.co\/es\/wp-json\/wp\/v2\/types\/post"}],"author":[{"embeddable":true,"href":"https:\/\/www.medellin.gov.co\/es\/wp-json\/wp\/v2\/users\/21"}],"replies":[{"embeddable":true,"href":"https:\/\/www.medellin.gov.co\/es\/wp-json\/wp\/v2\/comments?post=396381"}],"version-history":[{"count":1,"href":"https:\/\/www.medellin.gov.co\/es\/wp-json\/wp\/v2\/posts\/396381\/revisions"}],"predecessor-version":[{"id":396384,"href":"https:\/\/www.medellin.gov.co\/es\/wp-json\/wp\/v2\/posts\/396381\/revisions\/396384"}],"wp:featuredmedia":[{"embeddable":true,"href":"https:\/\/www.medellin.gov.co\/es\/wp-json\/wp\/v2\/media\/396373"}],"wp:attachment":[{"href":"https:\/\/www.medellin.gov.co\/es\/wp-json\/wp\/v2\/media?parent=396381"}],"wp:term":[{"taxonomy":"category","embeddable":true,"href":"https:\/\/www.medellin.gov.co\/es\/wp-json\/wp\/v2\/categories?post=396381"},{"taxonomy":"post_tag","embeddable":true,"href":"https:\/\/www.medellin.gov.co\/es\/wp-json\/wp\/v2\/tags?post=396381"},{"taxonomy":"formato_nota","embeddable":true,"href":"https:\/\/www.medellin.gov.co\/es\/wp-json\/wp\/v2\/formato_nota?post=396381"},{"taxonomy":"programas_tax","embeddable":true,"href":"https:\/\/www.medellin.gov.co\/es\/wp-json\/wp\/v2\/programas_tax?post=396381"}],"curies":[{"name":"wp","href":"https:\/\/api.w.org\/{rel}","templated":true}]}}