{"id":396464,"date":"2025-03-29T12:22:16","date_gmt":"2025-03-29T17:22:16","guid":{"rendered":"https:\/\/www.medellin.gov.co\/es\/?p=396464"},"modified":"2025-03-29T12:22:16","modified_gmt":"2025-03-29T17:22:16","slug":"la-alcaldia-de-medellin-intervino-la-quebrada-la-presidenta-en-el-poblado-provenza-retiro-hasta-muebles-colchones-y-llantas","status":"publish","type":"post","link":"https:\/\/www.medellin.gov.co\/es\/sala-de-prensa\/noticias\/la-alcaldia-de-medellin-intervino-la-quebrada-la-presidenta-en-el-poblado-provenza-retiro-hasta-muebles-colchones-y-llantas\/","title":{"rendered":"La Alcald\u00eda de Medell\u00edn intervino la quebrada La Presidenta, en El Poblado, Provenza: retir\u00f3 hasta muebles, colchones y llantas"},"content":{"rendered":"<ul>\n<li>La acci\u00f3n, que hace parte de la estrategia Sembrando Limpieza con Amor, comprendi\u00f3 10.400 metros de los costados de las fuentes h\u00eddricas de la quebrada La Presidenta y Parque Lineal.<\/li>\n<li>Los 40 servidores del Distrito que adelantaron el operativo tambi\u00e9n sacaron del afluente material de construcci\u00f3n, publicidad.<\/li>\n<li>Adem\u00e1s, limpiaron zonas verdes, lavaron 336 metros de pasamanos y repararon mobiliario, entre otras actividades.<\/li>\n<\/ul>\n<p>La Administraci\u00f3n Distrital intervino, durante tres d\u00edas seguidos, 10.400 metros de los costados de la quebrada La Presidenta, en la comuna 14 -El Poblado, con lavado de zonas duras, limpieza de espacios verdes, barrido, pintura de mobiliario y recolecci\u00f3n de residuos, acciones que hacen parte de la estrategia Sembrando Limpieza con Amor.<\/p>\n<p><img loading=\"lazy\" class=\"alignnone size-large wp-image-396469\" src=\"https:\/\/www.medellin.gov.co\/es\/wp-content\/uploads\/2025\/03\/Imagen-funcionaria-barriendo-1024x684.jpg\" alt=\"Imagen funcionaria barriendo\" width=\"1024\" height=\"684\" srcset=\"https:\/\/www.medellin.gov.co\/es\/wp-content\/uploads\/2025\/03\/Imagen-funcionaria-barriendo-1024x684.jpg 1024w, https:\/\/www.medellin.gov.co\/es\/wp-content\/uploads\/2025\/03\/Imagen-funcionaria-barriendo-300x200.jpg 300w, https:\/\/www.medellin.gov.co\/es\/wp-content\/uploads\/2025\/03\/Imagen-funcionaria-barriendo-150x100.jpg 150w, https:\/\/www.medellin.gov.co\/es\/wp-content\/uploads\/2025\/03\/Imagen-funcionaria-barriendo-768x513.jpg 768w, https:\/\/www.medellin.gov.co\/es\/wp-content\/uploads\/2025\/03\/Imagen-funcionaria-barriendo-1536x1026.jpg 1536w, https:\/\/www.medellin.gov.co\/es\/wp-content\/uploads\/2025\/03\/Imagen-funcionaria-barriendo.jpg 1600w\" sizes=\"(max-width: 1024px) 100vw, 1024px\" \/><\/p>\n<p>La intervenci\u00f3n ambiental dej\u00f3 como resultado 2,5 metros c\u00fabicos de material de construcci\u00f3n recogido, 12 de residuos ordinarios, y 1,7 de residuos voluminosos extra\u00eddos. Tambi\u00e9n, 362 metros cuadrados de mobiliarios intervenidos, 118 unidades de publicidad retiradas, y 336 metros de pasamanos lavados.<br \/>\nUna de las mayores alertas que generaron las tres cuadrillas dispuestas para esta actividad, que se realiz\u00f3 entre el pasado mi\u00e9rcoles y ayer viernes, con m\u00e1s de 40 servidores del Distrito, fue la inadecuada disposici\u00f3n de los residuos s\u00f3lidos por parte de la ciudadan\u00eda, especialmente residuos de construcci\u00f3n y elementos de gran tama\u00f1o como muebles, colchones, cajones, llantas, entre otros.<\/p>\n<p><img loading=\"lazy\" class=\"alignnone size-large wp-image-396470\" src=\"https:\/\/www.medellin.gov.co\/es\/wp-content\/uploads\/2025\/03\/Imagen-funcionarois-limpiando-1024x684.jpg\" alt=\"Imagen funcionarois limpiando\" width=\"1024\" height=\"684\" srcset=\"https:\/\/www.medellin.gov.co\/es\/wp-content\/uploads\/2025\/03\/Imagen-funcionarois-limpiando-1024x684.jpg 1024w, https:\/\/www.medellin.gov.co\/es\/wp-content\/uploads\/2025\/03\/Imagen-funcionarois-limpiando-300x200.jpg 300w, https:\/\/www.medellin.gov.co\/es\/wp-content\/uploads\/2025\/03\/Imagen-funcionarois-limpiando-150x100.jpg 150w, https:\/\/www.medellin.gov.co\/es\/wp-content\/uploads\/2025\/03\/Imagen-funcionarois-limpiando-768x513.jpg 768w, https:\/\/www.medellin.gov.co\/es\/wp-content\/uploads\/2025\/03\/Imagen-funcionarois-limpiando-1536x1026.jpg 1536w, https:\/\/www.medellin.gov.co\/es\/wp-content\/uploads\/2025\/03\/Imagen-funcionarois-limpiando.jpg 1600w\" sizes=\"(max-width: 1024px) 100vw, 1024px\" \/><\/p>\n<p>Esta pr\u00e1ctica inadecuada genera la p\u00e9rdida de cobertura vegetal, altera las caracter\u00edsticas f\u00edsicas del suelo y disminuye la calidad del agua. Adem\u00e1s, esto puede generar represamientos en los cauces, lo que podr\u00eda ocasionar emergencias relacionadas con desbordamientos o inundaciones.<\/p>\n<p>La gerente del Centro y Territorios Estrat\u00e9gicos, Juliana Coral, expres\u00f3 que: \u201cpor primera vez se desarroll\u00f3 una jornada de tres d\u00edas seguidos en la estrategia<br \/>\nSembrando Limpieza con Amor, y disponemos de nuestro mayor esfuerzo para que la ciudad est\u00e9 limpia. El alcalde ha hecho llamados para que la comunidad se vincule con el cuidado de los espacios. Encontramos muchos residuos y materiales que perjudican las condiciones del ambiente. Necesitamos implementar acciones verdes que hagan de la ciudad un lugar mejor\u201d.<\/p>\n<p><img loading=\"lazy\" class=\"alignnone size-large wp-image-396471\" src=\"https:\/\/www.medellin.gov.co\/es\/wp-content\/uploads\/2025\/03\/Imagen-funcionaria-limpiando-1024x684.jpg\" alt=\"Imagen funcionaria limpiando\" width=\"1024\" height=\"684\" srcset=\"https:\/\/www.medellin.gov.co\/es\/wp-content\/uploads\/2025\/03\/Imagen-funcionaria-limpiando-1024x684.jpg 1024w, https:\/\/www.medellin.gov.co\/es\/wp-content\/uploads\/2025\/03\/Imagen-funcionaria-limpiando-300x200.jpg 300w, https:\/\/www.medellin.gov.co\/es\/wp-content\/uploads\/2025\/03\/Imagen-funcionaria-limpiando-150x100.jpg 150w, https:\/\/www.medellin.gov.co\/es\/wp-content\/uploads\/2025\/03\/Imagen-funcionaria-limpiando-768x513.jpg 768w, https:\/\/www.medellin.gov.co\/es\/wp-content\/uploads\/2025\/03\/Imagen-funcionaria-limpiando-1536x1026.jpg 1536w, https:\/\/www.medellin.gov.co\/es\/wp-content\/uploads\/2025\/03\/Imagen-funcionaria-limpiando.jpg 1600w\" sizes=\"(max-width: 1024px) 100vw, 1024px\" \/><\/p>\n<p>A esta jornada tambi\u00e9n se vincul\u00f3 la Corporaci\u00f3n Barrio Provenza. Precisamente, una de las comerciantes del sector, Tatiana Rodas, indic\u00f3 que: \u201cestoy muy feliz porque veo que la Alcald\u00eda est\u00e1 interviniendo y aportando a la limpieza del barrio. Esto hace que a los comerciantes nos vaya mejor, porque m\u00e1s turistas visitan el barrio y el comercio pueda crecer\u201d.<\/p>\n<p><img loading=\"lazy\" class=\"alignnone size-large wp-image-396472\" src=\"https:\/\/www.medellin.gov.co\/es\/wp-content\/uploads\/2025\/03\/imagen-funcionario-limpiando-quebrada-1024x684.jpg\" alt=\"imagen funcionario limpiando quebrada\" width=\"1024\" height=\"684\" srcset=\"https:\/\/www.medellin.gov.co\/es\/wp-content\/uploads\/2025\/03\/imagen-funcionario-limpiando-quebrada-1024x684.jpg 1024w, https:\/\/www.medellin.gov.co\/es\/wp-content\/uploads\/2025\/03\/imagen-funcionario-limpiando-quebrada-300x200.jpg 300w, https:\/\/www.medellin.gov.co\/es\/wp-content\/uploads\/2025\/03\/imagen-funcionario-limpiando-quebrada-150x100.jpg 150w, https:\/\/www.medellin.gov.co\/es\/wp-content\/uploads\/2025\/03\/imagen-funcionario-limpiando-quebrada-768x513.jpg 768w, https:\/\/www.medellin.gov.co\/es\/wp-content\/uploads\/2025\/03\/imagen-funcionario-limpiando-quebrada-1536x1026.jpg 1536w, https:\/\/www.medellin.gov.co\/es\/wp-content\/uploads\/2025\/03\/imagen-funcionario-limpiando-quebrada.jpg 1600w\" sizes=\"(max-width: 1024px) 100vw, 1024px\" \/><\/p>\n<p>Desde la Administraci\u00f3n Distrital se hace un llamado a la acci\u00f3n para la preservaci\u00f3n de los espacios p\u00fablicos, la protecci\u00f3n del medio ambiente y el cuidado de la Tacita de Plata, un logro que ser\u00e1 posible si se trabaja en articulaci\u00f3n comunidad e institucionalidad.<\/p>\n","protected":false},"excerpt":{"rendered":"<p>La acci\u00f3n, que hace parte de la estrategia Sembrando Limpieza con Amor, comprendi\u00f3 10.400 metros de los costados de las fuentes h\u00eddricas de la quebrada La Presidenta y Parque Lineal. Los 40 servidores del Distrito &#8230;<\/p>\n","protected":false},"author":97,"featured_media":396467,"comment_status":"open","ping_status":"open","sticky":false,"template":"","format":"standard","meta":[],"categories":[24,23],"tags":[436,442],"formato_nota":[],"programas_tax":[],"acf":[],"_links":{"self":[{"href":"https:\/\/www.medellin.gov.co\/es\/wp-json\/wp\/v2\/posts\/396464"}],"collection":[{"href":"https:\/\/www.medellin.gov.co\/es\/wp-json\/wp\/v2\/posts"}],"about":[{"href":"https:\/\/www.medellin.gov.co\/es\/wp-json\/wp\/v2\/types\/post"}],"author":[{"embeddable":true,"href":"https:\/\/www.medellin.gov.co\/es\/wp-json\/wp\/v2\/users\/97"}],"replies":[{"embeddable":true,"href":"https:\/\/www.medellin.gov.co\/es\/wp-json\/wp\/v2\/comments?post=396464"}],"version-history":[{"count":1,"href":"https:\/\/www.medellin.gov.co\/es\/wp-json\/wp\/v2\/posts\/396464\/revisions"}],"predecessor-version":[{"id":396474,"href":"https:\/\/www.medellin.gov.co\/es\/wp-json\/wp\/v2\/posts\/396464\/revisions\/396474"}],"wp:featuredmedia":[{"embeddable":true,"href":"https:\/\/www.medellin.gov.co\/es\/wp-json\/wp\/v2\/media\/396467"}],"wp:attachment":[{"href":"https:\/\/www.medellin.gov.co\/es\/wp-json\/wp\/v2\/media?parent=396464"}],"wp:term":[{"taxonomy":"category","embeddable":true,"href":"https:\/\/www.medellin.gov.co\/es\/wp-json\/wp\/v2\/categories?post=396464"},{"taxonomy":"post_tag","embeddable":true,"href":"https:\/\/www.medellin.gov.co\/es\/wp-json\/wp\/v2\/tags?post=396464"},{"taxonomy":"formato_nota","embeddable":true,"href":"https:\/\/www.medellin.gov.co\/es\/wp-json\/wp\/v2\/formato_nota?post=396464"},{"taxonomy":"programas_tax","embeddable":true,"href":"https:\/\/www.medellin.gov.co\/es\/wp-json\/wp\/v2\/programas_tax?post=396464"}],"curies":[{"name":"wp","href":"https:\/\/api.w.org\/{rel}","templated":true}]}}