{"id":396477,"date":"2025-03-30T09:12:51","date_gmt":"2025-03-30T14:12:51","guid":{"rendered":"https:\/\/www.medellin.gov.co\/es\/?p=396477"},"modified":"2025-03-30T09:12:51","modified_gmt":"2025-03-30T14:12:51","slug":"medellin-proyecta-recibir-33-millones-de-dolares-por-captar-59-eventos-concretados-por-la-secretaria-de-turismo-y-entretenimiento-en-su-primer-ano","status":"publish","type":"post","link":"https:\/\/www.medellin.gov.co\/es\/sala-de-prensa\/noticias\/medellin-proyecta-recibir-33-millones-de-dolares-por-captar-59-eventos-concretados-por-la-secretaria-de-turismo-y-entretenimiento-en-su-primer-ano\/","title":{"rendered":"Medell\u00edn proyecta recibir 33 millones de d\u00f3lares por captar 59 eventos concretados por la Secretar\u00eda de Turismo y Entretenimiento en su primer a\u00f1o"},"content":{"rendered":"<ul>\n<li>En 2024, a la ciudad ingresaron algo m\u00e1s de 1.800.000 pasajeros, seg\u00fan Migraci\u00f3n Colombia. Esto significa un aumento de 23 %.<\/li>\n<li>960 personas de la cadena tur\u00edstica se han capacitado en aspectos como turismo responsable, prevenci\u00f3n de la Explotaci\u00f3n Sexual y Comercial de Ni\u00f1as, Ni\u00f1os y Adolescentes, y fortalecimiento empresarial.<\/li>\n<\/ul>\n<!--[if lt IE 9]><script>document.createElement('audio');<\/script><![endif]-->\n\t<div class=\"wp-playlist wp-audio-playlist wp-playlist-light\">\n\t\t\t<div class=\"wp-playlist-current-item\"><\/div>\n\t\t<audio controls=\"controls\" preload=\"none\" width=\"640\"\n\t\t\t><\/audio>\n\t<div class=\"wp-playlist-next\"><\/div>\n\t<div class=\"wp-playlist-prev\"><\/div>\n\t<noscript>\n\t<ol>\n\t\t<li><a href='https:\/\/www.medellin.gov.co\/es\/wp-content\/uploads\/2025\/03\/Declaraciones-secretario-de-Turismo-y-Entretenimiento-Jose-Alejandro-Gonzalez..mp3'>Declaraciones secretario de Turismo y Entretenimiento, Jos\u00e9 Alejandro Gonz\u00e1lez.<\/a><\/li>\t<\/ol>\n\t<\/noscript>\n\t<script type=\"application\/json\" class=\"wp-playlist-script\">{\"type\":\"audio\",\"tracklist\":true,\"tracknumbers\":true,\"images\":true,\"artists\":true,\"tracks\":[{\"src\":\"https:\\\/\\\/www.medellin.gov.co\\\/es\\\/wp-content\\\/uploads\\\/2025\\\/03\\\/Declaraciones-secretario-de-Turismo-y-Entretenimiento-Jose-Alejandro-Gonzalez..mp3\",\"type\":\"audio\\\/mpeg\",\"title\":\"Declaraciones secretario de Turismo y Entretenimiento, Jos\\u00e9 Alejandro Gonz\\u00e1lez.\",\"caption\":\"Declaraciones: secretario de Turismo y Entretenimiento, Jos\\u00e9 Alejandro Gonz\\u00e1lez.\",\"description\":\"\\u00abDeclaraciones secretario de Turismo y Entretenimiento, Jos\\u00e9 Alejandro Gonz\\u00e1lez.\\u00bb. Lanzamiento: 2025.\",\"meta\":{\"year\":\"2025\",\"length_formatted\":\"1:15\"},\"image\":{\"src\":\"https:\\\/\\\/www.medellin.gov.co\\\/es\\\/wp-includes\\\/images\\\/media\\\/audio.png\",\"width\":48,\"height\":64},\"thumb\":{\"src\":\"https:\\\/\\\/www.medellin.gov.co\\\/es\\\/wp-includes\\\/images\\\/media\\\/audio.png\",\"width\":48,\"height\":64}}]}<\/script>\n<\/div>\n\t\n<p>La Secretar\u00eda de Turismo y Entretenimiento de Medell\u00edn cumple su primer a\u00f1o de creaci\u00f3n y uno de sus logros m\u00e1s significativos ha sido la captaci\u00f3n de 59 eventos que arrojar\u00e1n para la ciudad un impacto econ\u00f3mico proyectado de 33 millones de d\u00f3lares. El a\u00f1o pasado, solo en la industria de turismo de reuniones, se realizaron 31 eventos, de los cuales 14 dejaron un legado social y sostenible para la capital antioque\u00f1a.<\/p>\n<p><img loading=\"lazy\" class=\"alignnone size-large wp-image-396483\" src=\"https:\/\/www.medellin.gov.co\/es\/wp-content\/uploads\/2025\/03\/Imagen-de-la-entrada-del-Museo-Casa-de-la-Memoria--1024x576.jpg\" alt=\"Imagen de la entrada del Museo Casa de la Memoria\" width=\"1024\" height=\"576\" srcset=\"https:\/\/www.medellin.gov.co\/es\/wp-content\/uploads\/2025\/03\/Imagen-de-la-entrada-del-Museo-Casa-de-la-Memoria--1024x576.jpg 1024w, https:\/\/www.medellin.gov.co\/es\/wp-content\/uploads\/2025\/03\/Imagen-de-la-entrada-del-Museo-Casa-de-la-Memoria--300x169.jpg 300w, https:\/\/www.medellin.gov.co\/es\/wp-content\/uploads\/2025\/03\/Imagen-de-la-entrada-del-Museo-Casa-de-la-Memoria--150x84.jpg 150w, https:\/\/www.medellin.gov.co\/es\/wp-content\/uploads\/2025\/03\/Imagen-de-la-entrada-del-Museo-Casa-de-la-Memoria--768x432.jpg 768w, https:\/\/www.medellin.gov.co\/es\/wp-content\/uploads\/2025\/03\/Imagen-de-la-entrada-del-Museo-Casa-de-la-Memoria-.jpg 1280w\" sizes=\"(max-width: 1024px) 100vw, 1024px\" \/><\/p>\n<p>En cuanto a entretenimiento, el principal avance ha sido la recuperaci\u00f3n de la confianza entre empresarios y el sector p\u00fablico. Tambi\u00e9n, se entreg\u00f3 un primer informe para comprender en qu\u00e9 estado se encuentra ese sector.<\/p>\n<p><img loading=\"lazy\" class=\"alignnone size-large wp-image-396484\" src=\"https:\/\/www.medellin.gov.co\/es\/wp-content\/uploads\/2025\/03\/Imagen-panoramica-Medellin-noche-1024x678.jpg\" alt=\"Imagen panor\u00e1mica Medell\u00edn noche\" width=\"1024\" height=\"678\" srcset=\"https:\/\/www.medellin.gov.co\/es\/wp-content\/uploads\/2025\/03\/Imagen-panoramica-Medellin-noche-1024x678.jpg 1024w, https:\/\/www.medellin.gov.co\/es\/wp-content\/uploads\/2025\/03\/Imagen-panoramica-Medellin-noche-300x199.jpg 300w, https:\/\/www.medellin.gov.co\/es\/wp-content\/uploads\/2025\/03\/Imagen-panoramica-Medellin-noche-150x99.jpg 150w, https:\/\/www.medellin.gov.co\/es\/wp-content\/uploads\/2025\/03\/Imagen-panoramica-Medellin-noche-768x509.jpg 768w, https:\/\/www.medellin.gov.co\/es\/wp-content\/uploads\/2025\/03\/Imagen-panoramica-Medellin-noche-1536x1018.jpg 1536w, https:\/\/www.medellin.gov.co\/es\/wp-content\/uploads\/2025\/03\/Imagen-panoramica-Medellin-noche.jpg 1600w\" sizes=\"(max-width: 1024px) 100vw, 1024px\" \/><\/p>\n<p>El secretario de Turismo y Entretenimiento, Jos\u00e9 Alejandro Gonz\u00e1lez, dijo: \u201cEn 2024 cerramos con un poco m\u00e1s de 1.800.000 pasajeros que llegaron por punto migratorio, de estos 59 % fueron turistas extranjeros, lo que significa que Medell\u00edn sigue estando en la mira del turismo internacional. La ocupaci\u00f3n hotelera cerr\u00f3 en 69 %, mientras que la ocupaci\u00f3n de las viviendas tur\u00edsticas ocup\u00f3 el 49 % al cierre del a\u00f1o. Otro dato es que el 50 % de pasajeros que vienen como turistas lo hacen en familia o en pareja\u201d<\/p>\n<p><img loading=\"lazy\" class=\"alignnone size-large wp-image-396486\" src=\"https:\/\/www.medellin.gov.co\/es\/wp-content\/uploads\/2025\/03\/Imagen-plaza-Botero-Medellin-1024x576.jpg\" alt=\"Imagen plaza Botero Medell\u00edn\" width=\"1024\" height=\"576\" srcset=\"https:\/\/www.medellin.gov.co\/es\/wp-content\/uploads\/2025\/03\/Imagen-plaza-Botero-Medellin-1024x576.jpg 1024w, https:\/\/www.medellin.gov.co\/es\/wp-content\/uploads\/2025\/03\/Imagen-plaza-Botero-Medellin-300x169.jpg 300w, https:\/\/www.medellin.gov.co\/es\/wp-content\/uploads\/2025\/03\/Imagen-plaza-Botero-Medellin-150x84.jpg 150w, https:\/\/www.medellin.gov.co\/es\/wp-content\/uploads\/2025\/03\/Imagen-plaza-Botero-Medellin-768x432.jpg 768w, https:\/\/www.medellin.gov.co\/es\/wp-content\/uploads\/2025\/03\/Imagen-plaza-Botero-Medellin.jpg 1280w\" sizes=\"(max-width: 1024px) 100vw, 1024px\" \/><\/p>\n<p>Unos 394 taxistas se han capacitado en prevenci\u00f3n contra la Explotaci\u00f3n Sexual y Comercial de Ni\u00f1as, Ni\u00f1os y Adolescentes; se han realizado 264 inspecciones a viviendas tur\u00edsticas y 181 a hoteles; 200 guardas de seguridad se han formado en turismo responsable; y 43 conductores de chivas han sido sensibilizados en prevenci\u00f3n y seguridad.<\/p>\n<p>Adem\u00e1s, 245 operadores tur\u00edsticos, l\u00edderes comunitarios, emprendedores y gestores culturales participaron en 27 encuentros de las mesas de turismo comunitario; igualmente, 48 emprendedores del corregimiento San Crist\u00f3bal fortalecieron sus capacidades con el primer proyecto de Presupuesto Participativo en turismo.<\/p>\n<p><img loading=\"lazy\" class=\"alignnone size-large wp-image-396490\" src=\"https:\/\/www.medellin.gov.co\/es\/wp-content\/uploads\/2025\/03\/Imagen-comuna-Medellin-1024x576.jpg\" alt=\"Imagen comuna Medell\u00edn\" width=\"1024\" height=\"576\" srcset=\"https:\/\/www.medellin.gov.co\/es\/wp-content\/uploads\/2025\/03\/Imagen-comuna-Medellin-1024x576.jpg 1024w, https:\/\/www.medellin.gov.co\/es\/wp-content\/uploads\/2025\/03\/Imagen-comuna-Medellin-300x169.jpg 300w, https:\/\/www.medellin.gov.co\/es\/wp-content\/uploads\/2025\/03\/Imagen-comuna-Medellin-150x84.jpg 150w, https:\/\/www.medellin.gov.co\/es\/wp-content\/uploads\/2025\/03\/Imagen-comuna-Medellin-768x432.jpg 768w, https:\/\/www.medellin.gov.co\/es\/wp-content\/uploads\/2025\/03\/Imagen-comuna-Medellin.jpg 1280w\" sizes=\"(max-width: 1024px) 100vw, 1024px\" \/><\/p>\n<p><a href=\"https:\/\/www.turismomde.gov.co\/\" target=\"_blank\" rel=\"noopener\">El Sistema de Inteligencia Tur\u00edstica<\/a> (SIT) report\u00f3 que el a\u00f1o pasado los visitantes no residentes que m\u00e1s llegaron a Medell\u00edn procedieron de Estados Unidos, Panam\u00e1, Argentina, Chile y Puerto Rico. Por su parte, Migraci\u00f3n Colombia inform\u00f3 que 1.843.305 pasajeros ingresaron a la ciudad, lo que significa un aumento de 23 %.<\/p>\n<p><img loading=\"lazy\" class=\"alignnone size-large wp-image-396489\" src=\"https:\/\/www.medellin.gov.co\/es\/wp-content\/uploads\/2025\/03\/Imagen-Silletero-Medellin-1024x680.jpg\" alt=\"Imagen Silletero Medell\u00edn\" width=\"1024\" height=\"680\" srcset=\"https:\/\/www.medellin.gov.co\/es\/wp-content\/uploads\/2025\/03\/Imagen-Silletero-Medellin-1024x680.jpg 1024w, https:\/\/www.medellin.gov.co\/es\/wp-content\/uploads\/2025\/03\/Imagen-Silletero-Medellin-300x199.jpg 300w, https:\/\/www.medellin.gov.co\/es\/wp-content\/uploads\/2025\/03\/Imagen-Silletero-Medellin-150x100.jpg 150w, https:\/\/www.medellin.gov.co\/es\/wp-content\/uploads\/2025\/03\/Imagen-Silletero-Medellin-768x510.jpg 768w, https:\/\/www.medellin.gov.co\/es\/wp-content\/uploads\/2025\/03\/Imagen-Silletero-Medellin-1536x1020.jpg 1536w, https:\/\/www.medellin.gov.co\/es\/wp-content\/uploads\/2025\/03\/Imagen-Silletero-Medellin.jpg 1600w\" sizes=\"(max-width: 1024px) 100vw, 1024px\" \/><\/p>\n<p>Durante 2024, se recuperaron cinco rutas a\u00e9reas a Buenos Aires, Caracas, Guayaquil, San Salvador y S\u00e3o Paulo, y se instal\u00f3 una nueva hacia Houston (Estados Unidos).<\/p>\n","protected":false},"excerpt":{"rendered":"<p>En 2024, a la ciudad ingresaron algo m\u00e1s de 1.800.000 pasajeros, seg\u00fan Migraci\u00f3n Colombia. Esto significa un aumento de 23 %. 960 personas de la cadena tur\u00edstica se han capacitado en aspectos como turismo responsable, &#8230;<\/p>\n","protected":false},"author":97,"featured_media":396480,"comment_status":"open","ping_status":"open","sticky":false,"template":"","format":"standard","meta":[],"categories":[690],"tags":[444,440,430],"formato_nota":[],"programas_tax":[],"acf":[],"_links":{"self":[{"href":"https:\/\/www.medellin.gov.co\/es\/wp-json\/wp\/v2\/posts\/396477"}],"collection":[{"href":"https:\/\/www.medellin.gov.co\/es\/wp-json\/wp\/v2\/posts"}],"about":[{"href":"https:\/\/www.medellin.gov.co\/es\/wp-json\/wp\/v2\/types\/post"}],"author":[{"embeddable":true,"href":"https:\/\/www.medellin.gov.co\/es\/wp-json\/wp\/v2\/users\/97"}],"replies":[{"embeddable":true,"href":"https:\/\/www.medellin.gov.co\/es\/wp-json\/wp\/v2\/comments?post=396477"}],"version-history":[{"count":3,"href":"https:\/\/www.medellin.gov.co\/es\/wp-json\/wp\/v2\/posts\/396477\/revisions"}],"predecessor-version":[{"id":396496,"href":"https:\/\/www.medellin.gov.co\/es\/wp-json\/wp\/v2\/posts\/396477\/revisions\/396496"}],"wp:featuredmedia":[{"embeddable":true,"href":"https:\/\/www.medellin.gov.co\/es\/wp-json\/wp\/v2\/media\/396480"}],"wp:attachment":[{"href":"https:\/\/www.medellin.gov.co\/es\/wp-json\/wp\/v2\/media?parent=396477"}],"wp:term":[{"taxonomy":"category","embeddable":true,"href":"https:\/\/www.medellin.gov.co\/es\/wp-json\/wp\/v2\/categories?post=396477"},{"taxonomy":"post_tag","embeddable":true,"href":"https:\/\/www.medellin.gov.co\/es\/wp-json\/wp\/v2\/tags?post=396477"},{"taxonomy":"formato_nota","embeddable":true,"href":"https:\/\/www.medellin.gov.co\/es\/wp-json\/wp\/v2\/formato_nota?post=396477"},{"taxonomy":"programas_tax","embeddable":true,"href":"https:\/\/www.medellin.gov.co\/es\/wp-json\/wp\/v2\/programas_tax?post=396477"}],"curies":[{"name":"wp","href":"https:\/\/api.w.org\/{rel}","templated":true}]}}