{"id":396497,"date":"2025-03-30T11:53:36","date_gmt":"2025-03-30T16:53:36","guid":{"rendered":"https:\/\/www.medellin.gov.co\/es\/?p=396497"},"modified":"2025-03-30T12:07:22","modified_gmt":"2025-03-30T17:07:22","slug":"con-evento-de-apertura-inician-los-procesos-formativos-de-la-red-de-practicas-artisticas-y-culturales-de-medellin-en-sus-29-anos","status":"publish","type":"post","link":"https:\/\/www.medellin.gov.co\/es\/sala-de-prensa\/noticias\/con-evento-de-apertura-inician-los-procesos-formativos-de-la-red-de-practicas-artisticas-y-culturales-de-medellin-en-sus-29-anos\/","title":{"rendered":"Con evento de apertura, inician los procesos formativos de la Red de Pr\u00e1cticas Art\u00edsticas y Culturales de Medell\u00edn en sus 29 a\u00f1os"},"content":{"rendered":"<ul>\n<li>La red fomenta espacios creativos para la experimentaci\u00f3n, la innovaci\u00f3n, la investigaci\u00f3n y el aprendizaje.<\/li>\n<li>Este proyecto impacta a cerca de 9.000 ni\u00f1as, ni\u00f1os, adolescentes y j\u00f3venes. En 2024, la inversi\u00f3n super\u00f3 los $17.000 millones.<\/li>\n<li>Son 28 Escuelas de M\u00fasica y 134 laboratorios de danza, creaci\u00f3n esc\u00e9nica, audiovisuales y artes pl\u00e1sticas.<\/li>\n<\/ul>\n<!--[if lt IE 9]><script>document.createElement('audio');<\/script><![endif]-->\n\t<div class=\"wp-playlist wp-audio-playlist wp-playlist-light\">\n\t\t\t<div class=\"wp-playlist-current-item\"><\/div>\n\t\t<audio controls=\"controls\" preload=\"none\" width=\"640\"\n\t\t\t><\/audio>\n\t<div class=\"wp-playlist-next\"><\/div>\n\t<div class=\"wp-playlist-prev\"><\/div>\n\t<noscript>\n\t<ol>\n\t\t<li><a href='https:\/\/www.medellin.gov.co\/es\/wp-content\/uploads\/2025\/03\/Declaraciones-secretario-de-Cultura-Ciudadana-Santiago-Silva-Jaramillo..mp3'>Declaraciones secretario de Cultura Ciudadana, Santiago Silva\u00a0Jaramillo.<\/a><\/li><li><a href='https:\/\/www.medellin.gov.co\/es\/wp-content\/uploads\/2025\/03\/Declaraciones-Tomas-Sanchez-Arango-integrante-de-la-red..mp3'>Declaraciones Tom\u00e1s S\u00e1nchez Arango, integrante\u00a0de\u00a0la\u00a0red.<\/a><\/li>\t<\/ol>\n\t<\/noscript>\n\t<script type=\"application\/json\" class=\"wp-playlist-script\">{\"type\":\"audio\",\"tracklist\":true,\"tracknumbers\":true,\"images\":true,\"artists\":true,\"tracks\":[{\"src\":\"https:\\\/\\\/www.medellin.gov.co\\\/es\\\/wp-content\\\/uploads\\\/2025\\\/03\\\/Declaraciones-secretario-de-Cultura-Ciudadana-Santiago-Silva-Jaramillo..mp3\",\"type\":\"audio\\\/mpeg\",\"title\":\"Declaraciones secretario de Cultura Ciudadana, Santiago Silva\\u00a0Jaramillo.\",\"caption\":\"Declaraciones: secretario de Cultura Ciudadana, Santiago Silva\\u00a0Jaramillo.\",\"description\":\"\\u00abDeclaraciones secretario de Cultura Ciudadana, Santiago Silva\\u00a0Jaramillo.\\u00bb. Lanzamiento: 2025.\",\"meta\":{\"year\":\"2025\",\"length_formatted\":\"0:53\"},\"image\":{\"src\":\"https:\\\/\\\/www.medellin.gov.co\\\/es\\\/wp-includes\\\/images\\\/media\\\/audio.png\",\"width\":48,\"height\":64},\"thumb\":{\"src\":\"https:\\\/\\\/www.medellin.gov.co\\\/es\\\/wp-includes\\\/images\\\/media\\\/audio.png\",\"width\":48,\"height\":64}},{\"src\":\"https:\\\/\\\/www.medellin.gov.co\\\/es\\\/wp-content\\\/uploads\\\/2025\\\/03\\\/Declaraciones-Tomas-Sanchez-Arango-integrante-de-la-red..mp3\",\"type\":\"audio\\\/mpeg\",\"title\":\"Declaraciones Tom\\u00e1s S\\u00e1nchez Arango, integrante\\u00a0de\\u00a0la\\u00a0red.\",\"caption\":\"\",\"description\":\"\\u00abDeclaraciones Tom\\u00e1s S\\u00e1nchez Arango, integrante\\u00a0de\\u00a0la\\u00a0red.\\u00bb.\",\"meta\":{\"length_formatted\":\"0:31\"},\"image\":{\"src\":\"https:\\\/\\\/www.medellin.gov.co\\\/es\\\/wp-includes\\\/images\\\/media\\\/audio.png\",\"width\":48,\"height\":64},\"thumb\":{\"src\":\"https:\\\/\\\/www.medellin.gov.co\\\/es\\\/wp-includes\\\/images\\\/media\\\/audio.png\",\"width\":48,\"height\":64}}]}<\/script>\n<\/div>\n\t\n<p>La Red de Pr\u00e1cticas Art\u00edsticas y Culturales dar\u00e1 apertura a la programaci\u00f3n de actividades, que ser\u00e1 presentada oficialmente este mi\u00e9rcoles 2 de abril en el <a href=\"https:\/\/www.comfama.com\/cultura-y-ocio\/claustro\/\" target=\"_blank\" rel=\"noopener\">Patio Teatro del Claustro Comfama de San Ignacio<\/a>. Liderado por la Alcald\u00eda de Medell\u00edn, este proyecto tiene como objetivo fomentar la creatividad, la inclusi\u00f3n y la \u00e9tica ciudadan\u00eda a trav\u00e9s del arte y la cultura.<\/p>\n<p><img loading=\"lazy\" class=\"alignnone wp-image-396505 size-large\" src=\"https:\/\/www.medellin.gov.co\/es\/wp-content\/uploads\/2025\/03\/Imagen-ninas-con-instrumentos-1024x682.jpg\" alt=\"Imagen ni\u00f1as con instrumentos Medell\u00edn\" width=\"1024\" height=\"682\" srcset=\"https:\/\/www.medellin.gov.co\/es\/wp-content\/uploads\/2025\/03\/Imagen-ninas-con-instrumentos-1024x682.jpg 1024w, https:\/\/www.medellin.gov.co\/es\/wp-content\/uploads\/2025\/03\/Imagen-ninas-con-instrumentos-300x200.jpg 300w, https:\/\/www.medellin.gov.co\/es\/wp-content\/uploads\/2025\/03\/Imagen-ninas-con-instrumentos-150x100.jpg 150w, https:\/\/www.medellin.gov.co\/es\/wp-content\/uploads\/2025\/03\/Imagen-ninas-con-instrumentos-768x512.jpg 768w, https:\/\/www.medellin.gov.co\/es\/wp-content\/uploads\/2025\/03\/Imagen-ninas-con-instrumentos-1536x1023.jpg 1536w, https:\/\/www.medellin.gov.co\/es\/wp-content\/uploads\/2025\/03\/Imagen-ninas-con-instrumentos.jpg 1600w\" sizes=\"(max-width: 1024px) 100vw, 1024px\" \/><\/p>\n<p>Al ritmo de tango, teatro, danza y mediaci\u00f3n visual de las artes pl\u00e1sticas y audiovisuales, el acto inaugural integrar\u00e1 a las cinco redes en escena, donde cada una llevar\u00e1 sus propuestas, que evidencian el proceso formativo y art\u00edstico que realizan los estudiantes a\u00f1o tras a\u00f1o.<\/p>\n<p>\u201cLa red no solo forma artistas, sino ciudadanos con valores, con visi\u00f3n de futuro y con el poder de transformar a sus comunidades a trav\u00e9s de la creatividad y la expresi\u00f3n. Cada proceso que nace en estos espacios, fortalece el tejido social y la identidad de Medell\u00edn\u201d, expres\u00f3 el secretario de Cultura Ciudadana, Santiago Silva Jaramillo.<\/p>\n<p>En esta ocasi\u00f3n, la Red de Pr\u00e1cticas Art\u00edsticas y Culturales promete ser un espacio para redescubrir la belleza en lo cotidiano, fortalecer el tejido social y promover el cuidado mutuo desde el arte. Es por eso que impactar\u00e1 a cerca de 9.000 ni\u00f1as, ni\u00f1os, adolescentes y j\u00f3venes para la construcci\u00f3n de valores de paz y convivencia.<\/p>\n<p><img loading=\"lazy\" class=\"alignnone wp-image-396508 size-large\" src=\"https:\/\/www.medellin.gov.co\/es\/wp-content\/uploads\/2025\/03\/Imagen-puesta-en-escena-sombrillas--1024x616.jpg\" alt=\"Imagen puesta en escena sombrillas Medell\u00edn\" width=\"1024\" height=\"616\" srcset=\"https:\/\/www.medellin.gov.co\/es\/wp-content\/uploads\/2025\/03\/Imagen-puesta-en-escena-sombrillas--1024x616.jpg 1024w, https:\/\/www.medellin.gov.co\/es\/wp-content\/uploads\/2025\/03\/Imagen-puesta-en-escena-sombrillas--300x181.jpg 300w, https:\/\/www.medellin.gov.co\/es\/wp-content\/uploads\/2025\/03\/Imagen-puesta-en-escena-sombrillas--150x90.jpg 150w, https:\/\/www.medellin.gov.co\/es\/wp-content\/uploads\/2025\/03\/Imagen-puesta-en-escena-sombrillas--768x462.jpg 768w, https:\/\/www.medellin.gov.co\/es\/wp-content\/uploads\/2025\/03\/Imagen-puesta-en-escena-sombrillas--1536x924.jpg 1536w, https:\/\/www.medellin.gov.co\/es\/wp-content\/uploads\/2025\/03\/Imagen-puesta-en-escena-sombrillas-.jpg 1600w\" sizes=\"(max-width: 1024px) 100vw, 1024px\" \/><\/p>\n<p>Desde hace 29 a\u00f1os, este proyecto del Distrito ha sido un motor de transformaci\u00f3n social. Es as\u00ed como desde abril, se dar\u00e1 inicio con las actividades para 2025, que contar\u00e1n con la participaci\u00f3n de las 28 Escuelas de M\u00fasica y 134 laboratorios de danza, creaci\u00f3n esc\u00e9nica, audiovisuales y artes pl\u00e1sticas. Estas iniciativas vinculan\u00a0330 colaboradores, entre coordinadores, gestores, artistas formadores y otros.<\/p>\n<p>Tom\u00e1s S\u00e1nchez Arango, un joven de 17 a\u00f1os, quien desde los 11 a\u00f1os hace parte de la red, dice que ha avanzado en su formaci\u00f3n musical al punto que ya pertenece a una orquesta integrada.<\/p>\n<p><img loading=\"lazy\" class=\"alignnone wp-image-396511 size-large\" src=\"https:\/\/www.medellin.gov.co\/es\/wp-content\/uploads\/2025\/03\/Imagen-puesta-en-escena-2-1024x621.jpg\" alt=\"Imagen puesta en escena Medell\u00edn\" width=\"1024\" height=\"621\" srcset=\"https:\/\/www.medellin.gov.co\/es\/wp-content\/uploads\/2025\/03\/Imagen-puesta-en-escena-2-1024x621.jpg 1024w, https:\/\/www.medellin.gov.co\/es\/wp-content\/uploads\/2025\/03\/Imagen-puesta-en-escena-2-300x182.jpg 300w, https:\/\/www.medellin.gov.co\/es\/wp-content\/uploads\/2025\/03\/Imagen-puesta-en-escena-2-150x91.jpg 150w, https:\/\/www.medellin.gov.co\/es\/wp-content\/uploads\/2025\/03\/Imagen-puesta-en-escena-2-768x466.jpg 768w, https:\/\/www.medellin.gov.co\/es\/wp-content\/uploads\/2025\/03\/Imagen-puesta-en-escena-2-1536x931.jpg 1536w, https:\/\/www.medellin.gov.co\/es\/wp-content\/uploads\/2025\/03\/Imagen-puesta-en-escena-2.jpg 1600w\" sizes=\"(max-width: 1024px) 100vw, 1024px\" \/><\/p>\n<p>\u201cPara m\u00ed, la red significa todo en esta vida. Yo me la paso aqu\u00ed; es como mi segunda casa. Estoy desde los seis a\u00f1os y ser\u00eda una experiencia que volver\u00eda a repetir mil veces\u201d, dijo el participante de la Red de M\u00fasicas de Medell\u00edn.<\/p>\n<p>Con casi tres d\u00e9cadas, la Red de Pr\u00e1cticas Art\u00edsticas y Culturales se ha convertido en espacio para potenciar el talento e influir en el desarrollo personal de los participantes, consolid\u00e1ndose como un laboratorio de vida y motor de cambio.<\/p>\n<p><img loading=\"lazy\" class=\"alignnone size-large wp-image-396512\" src=\"https:\/\/www.medellin.gov.co\/es\/wp-content\/uploads\/2025\/03\/Imagen-nino-y-mama-grafiti-1024x682.jpg\" alt=\"Imagen ni\u00f1o y mam\u00e1 grafiti\" width=\"1024\" height=\"682\" srcset=\"https:\/\/www.medellin.gov.co\/es\/wp-content\/uploads\/2025\/03\/Imagen-nino-y-mama-grafiti-1024x682.jpg 1024w, https:\/\/www.medellin.gov.co\/es\/wp-content\/uploads\/2025\/03\/Imagen-nino-y-mama-grafiti-300x200.jpg 300w, https:\/\/www.medellin.gov.co\/es\/wp-content\/uploads\/2025\/03\/Imagen-nino-y-mama-grafiti-150x100.jpg 150w, https:\/\/www.medellin.gov.co\/es\/wp-content\/uploads\/2025\/03\/Imagen-nino-y-mama-grafiti-768x512.jpg 768w, https:\/\/www.medellin.gov.co\/es\/wp-content\/uploads\/2025\/03\/Imagen-nino-y-mama-grafiti-1536x1023.jpg 1536w, https:\/\/www.medellin.gov.co\/es\/wp-content\/uploads\/2025\/03\/Imagen-nino-y-mama-grafiti.jpg 1600w\" sizes=\"(max-width: 1024px) 100vw, 1024px\" \/><\/p>\n<p>Durante 2024, el Distrito tuvo una inversi\u00f3n que super\u00f3 los $17.000 millones en este proyecto, beneficiando a los habitantes de las 16 comunas y los cinco corregimientos, para promover la cultura ciudadana y la convivencia, la participaci\u00f3n social y el disfrute de los derechos culturales.<\/p>\n<p>Para m\u00e1s informaci\u00f3n sobre los procesos y toda la programaci\u00f3n, los interesados pueden escribir al correo movilizacionredpracticasac@medellin.gov.co, <a href=\"http:\/\/www.medellin.gov.co\" target=\"_blank\" rel=\"noopener\">www.medellin.gov.co<\/a> o seguir las redes sociales de <a href=\"https:\/\/www.instagram.com\/cultura.med\/?hl=es\" target=\"_blank\" rel=\"noopener\">@cultura.med<\/a><\/p>\n","protected":false},"excerpt":{"rendered":"<p>La red fomenta espacios creativos para la experimentaci\u00f3n, la innovaci\u00f3n, la investigaci\u00f3n y el aprendizaje. Este proyecto impacta a cerca de 9.000 ni\u00f1as, ni\u00f1os, adolescentes y j\u00f3venes. En 2024, la inversi\u00f3n super\u00f3 los $17.000 millones. &#8230;<\/p>\n","protected":false},"author":97,"featured_media":396503,"comment_status":"open","ping_status":"open","sticky":false,"template":"","format":"standard","meta":[],"categories":[31],"tags":[444,450],"formato_nota":[],"programas_tax":[],"acf":[],"_links":{"self":[{"href":"https:\/\/www.medellin.gov.co\/es\/wp-json\/wp\/v2\/posts\/396497"}],"collection":[{"href":"https:\/\/www.medellin.gov.co\/es\/wp-json\/wp\/v2\/posts"}],"about":[{"href":"https:\/\/www.medellin.gov.co\/es\/wp-json\/wp\/v2\/types\/post"}],"author":[{"embeddable":true,"href":"https:\/\/www.medellin.gov.co\/es\/wp-json\/wp\/v2\/users\/97"}],"replies":[{"embeddable":true,"href":"https:\/\/www.medellin.gov.co\/es\/wp-json\/wp\/v2\/comments?post=396497"}],"version-history":[{"count":3,"href":"https:\/\/www.medellin.gov.co\/es\/wp-json\/wp\/v2\/posts\/396497\/revisions"}],"predecessor-version":[{"id":396519,"href":"https:\/\/www.medellin.gov.co\/es\/wp-json\/wp\/v2\/posts\/396497\/revisions\/396519"}],"wp:featuredmedia":[{"embeddable":true,"href":"https:\/\/www.medellin.gov.co\/es\/wp-json\/wp\/v2\/media\/396503"}],"wp:attachment":[{"href":"https:\/\/www.medellin.gov.co\/es\/wp-json\/wp\/v2\/media?parent=396497"}],"wp:term":[{"taxonomy":"category","embeddable":true,"href":"https:\/\/www.medellin.gov.co\/es\/wp-json\/wp\/v2\/categories?post=396497"},{"taxonomy":"post_tag","embeddable":true,"href":"https:\/\/www.medellin.gov.co\/es\/wp-json\/wp\/v2\/tags?post=396497"},{"taxonomy":"formato_nota","embeddable":true,"href":"https:\/\/www.medellin.gov.co\/es\/wp-json\/wp\/v2\/formato_nota?post=396497"},{"taxonomy":"programas_tax","embeddable":true,"href":"https:\/\/www.medellin.gov.co\/es\/wp-json\/wp\/v2\/programas_tax?post=396497"}],"curies":[{"name":"wp","href":"https:\/\/api.w.org\/{rel}","templated":true}]}}