{"id":396839,"date":"2025-04-10T10:00:24","date_gmt":"2025-04-10T15:00:24","guid":{"rendered":"https:\/\/www.medellin.gov.co\/es\/?p=396839"},"modified":"2025-04-11T12:49:59","modified_gmt":"2025-04-11T17:49:59","slug":"la-cancha-el-calvario-volvio-a-ser-el-parche-del-barrio-campo-valdes-de-medellin","status":"publish","type":"post","link":"https:\/\/www.medellin.gov.co\/es\/sala-de-prensa\/noticias\/la-cancha-el-calvario-volvio-a-ser-el-parche-del-barrio-campo-valdes-de-medellin\/","title":{"rendered":"La cancha El Calvario volvi\u00f3 a ser el parche del barrio Campo Vald\u00e9s de Medell\u00edn"},"content":{"rendered":"<blockquote><p>Con una inversi\u00f3n de 387 millones de pesos renovamos la cancha de microf\u00fatbol El Calvario, referente del barrio Campo Vald\u00e9s, en el nororiente de Medell\u00edn. L\u00edderes deportivos y sociales de la zona aplaudieron la intervenci\u00f3n de este escenario que queda justo al frente del templo de la parroquia El Calvario. <em><strong>Se aproxima la Semana Santa y esta parroquia es un s\u00edmbolo de las celebraciones cat\u00f3licas en la ciudad. Te invitamos a conocer la agenda programada para estas fechas.<\/strong><\/em><\/p><\/blockquote>\n<p>Felipe juega en la cancha El Calvario desde que era un ni\u00f1o. Ten\u00eda cinco a\u00f1os y all\u00ed organizaba con amigos sus primeros picados. <em>\u201cLa malla era bajita, a veces el bal\u00f3n se iba y corra a recogerlo. Nos ten\u00edan que sacar a balonazos\u201d,<\/em> recuerda el l\u00edder deportivo esta ma\u00f1ana de lunes, sentado en una banca del parque del barrio <a href=\"https:\/\/www.waze.com\/es\/live-map\/directions\/co\/antioquia\/medellin\/campo-valdes?to=place.ChIJUSgrPdEoRI4REERK54z0GtE\" target=\"_blank\" rel=\"noopener\">Campo Vald\u00e9s<\/a> de la comuna cuatro (Aranjuez), nororiente de Medell\u00edn.<\/p>\n<p><div class=\"iframe-container\"><iframe title=\"YouTube video player\" src=\"https:\/\/www.youtube.com\/embed\/EAmzHX7HqXk?si=MJKouQk_4cV16Mws\" width=\"100%\" height=\"315\" frameborder=\"0\" allowfullscreen=\"allowfullscreen\"><span data-mce-type=\"bookmark\" style=\"display: inline-block; width: 0px; overflow: hidden; line-height: 0;\" class=\"mce_SELRES_start\">\ufeff<\/span><\/iframe><\/div><\/p>\n<h5>Felipe Bedoya, l\u00edder deportivo de Campo Vald\u00e9s. Video grabado durante la obra de renovaci\u00f3n de la cancha El Calvario.<\/h5>\n<p>Est\u00e1 a pocos metros de la cancha de microf\u00fatbol, un referente del barrio. El parque, gran zona de encuentro, re\u00fane varios espacios en los que vibra la vida en comunidad: el templo de la parroquia El Calvario, conocido en la ciudad especialmente por las celebraciones de Semana Santa; las canchas de micro y baloncesto, el parque infantil y las bancas y mesas en las que conversan y juegan parqu\u00e9s los amigos. Todo, entre las carreras 48A y 49 y las calles 77 y 78.<\/p>\n\n\t\t<style type=\"text\/css\">\n\t\t\t#gallery-1 {\n\t\t\t\tmargin: auto;\n\t\t\t}\n\t\t\t#gallery-1 .gallery-item {\n\t\t\t\tfloat: left;\n\t\t\t\tmargin-top: 10px;\n\t\t\t\ttext-align: center;\n\t\t\t\twidth: 33%;\n\t\t\t}\n\t\t\t#gallery-1 img {\n\t\t\t\tborder: 2px solid #cfcfcf;\n\t\t\t}\n\t\t\t#gallery-1 .gallery-caption {\n\t\t\t\tmargin-left: 0;\n\t\t\t}\n\t\t\t\/* see gallery_shortcode() in wp-includes\/media.php *\/\n\t\t<\/style>\n\t\t<div id='gallery-1' class='gallery galleryid-396839 gallery-columns-3 gallery-size-full'><dl class='gallery-item'>\n\t\t\t<dt class='gallery-icon landscape'>\n\t\t\t\t<a href='https:\/\/www.medellin.gov.co\/es\/sala-de-prensa\/noticias\/la-cancha-el-calvario-volvio-a-ser-el-parche-del-barrio-campo-valdes-de-medellin\/imagen-de-la-parraquia-tomada-por-dron\/'><img width=\"948\" height=\"768\" src=\"https:\/\/www.medellin.gov.co\/es\/wp-content\/uploads\/2025\/04\/Imagen-de-la-Parraquia-tomada-por-dron.jpg\" class=\"attachment-full size-full\" alt=\"Imagen de la Parroquia tomada por dron\" loading=\"lazy\" srcset=\"https:\/\/www.medellin.gov.co\/es\/wp-content\/uploads\/2025\/04\/Imagen-de-la-Parraquia-tomada-por-dron.jpg 948w, https:\/\/www.medellin.gov.co\/es\/wp-content\/uploads\/2025\/04\/Imagen-de-la-Parraquia-tomada-por-dron-300x243.jpg 300w, https:\/\/www.medellin.gov.co\/es\/wp-content\/uploads\/2025\/04\/Imagen-de-la-Parraquia-tomada-por-dron-150x122.jpg 150w, https:\/\/www.medellin.gov.co\/es\/wp-content\/uploads\/2025\/04\/Imagen-de-la-Parraquia-tomada-por-dron-768x622.jpg 768w\" sizes=\"(max-width: 948px) 100vw, 948px\" \/><\/a>\n\t\t\t<\/dt><\/dl><dl class='gallery-item'>\n\t\t\t<dt class='gallery-icon landscape'>\n\t\t\t\t<a href='https:\/\/www.medellin.gov.co\/es\/sala-de-prensa\/noticias\/la-cancha-el-calvario-volvio-a-ser-el-parche-del-barrio-campo-valdes-de-medellin\/imagen-del-parque-el-calvario\/'><img width=\"1024\" height=\"768\" src=\"https:\/\/www.medellin.gov.co\/es\/wp-content\/uploads\/2025\/04\/imagen-del-Parque-El-Calvario.jpg\" class=\"attachment-full size-full\" alt=\"\" loading=\"lazy\" aria-describedby=\"gallery-1-396944\" srcset=\"https:\/\/www.medellin.gov.co\/es\/wp-content\/uploads\/2025\/04\/imagen-del-Parque-El-Calvario.jpg 1024w, https:\/\/www.medellin.gov.co\/es\/wp-content\/uploads\/2025\/04\/imagen-del-Parque-El-Calvario-300x225.jpg 300w, https:\/\/www.medellin.gov.co\/es\/wp-content\/uploads\/2025\/04\/imagen-del-Parque-El-Calvario-150x113.jpg 150w, https:\/\/www.medellin.gov.co\/es\/wp-content\/uploads\/2025\/04\/imagen-del-Parque-El-Calvario-768x576.jpg 768w\" sizes=\"(max-width: 1024px) 100vw, 1024px\" \/><\/a>\n\t\t\t<\/dt>\n\t\t\t\t<dd class='wp-caption-text gallery-caption' id='gallery-1-396944'>\n\t\t\t\tIglesia El Calvario y otros espacios del parque de Campo Vald\u00e9s\n\t\t\t\t<\/dd><\/dl><dl class='gallery-item'>\n\t\t\t<dt class='gallery-icon landscape'>\n\t\t\t\t<a href='https:\/\/www.medellin.gov.co\/es\/sala-de-prensa\/noticias\/la-cancha-el-calvario-volvio-a-ser-el-parche-del-barrio-campo-valdes-de-medellin\/imagen-de-la-policia-en-la-cancha-el-calvario\/'><img width=\"1024\" height=\"768\" src=\"https:\/\/www.medellin.gov.co\/es\/wp-content\/uploads\/2025\/04\/Imagen-de-la-Policia-en-la-cancha-El-Calvario.jpg\" class=\"attachment-full size-full\" alt=\"Imagen de la Policia en la cancha El Calvario\" loading=\"lazy\" srcset=\"https:\/\/www.medellin.gov.co\/es\/wp-content\/uploads\/2025\/04\/Imagen-de-la-Policia-en-la-cancha-El-Calvario.jpg 1024w, https:\/\/www.medellin.gov.co\/es\/wp-content\/uploads\/2025\/04\/Imagen-de-la-Policia-en-la-cancha-El-Calvario-300x225.jpg 300w, https:\/\/www.medellin.gov.co\/es\/wp-content\/uploads\/2025\/04\/Imagen-de-la-Policia-en-la-cancha-El-Calvario-150x113.jpg 150w, https:\/\/www.medellin.gov.co\/es\/wp-content\/uploads\/2025\/04\/Imagen-de-la-Policia-en-la-cancha-El-Calvario-768x576.jpg 768w\" sizes=\"(max-width: 1024px) 100vw, 1024px\" \/><\/a>\n\t\t\t<\/dt><\/dl><br style=\"clear: both\" \/>\n\t\t<\/div>\n\n<p>La cancha de microf\u00fatbol es el parche para ni\u00f1os, j\u00f3venes y adultos. Los jugadores suelen ocuparla todas las noches, de 8:00 p. m. a 1:00 a. m. Luis Felipe Bedoya Zabala, el l\u00edder deportivo, tiene 27 a\u00f1os y siempre ha vivido en Campo Vald\u00e9s. Desde chiquito juega micro en la cancha El Calvario.<\/p>\n\n\t\t<style type=\"text\/css\">\n\t\t\t#gallery-2 {\n\t\t\t\tmargin: auto;\n\t\t\t}\n\t\t\t#gallery-2 .gallery-item {\n\t\t\t\tfloat: left;\n\t\t\t\tmargin-top: 10px;\n\t\t\t\ttext-align: center;\n\t\t\t\twidth: 50%;\n\t\t\t}\n\t\t\t#gallery-2 img {\n\t\t\t\tborder: 2px solid #cfcfcf;\n\t\t\t}\n\t\t\t#gallery-2 .gallery-caption {\n\t\t\t\tmargin-left: 0;\n\t\t\t}\n\t\t\t\/* see gallery_shortcode() in wp-includes\/media.php *\/\n\t\t<\/style>\n\t\t<div id='gallery-2' class='gallery galleryid-396839 gallery-columns-2 gallery-size-full'><dl class='gallery-item'>\n\t\t\t<dt class='gallery-icon landscape'>\n\t\t\t\t<a href='https:\/\/www.medellin.gov.co\/es\/sala-de-prensa\/noticias\/la-cancha-el-calvario-volvio-a-ser-el-parche-del-barrio-campo-valdes-de-medellin\/imagen-felipe-cancha-el-calvario\/'><img width=\"1024\" height=\"768\" src=\"https:\/\/www.medellin.gov.co\/es\/wp-content\/uploads\/2025\/04\/imagen-Felipe-Cancha-El-Calvario.jpg\" class=\"attachment-full size-full\" alt=\"imagen Felipe Cancha El Calvario\" loading=\"lazy\" aria-describedby=\"gallery-2-396945\" srcset=\"https:\/\/www.medellin.gov.co\/es\/wp-content\/uploads\/2025\/04\/imagen-Felipe-Cancha-El-Calvario.jpg 1024w, https:\/\/www.medellin.gov.co\/es\/wp-content\/uploads\/2025\/04\/imagen-Felipe-Cancha-El-Calvario-300x225.jpg 300w, https:\/\/www.medellin.gov.co\/es\/wp-content\/uploads\/2025\/04\/imagen-Felipe-Cancha-El-Calvario-150x113.jpg 150w, https:\/\/www.medellin.gov.co\/es\/wp-content\/uploads\/2025\/04\/imagen-Felipe-Cancha-El-Calvario-768x576.jpg 768w\" sizes=\"(max-width: 1024px) 100vw, 1024px\" \/><\/a>\n\t\t\t<\/dt>\n\t\t\t\t<dd class='wp-caption-text gallery-caption' id='gallery-2-396945'>\n\t\t\t\tFelipe Bedoya, l\u00edder deportivo de Campo Vald\u00e9s, en la cancha El Calvario durante la obra de renovaci\u00f3n de este escenario.\n\t\t\t\t<\/dd><\/dl><dl class='gallery-item'>\n\t\t\t<dt class='gallery-icon landscape'>\n\t\t\t\t<a href='https:\/\/www.medellin.gov.co\/es\/sala-de-prensa\/noticias\/la-cancha-el-calvario-volvio-a-ser-el-parche-del-barrio-campo-valdes-de-medellin\/imagen-panoramica-de-la-cancha\/'><img width=\"1024\" height=\"768\" src=\"https:\/\/www.medellin.gov.co\/es\/wp-content\/uploads\/2025\/04\/imagen-panoramica-de-la-cancha.jpg\" class=\"attachment-full size-full\" alt=\"\" loading=\"lazy\" srcset=\"https:\/\/www.medellin.gov.co\/es\/wp-content\/uploads\/2025\/04\/imagen-panoramica-de-la-cancha.jpg 1024w, https:\/\/www.medellin.gov.co\/es\/wp-content\/uploads\/2025\/04\/imagen-panoramica-de-la-cancha-300x225.jpg 300w, https:\/\/www.medellin.gov.co\/es\/wp-content\/uploads\/2025\/04\/imagen-panoramica-de-la-cancha-150x113.jpg 150w, https:\/\/www.medellin.gov.co\/es\/wp-content\/uploads\/2025\/04\/imagen-panoramica-de-la-cancha-768x576.jpg 768w\" sizes=\"(max-width: 1024px) 100vw, 1024px\" \/><\/a>\n\t\t\t<\/dt><\/dl><br style=\"clear: both\" \/>\n\t\t<\/div>\n\n<p>Los domingos en la ma\u00f1ana hac\u00edan relevos. Era el espacio para los parceros y para instituciones, porque Felipe, que se gradu\u00f3 de bachiller en la Instituci\u00f3n Educativa Alfonso Mora Naranjo -aleda\u00f1a al parque-, cuenta que hace a\u00f1os, varias pr\u00e1cticas de Educaci\u00f3n F\u00edsica del colegio ten\u00edan lugar en esta cancha.<\/p>\n<h4><strong>M\u00e1s de 13 000 beneficiarios<\/strong><\/h4>\n<p>Se fue deteriorando. <em>\u201cTen\u00eda mucho desnivel. La zona detr\u00e1s del arco era estrecha, hab\u00eda una humedad y a veces se doblaban el pie ah\u00ed\u201d,<\/em> dice Felipe, quien jug\u00f3 en la Liga Antioque\u00f1a de F\u00fatbol como defensor central hasta que tuvo una lesi\u00f3n y se retir\u00f3. Es t\u00e9cnico en deporte y recreaci\u00f3n, trabaja en masoterapia y ya juega de arquero en su equipo de micro, que agrupa a 10 muchachos de entre 19 y 30 a\u00f1os.<\/p>\n\n\t\t<style type=\"text\/css\">\n\t\t\t#gallery-3 {\n\t\t\t\tmargin: auto;\n\t\t\t}\n\t\t\t#gallery-3 .gallery-item {\n\t\t\t\tfloat: left;\n\t\t\t\tmargin-top: 10px;\n\t\t\t\ttext-align: center;\n\t\t\t\twidth: 33%;\n\t\t\t}\n\t\t\t#gallery-3 img {\n\t\t\t\tborder: 2px solid #cfcfcf;\n\t\t\t}\n\t\t\t#gallery-3 .gallery-caption {\n\t\t\t\tmargin-left: 0;\n\t\t\t}\n\t\t\t\/* see gallery_shortcode() in wp-includes\/media.php *\/\n\t\t<\/style>\n\t\t<div id='gallery-3' class='gallery galleryid-396839 gallery-columns-3 gallery-size-full'><dl class='gallery-item'>\n\t\t\t<dt class='gallery-icon landscape'>\n\t\t\t\t<a href='https:\/\/www.medellin.gov.co\/es\/sala-de-prensa\/noticias\/la-cancha-el-calvario-volvio-a-ser-el-parche-del-barrio-campo-valdes-de-medellin\/imagen-cancha-calvario-antes-1\/'><img width=\"1024\" height=\"682\" src=\"https:\/\/www.medellin.gov.co\/es\/wp-content\/uploads\/2025\/04\/Imagen-cancha-Calvario-antes-1.jpg\" class=\"attachment-full size-full\" alt=\"Imagen cancha Calvario antes 1\" loading=\"lazy\" aria-describedby=\"gallery-3-396950\" srcset=\"https:\/\/www.medellin.gov.co\/es\/wp-content\/uploads\/2025\/04\/Imagen-cancha-Calvario-antes-1.jpg 1024w, https:\/\/www.medellin.gov.co\/es\/wp-content\/uploads\/2025\/04\/Imagen-cancha-Calvario-antes-1-300x200.jpg 300w, https:\/\/www.medellin.gov.co\/es\/wp-content\/uploads\/2025\/04\/Imagen-cancha-Calvario-antes-1-150x100.jpg 150w, https:\/\/www.medellin.gov.co\/es\/wp-content\/uploads\/2025\/04\/Imagen-cancha-Calvario-antes-1-768x512.jpg 768w\" sizes=\"(max-width: 1024px) 100vw, 1024px\" \/><\/a>\n\t\t\t<\/dt>\n\t\t\t\t<dd class='wp-caption-text gallery-caption' id='gallery-3-396950'>\n\t\t\t\tCancha El Calvario antes de la obra de renovaci\u00f3n que ejecutamos mediante el Inder.\n\t\t\t\t<\/dd><\/dl><dl class='gallery-item'>\n\t\t\t<dt class='gallery-icon landscape'>\n\t\t\t\t<a href='https:\/\/www.medellin.gov.co\/es\/sala-de-prensa\/noticias\/la-cancha-el-calvario-volvio-a-ser-el-parche-del-barrio-campo-valdes-de-medellin\/imagen-cancha-calvario-antes-2\/'><img width=\"1024\" height=\"682\" src=\"https:\/\/www.medellin.gov.co\/es\/wp-content\/uploads\/2025\/04\/imagen-cancha-Calvario-antes-2.jpg\" class=\"attachment-full size-full\" alt=\"imagen cancha Calvario antes 2\" loading=\"lazy\" srcset=\"https:\/\/www.medellin.gov.co\/es\/wp-content\/uploads\/2025\/04\/imagen-cancha-Calvario-antes-2.jpg 1024w, https:\/\/www.medellin.gov.co\/es\/wp-content\/uploads\/2025\/04\/imagen-cancha-Calvario-antes-2-300x200.jpg 300w, https:\/\/www.medellin.gov.co\/es\/wp-content\/uploads\/2025\/04\/imagen-cancha-Calvario-antes-2-150x100.jpg 150w, https:\/\/www.medellin.gov.co\/es\/wp-content\/uploads\/2025\/04\/imagen-cancha-Calvario-antes-2-768x512.jpg 768w\" sizes=\"(max-width: 1024px) 100vw, 1024px\" \/><\/a>\n\t\t\t<\/dt><\/dl><dl class='gallery-item'>\n\t\t\t<dt class='gallery-icon landscape'>\n\t\t\t\t<a href='https:\/\/www.medellin.gov.co\/es\/sala-de-prensa\/noticias\/la-cancha-el-calvario-volvio-a-ser-el-parche-del-barrio-campo-valdes-de-medellin\/imagen-cancha-calvario-antes-3\/'><img width=\"1024\" height=\"682\" src=\"https:\/\/www.medellin.gov.co\/es\/wp-content\/uploads\/2025\/04\/Imagen-cancha-Calvario-antes-3.jpg\" class=\"attachment-full size-full\" alt=\"\" loading=\"lazy\" srcset=\"https:\/\/www.medellin.gov.co\/es\/wp-content\/uploads\/2025\/04\/Imagen-cancha-Calvario-antes-3.jpg 1024w, https:\/\/www.medellin.gov.co\/es\/wp-content\/uploads\/2025\/04\/Imagen-cancha-Calvario-antes-3-300x200.jpg 300w, https:\/\/www.medellin.gov.co\/es\/wp-content\/uploads\/2025\/04\/Imagen-cancha-Calvario-antes-3-150x100.jpg 150w, https:\/\/www.medellin.gov.co\/es\/wp-content\/uploads\/2025\/04\/Imagen-cancha-Calvario-antes-3-768x512.jpg 768w\" sizes=\"(max-width: 1024px) 100vw, 1024px\" \/><\/a>\n\t\t\t<\/dt><\/dl><br style=\"clear: both\" \/>\n\t\t<\/div>\n\n<p>Recuerda que la cancha fue cerrada desde finales de diciembre de 2024 para los trabajos de renovaci\u00f3n que ejecutamos mediante el Instituto de Deportes y Recreaci\u00f3n de Medell\u00edn (Inder) y que terminaron a finales de marzo de 2025.<\/p>\n\n\t\t<style type=\"text\/css\">\n\t\t\t#gallery-4 {\n\t\t\t\tmargin: auto;\n\t\t\t}\n\t\t\t#gallery-4 .gallery-item {\n\t\t\t\tfloat: left;\n\t\t\t\tmargin-top: 10px;\n\t\t\t\ttext-align: center;\n\t\t\t\twidth: 33%;\n\t\t\t}\n\t\t\t#gallery-4 img {\n\t\t\t\tborder: 2px solid #cfcfcf;\n\t\t\t}\n\t\t\t#gallery-4 .gallery-caption {\n\t\t\t\tmargin-left: 0;\n\t\t\t}\n\t\t\t\/* see gallery_shortcode() in wp-includes\/media.php *\/\n\t\t<\/style>\n\t\t<div id='gallery-4' class='gallery galleryid-396839 gallery-columns-3 gallery-size-full'><dl class='gallery-item'>\n\t\t\t<dt class='gallery-icon landscape'>\n\t\t\t\t<a href='https:\/\/www.medellin.gov.co\/es\/sala-de-prensa\/noticias\/la-cancha-el-calvario-volvio-a-ser-el-parche-del-barrio-campo-valdes-de-medellin\/imagen-de-la-esquina-de-la-cancha-nueva\/'><img width=\"1024\" height=\"768\" src=\"https:\/\/www.medellin.gov.co\/es\/wp-content\/uploads\/2025\/04\/imagen-de-la-esquina-de-la-Cancha-nueva.jpg\" class=\"attachment-full size-full\" alt=\"imagen de la esquina de la Cancha nueva\" loading=\"lazy\" aria-describedby=\"gallery-4-396955\" srcset=\"https:\/\/www.medellin.gov.co\/es\/wp-content\/uploads\/2025\/04\/imagen-de-la-esquina-de-la-Cancha-nueva.jpg 1024w, https:\/\/www.medellin.gov.co\/es\/wp-content\/uploads\/2025\/04\/imagen-de-la-esquina-de-la-Cancha-nueva-300x225.jpg 300w, https:\/\/www.medellin.gov.co\/es\/wp-content\/uploads\/2025\/04\/imagen-de-la-esquina-de-la-Cancha-nueva-150x113.jpg 150w, https:\/\/www.medellin.gov.co\/es\/wp-content\/uploads\/2025\/04\/imagen-de-la-esquina-de-la-Cancha-nueva-768x576.jpg 768w\" sizes=\"(max-width: 1024px) 100vw, 1024px\" \/><\/a>\n\t\t\t<\/dt>\n\t\t\t\t<dd class='wp-caption-text gallery-caption' id='gallery-4-396955'>\n\t\t\t\tCancha El Calvario durante la obra de renovaci\u00f3n.\n\t\t\t\t<\/dd><\/dl><dl class='gallery-item'>\n\t\t\t<dt class='gallery-icon landscape'>\n\t\t\t\t<a href='https:\/\/www.medellin.gov.co\/es\/sala-de-prensa\/noticias\/la-cancha-el-calvario-volvio-a-ser-el-parche-del-barrio-campo-valdes-de-medellin\/imagen-de-la-malla-de-la-cancha\/'><img width=\"1024\" height=\"768\" src=\"https:\/\/www.medellin.gov.co\/es\/wp-content\/uploads\/2025\/04\/imagen-de-la-Malla-de-la-Cancha.jpg\" class=\"attachment-full size-full\" alt=\"imagen de la Malla de la Cancha\" loading=\"lazy\" srcset=\"https:\/\/www.medellin.gov.co\/es\/wp-content\/uploads\/2025\/04\/imagen-de-la-Malla-de-la-Cancha.jpg 1024w, https:\/\/www.medellin.gov.co\/es\/wp-content\/uploads\/2025\/04\/imagen-de-la-Malla-de-la-Cancha-300x225.jpg 300w, https:\/\/www.medellin.gov.co\/es\/wp-content\/uploads\/2025\/04\/imagen-de-la-Malla-de-la-Cancha-150x113.jpg 150w, https:\/\/www.medellin.gov.co\/es\/wp-content\/uploads\/2025\/04\/imagen-de-la-Malla-de-la-Cancha-768x576.jpg 768w\" sizes=\"(max-width: 1024px) 100vw, 1024px\" \/><\/a>\n\t\t\t<\/dt><\/dl><dl class='gallery-item'>\n\t\t\t<dt class='gallery-icon landscape'>\n\t\t\t\t<a href='https:\/\/www.medellin.gov.co\/es\/sala-de-prensa\/noticias\/la-cancha-el-calvario-volvio-a-ser-el-parche-del-barrio-campo-valdes-de-medellin\/imagen-funcionario-barriendo-la-cancha\/'><img width=\"1024\" height=\"816\" src=\"https:\/\/www.medellin.gov.co\/es\/wp-content\/uploads\/2025\/04\/imagen-funcionario-barriendo-la-cancha.jpg\" class=\"attachment-full size-full\" alt=\"\" loading=\"lazy\" srcset=\"https:\/\/www.medellin.gov.co\/es\/wp-content\/uploads\/2025\/04\/imagen-funcionario-barriendo-la-cancha.jpg 1024w, https:\/\/www.medellin.gov.co\/es\/wp-content\/uploads\/2025\/04\/imagen-funcionario-barriendo-la-cancha-300x239.jpg 300w, https:\/\/www.medellin.gov.co\/es\/wp-content\/uploads\/2025\/04\/imagen-funcionario-barriendo-la-cancha-150x120.jpg 150w, https:\/\/www.medellin.gov.co\/es\/wp-content\/uploads\/2025\/04\/imagen-funcionario-barriendo-la-cancha-768x612.jpg 768w\" sizes=\"(max-width: 1024px) 100vw, 1024px\" \/><\/a>\n\t\t\t<\/dt><\/dl><br style=\"clear: both\" \/>\n\t\t<\/div>\n\n<p>Con una inversi\u00f3n de 387 millones de pesos, reparamos el concreto, las mallas del cerramiento, pintamos y demarcamos la superficie de juego e implementamos trabajos en muros, gradas, equipamientos, drenajes y zonas verdes. 2105 metros cuadrados intervenidos para el beneficio de m\u00e1s de 13 000 personas.<\/p>\n<p>La cancha de microf\u00fatbol El Calvario es parte de los 282 espacios deportivos que proyectamos renovar este a\u00f1o mediante el Plan 282 \u2013 25. En el Plan de Desarrollo Medell\u00edn Te Quiere 2024 \u2013 2027 buscamos intervenir 700 escenarios deportivos durante el cuatrienio.<\/p>\n\n\t\t<style type=\"text\/css\">\n\t\t\t#gallery-5 {\n\t\t\t\tmargin: auto;\n\t\t\t}\n\t\t\t#gallery-5 .gallery-item {\n\t\t\t\tfloat: left;\n\t\t\t\tmargin-top: 10px;\n\t\t\t\ttext-align: center;\n\t\t\t\twidth: 33%;\n\t\t\t}\n\t\t\t#gallery-5 img {\n\t\t\t\tborder: 2px solid #cfcfcf;\n\t\t\t}\n\t\t\t#gallery-5 .gallery-caption {\n\t\t\t\tmargin-left: 0;\n\t\t\t}\n\t\t\t\/* see gallery_shortcode() in wp-includes\/media.php *\/\n\t\t<\/style>\n\t\t<div id='gallery-5' class='gallery galleryid-396839 gallery-columns-3 gallery-size-full'><dl class='gallery-item'>\n\t\t\t<dt class='gallery-icon landscape'>\n\t\t\t\t<a href='https:\/\/www.medellin.gov.co\/es\/sala-de-prensa\/noticias\/la-cancha-el-calvario-volvio-a-ser-el-parche-del-barrio-campo-valdes-de-medellin\/imagen-de-la-cancha-el-clavario-nueva-1\/'><img width=\"1024\" height=\"682\" src=\"https:\/\/www.medellin.gov.co\/es\/wp-content\/uploads\/2025\/04\/Imagen-de-la-cancha-El-Clavario-nueva-1.jpg\" class=\"attachment-full size-full\" alt=\"Imagen de la cancha El Clavario nueva 1\" loading=\"lazy\" aria-describedby=\"gallery-5-396959\" srcset=\"https:\/\/www.medellin.gov.co\/es\/wp-content\/uploads\/2025\/04\/Imagen-de-la-cancha-El-Clavario-nueva-1.jpg 1024w, https:\/\/www.medellin.gov.co\/es\/wp-content\/uploads\/2025\/04\/Imagen-de-la-cancha-El-Clavario-nueva-1-300x200.jpg 300w, https:\/\/www.medellin.gov.co\/es\/wp-content\/uploads\/2025\/04\/Imagen-de-la-cancha-El-Clavario-nueva-1-150x100.jpg 150w, https:\/\/www.medellin.gov.co\/es\/wp-content\/uploads\/2025\/04\/Imagen-de-la-cancha-El-Clavario-nueva-1-768x512.jpg 768w\" sizes=\"(max-width: 1024px) 100vw, 1024px\" \/><\/a>\n\t\t\t<\/dt>\n\t\t\t\t<dd class='wp-caption-text gallery-caption' id='gallery-5-396959'>\n\t\t\t\tCancha de microf\u00fatbol El Calvario, ya con la obra de renovaci\u00f3n culminada.\n\t\t\t\t<\/dd><\/dl><dl class='gallery-item'>\n\t\t\t<dt class='gallery-icon landscape'>\n\t\t\t\t<a href='https:\/\/www.medellin.gov.co\/es\/sala-de-prensa\/noticias\/la-cancha-el-calvario-volvio-a-ser-el-parche-del-barrio-campo-valdes-de-medellin\/imagen-de-la-cancha-el-clavario-nueva-2\/'><img width=\"1024\" height=\"682\" src=\"https:\/\/www.medellin.gov.co\/es\/wp-content\/uploads\/2025\/04\/Imagen-de-la-cancha-El-Clavario-nueva-2.jpg\" class=\"attachment-full size-full\" alt=\"Imagen de la cancha El Clavario nueva 2\" loading=\"lazy\" srcset=\"https:\/\/www.medellin.gov.co\/es\/wp-content\/uploads\/2025\/04\/Imagen-de-la-cancha-El-Clavario-nueva-2.jpg 1024w, https:\/\/www.medellin.gov.co\/es\/wp-content\/uploads\/2025\/04\/Imagen-de-la-cancha-El-Clavario-nueva-2-300x200.jpg 300w, https:\/\/www.medellin.gov.co\/es\/wp-content\/uploads\/2025\/04\/Imagen-de-la-cancha-El-Clavario-nueva-2-150x100.jpg 150w, https:\/\/www.medellin.gov.co\/es\/wp-content\/uploads\/2025\/04\/Imagen-de-la-cancha-El-Clavario-nueva-2-768x512.jpg 768w\" sizes=\"(max-width: 1024px) 100vw, 1024px\" \/><\/a>\n\t\t\t<\/dt><\/dl><dl class='gallery-item'>\n\t\t\t<dt class='gallery-icon landscape'>\n\t\t\t\t<a href='https:\/\/www.medellin.gov.co\/es\/sala-de-prensa\/noticias\/la-cancha-el-calvario-volvio-a-ser-el-parche-del-barrio-campo-valdes-de-medellin\/imagen-de-la-cancha-el-clavario-nueva-3\/'><img width=\"1024\" height=\"682\" src=\"https:\/\/www.medellin.gov.co\/es\/wp-content\/uploads\/2025\/04\/Imagen-de-la-cancha-El-Clavario-nueva-3.jpg\" class=\"attachment-full size-full\" alt=\"\" loading=\"lazy\" srcset=\"https:\/\/www.medellin.gov.co\/es\/wp-content\/uploads\/2025\/04\/Imagen-de-la-cancha-El-Clavario-nueva-3.jpg 1024w, https:\/\/www.medellin.gov.co\/es\/wp-content\/uploads\/2025\/04\/Imagen-de-la-cancha-El-Clavario-nueva-3-300x200.jpg 300w, https:\/\/www.medellin.gov.co\/es\/wp-content\/uploads\/2025\/04\/Imagen-de-la-cancha-El-Clavario-nueva-3-150x100.jpg 150w, https:\/\/www.medellin.gov.co\/es\/wp-content\/uploads\/2025\/04\/Imagen-de-la-cancha-El-Clavario-nueva-3-768x512.jpg 768w\" sizes=\"(max-width: 1024px) 100vw, 1024px\" \/><\/a>\n\t\t\t<\/dt><\/dl><br style=\"clear: both\" \/>\n\t\t<\/div>\n\n<p>En relaci\u00f3n con las entregas que venimos haciendo de los renovados escenarios, el alcalde, Federico Guti\u00e9rrez Zuluaga, afirma: <em>\u201cPara m\u00ed lo mejor es ver a la comunidad feliz disfrutando de estos espacios. Esto es de todos. Yo me sue\u00f1o que tengamos m\u00e1s escenarios deportivos\u201d.<\/em><\/p>\n<h4><strong>Un cl\u00e1sico entre hinchas<\/strong><\/h4>\n<p>Felipe Bedoya, el l\u00edder deportivo, considera que es necesario que todos los ciudadanos cuiden estos espacios. Es hincha de Nacional, trabaja como secretario del despacho de la parroquia San Jos\u00e9 La Cima, ubicada en la comuna tres (Manrique) -nororiente de la capital antioque\u00f1a-, y est\u00e1 contento con el mejoramiento de la cancha, al punto de que \u00e9l y otros j\u00f3venes quieren jugar ah\u00ed un partido entre hinchas de Medell\u00edn y Nacional y as\u00ed celebrar con un gesto que muestre la paz en la que conviven seguidores de los dos clubes profesionales de la ciudad.<\/p>\n<p>Stiven Agudelo, hincha del Medell\u00edn, ha vivido sus 38 a\u00f1os en Campo Vald\u00e9s y, de ellos, los \u00faltimos 13 ha organizado el torneo de microf\u00fatbol de la Rexixtenxia Norte 1998, la barra m\u00e1s conocida del Poderoso. La sede del torneo es la cancha El Calvario; compiten 48 equipos y cada uno inscribe 12 jugadores. Llegan de muchos barrios de la ciudad y de otros municipios del Valle de Aburr\u00e1 e incluso de Marinilla, Oriente antioque\u00f1o.<\/p>\n<p><div class=\"iframe-container\"><iframe title=\"YouTube video player\" src=\"https:\/\/www.youtube.com\/embed\/POj_9DYrZTw?si=dhqDVbwEJstW24LW\" width=\"100%\" height=\"315\" frameborder=\"0\" allowfullscreen=\"allowfullscreen\"><span data-mce-type=\"bookmark\" style=\"display: inline-block; width: 0px; overflow: hidden; line-height: 0;\" class=\"mce_SELRES_start\">\ufeff<\/span><\/iframe><\/div><\/p>\n<h5>Stiven Agudelo, l\u00edder del parche Campo Valdex de la barra Rexixtenxia Norte 1998. Video grabado durante la obra de renovaci\u00f3n de la cancha El Calvario.<\/h5>\n<p>Stiven, instructor salvavidas en piscinas, detalla acerca del campeonato:<em> \u201cLo empezamos en la cancha de la estaci\u00f3n Estadio, luego en el barrio Florida Nueva, despu\u00e9s en Carlos E. Restrepo\u201d. <\/em>Finalmente, aterriz\u00f3 en el parque de Campo Vald\u00e9s. <em>\u201cPintamos de rojo y azul varios elementos del parque, porque es un lugar tradicional para la hinchada del Medell\u00edn\u201d, <\/em>explica el hombre, l\u00edder del parche Campo Valdex de la Rexixtenxia que, por ver jugar a su equipo, ha visitado varios estadios de Colombia y Suram\u00e9rica.<\/p>\n<div id=\"attachment_396963\" style=\"width: 1034px\" class=\"wp-caption alignnone\"><img aria-describedby=\"caption-attachment-396963\" loading=\"lazy\" class=\"size-full wp-image-396963\" src=\"https:\/\/www.medellin.gov.co\/es\/wp-content\/uploads\/2025\/04\/imagen-Stiven-en-la-cancha-El-Calvario.jpg\" alt=\"imagen Stiven en la cancha El Calvario\" width=\"1024\" height=\"768\" srcset=\"https:\/\/www.medellin.gov.co\/es\/wp-content\/uploads\/2025\/04\/imagen-Stiven-en-la-cancha-El-Calvario.jpg 1024w, https:\/\/www.medellin.gov.co\/es\/wp-content\/uploads\/2025\/04\/imagen-Stiven-en-la-cancha-El-Calvario-300x225.jpg 300w, https:\/\/www.medellin.gov.co\/es\/wp-content\/uploads\/2025\/04\/imagen-Stiven-en-la-cancha-El-Calvario-150x113.jpg 150w, https:\/\/www.medellin.gov.co\/es\/wp-content\/uploads\/2025\/04\/imagen-Stiven-en-la-cancha-El-Calvario-768x576.jpg 768w\" sizes=\"(max-width: 1024px) 100vw, 1024px\" \/><p id=\"caption-attachment-396963\" class=\"wp-caption-text\">Stiven Agudelo, l\u00edder del parche Campo Valdex de la barra Rexixtenxia Norte 1998. Foto tomada durante la obra de renovaci\u00f3n de la cancha El Calvario.<\/p><\/div>\n<p>Mientras la cancha El Calvario estuvo cerrada, el torneo entr\u00f3 en un receso. Ya est\u00e1 abierta de nuevo, as\u00ed que los integrantes de la Rexixtenxia podr\u00e1n continuar con su campeonato, adem\u00e1s de organizar el partido contra hinchas de Nacional que, afirma Stiven, efectivamente est\u00e1 en los planes.<\/p>\n<h4><strong>Centralidad<\/strong><\/h4>\n<p>Esta ma\u00f1ana soleada de lunes, en la iglesia El Calvario transcurren unas exequias. Afuera, en las bancas ubicadas arriba de la cancha, est\u00e1 Stiven con camiseta de la selecci\u00f3n argentina. Al otro lado de la mesa acompa\u00f1a la conversaci\u00f3n Santiago \u00c1vila Higuita, agente de pastoral de la parroquia.<\/p>\n<div id=\"attachment_396965\" style=\"width: 1034px\" class=\"wp-caption alignnone\"><img aria-describedby=\"caption-attachment-396965\" loading=\"lazy\" class=\"size-full wp-image-396965\" src=\"https:\/\/www.medellin.gov.co\/es\/wp-content\/uploads\/2025\/04\/Imagen-Templo-el-Calvario.jpg\" alt=\"Imagen Templo el Calvario\" width=\"1024\" height=\"768\" srcset=\"https:\/\/www.medellin.gov.co\/es\/wp-content\/uploads\/2025\/04\/Imagen-Templo-el-Calvario.jpg 1024w, https:\/\/www.medellin.gov.co\/es\/wp-content\/uploads\/2025\/04\/Imagen-Templo-el-Calvario-300x225.jpg 300w, https:\/\/www.medellin.gov.co\/es\/wp-content\/uploads\/2025\/04\/Imagen-Templo-el-Calvario-150x113.jpg 150w, https:\/\/www.medellin.gov.co\/es\/wp-content\/uploads\/2025\/04\/Imagen-Templo-el-Calvario-768x576.jpg 768w\" sizes=\"(max-width: 1024px) 100vw, 1024px\" \/><p id=\"caption-attachment-396965\" class=\"wp-caption-text\">Templo de la parroquia El Calvario del barrio Campo Vald\u00e9s de Medell\u00edn.<\/p><\/div>\n<p><em>\u201cLa importancia de la cancha es su centralidad, que sea un entorno protector\u201d,<\/em> apunta Santiago, que con solo 22 a\u00f1os es un l\u00edder social del barrio. Estudia ciencia pol\u00edtica en la Universidad de Antioquia y desde que ten\u00eda cuatro a\u00f1os es servidor de la parroquia. Fue monaguillo, catequista y coordinador de grupos juveniles. Estuvo varios a\u00f1os en el Seminario Mayor de Medell\u00edn y piensa volver a seguir con sus estudios, porque quiere ser sacerdote.<\/p>\n<p><div class=\"iframe-container\"><iframe title=\"YouTube video player\" src=\"https:\/\/www.youtube.com\/embed\/qZs6JSFnaQo?si=70_xeqzkn79Iq1Zu\" width=\"100%\" height=\"315\" frameborder=\"0\" allowfullscreen=\"allowfullscreen\"><span data-mce-type=\"bookmark\" style=\"display: inline-block; width: 0px; overflow: hidden; line-height: 0;\" class=\"mce_SELRES_start\">\ufeff<\/span><\/iframe><\/div><\/p>\n<h5>Santiago \u00c1vila, agente de pastoral de la parroquia El Calvario.<\/h5>\n<p>La parroquia El Calvario informa que el templo fue construido desde 1937 hasta 1941 <em>\u201cy comenz\u00f3 su vida sacramental en 1942\u201d. <\/em>En 1993 fue declarado monumento nacional.<\/p>\n<div id=\"attachment_396967\" style=\"width: 1034px\" class=\"wp-caption alignnone\"><img aria-describedby=\"caption-attachment-396967\" loading=\"lazy\" class=\"size-full wp-image-396967\" src=\"https:\/\/www.medellin.gov.co\/es\/wp-content\/uploads\/2025\/04\/imagen-Altar-Parroquia-Calvario-adelante.jpg\" alt=\"imagen Altar Parroquia Calvario adelante\" width=\"1024\" height=\"768\" srcset=\"https:\/\/www.medellin.gov.co\/es\/wp-content\/uploads\/2025\/04\/imagen-Altar-Parroquia-Calvario-adelante.jpg 1024w, https:\/\/www.medellin.gov.co\/es\/wp-content\/uploads\/2025\/04\/imagen-Altar-Parroquia-Calvario-adelante-300x225.jpg 300w, https:\/\/www.medellin.gov.co\/es\/wp-content\/uploads\/2025\/04\/imagen-Altar-Parroquia-Calvario-adelante-150x113.jpg 150w, https:\/\/www.medellin.gov.co\/es\/wp-content\/uploads\/2025\/04\/imagen-Altar-Parroquia-Calvario-adelante-768x576.jpg 768w\" sizes=\"(max-width: 1024px) 100vw, 1024px\" \/><p id=\"caption-attachment-396967\" class=\"wp-caption-text\">Templo de la parroquia El Calvario, declarado monumento nacional en 1993.<\/p><\/div>\n<h4><strong>Semana Santa en El Calvario<\/strong><\/h4>\n<p>Sentado en el parque, Santiago mira uno de los muros laterales de la iglesia y describe: <em>\u201cEste material es adobe cocido\u201d,<\/em> y cuenta que desde la zona en la que hoy queda la Terminal del Norte se hac\u00edan filas y los integrantes se iban pasando los adobes hasta acercarlos al sitio donde estaban construyendo el templo. La obra <em>\u201cse pag\u00f3 con empanadas\u201d,<\/em> apunta el joven y resalta el tes\u00f3n de los feligreses para sacar adelante la edificaci\u00f3n.<\/p>\n<p>Explica que El Calvario es madre de otras parroquias del nororiente de la ciudad, como la del Santo Sepulcro y San Antonio Mar\u00eda Claret. Es muy representativa para los cat\u00f3licos de Medell\u00edn y su entorno, y m\u00e1s en esta \u00e9poca, cuando se aproxima la Semana Santa.<\/p>\n<div id=\"attachment_396969\" style=\"width: 1034px\" class=\"wp-caption alignnone\"><img aria-describedby=\"caption-attachment-396969\" loading=\"lazy\" class=\"size-full wp-image-396969\" src=\"https:\/\/www.medellin.gov.co\/es\/wp-content\/uploads\/2025\/04\/Imagen-de-Santiago-en-primer-plano.jpg\" alt=\"Imagen de Santiago en primer plano\" width=\"1024\" height=\"768\" srcset=\"https:\/\/www.medellin.gov.co\/es\/wp-content\/uploads\/2025\/04\/Imagen-de-Santiago-en-primer-plano.jpg 1024w, https:\/\/www.medellin.gov.co\/es\/wp-content\/uploads\/2025\/04\/Imagen-de-Santiago-en-primer-plano-300x225.jpg 300w, https:\/\/www.medellin.gov.co\/es\/wp-content\/uploads\/2025\/04\/Imagen-de-Santiago-en-primer-plano-150x113.jpg 150w, https:\/\/www.medellin.gov.co\/es\/wp-content\/uploads\/2025\/04\/Imagen-de-Santiago-en-primer-plano-768x576.jpg 768w\" sizes=\"(max-width: 1024px) 100vw, 1024px\" \/><p id=\"caption-attachment-396969\" class=\"wp-caption-text\">Santiago \u00c1vila Higuita, agente de pastoral de la parroquia El Calvario.<\/p><\/div>\n<p>Santiago estima que en una celebraci\u00f3n en el templo de El Calvario se congregan m\u00e1s de mil feligreses y en una procesi\u00f3n la multitud llena unas cuatro cuadras: <em>\u201cSon r\u00edos de personas. En Semana Santa viene mucha gente de Campo Vald\u00e9s y de otros barrios y municipios\u201d<\/em>.<\/p>\n<p>Una particularidad all\u00ed es que, a partir del Domingo de Ramos, hay procesiones todos los d\u00edas de la Semana Santa. De acuerdo con Santiago, para este reconocimiento de la Semana Mayor en El Calvario han sido muy importantes la labor de la Cofrad\u00eda Pasionista, un grupo de m\u00e1s de 70 personas, entre j\u00f3venes y adultos, que durante todo el a\u00f1o apoyan las actividades de la parroquia, y las im\u00e1genes: <em>\u201cTenemos im\u00e1genes \u00fanicas por su riqueza art\u00edstica\u201d.<\/em><\/p>\n<h4><strong>Programaci\u00f3n<\/strong><\/h4>\n<p>Esta es la programaci\u00f3n de la parroquia El Calvario para la Semana Santa de 2025:<\/p>\n<p><strong>Domingo de Ramos \u2013 13 de abril<\/strong><\/p>\n<p>Eucarist\u00edas: 7:00 a. m. \/ 8:00 a. m. \/ 12:00 m. \/ 5:00 p. m. \/ 6:00 p. m. \/ 7:00 p. m.<\/p>\n<p>11:00 a. m. Bendici\u00f3n y procesi\u00f3n de ramos. Empieza en la carrera 46 con calle 73, sigue derecho por la carrera 46 hasta la calle 72, baja hasta la carrera 48A y gira en sentido norte hasta el templo.<\/p>\n<div id=\"attachment_396972\" style=\"width: 1034px\" class=\"wp-caption alignnone\"><img aria-describedby=\"caption-attachment-396972\" loading=\"lazy\" class=\"size-full wp-image-396972\" src=\"https:\/\/www.medellin.gov.co\/es\/wp-content\/uploads\/2025\/04\/imagen-de-los-mandamientos.jpg\" alt=\"imagen de los mandamientos\" width=\"1024\" height=\"768\" srcset=\"https:\/\/www.medellin.gov.co\/es\/wp-content\/uploads\/2025\/04\/imagen-de-los-mandamientos.jpg 1024w, https:\/\/www.medellin.gov.co\/es\/wp-content\/uploads\/2025\/04\/imagen-de-los-mandamientos-300x225.jpg 300w, https:\/\/www.medellin.gov.co\/es\/wp-content\/uploads\/2025\/04\/imagen-de-los-mandamientos-150x113.jpg 150w, https:\/\/www.medellin.gov.co\/es\/wp-content\/uploads\/2025\/04\/imagen-de-los-mandamientos-768x576.jpg 768w\" sizes=\"(max-width: 1024px) 100vw, 1024px\" \/><p id=\"caption-attachment-396972\" class=\"wp-caption-text\">Imagen de la parroquia El Calvario, ubicada en Campo Vald\u00e9s, nororiente de Medell\u00edn.<\/p><\/div>\n<h4><strong>De lunes a mi\u00e9rcoles Santo<\/strong><\/h4>\n<p>Misas: 7:00 a. m. \/ 8:00 a. m. \/ 5:00 p. m. \/ 6:00 p. m.<\/p>\n<p>10:00 a. m. Pascua infantil. Busca motivar a los ni\u00f1os, sobre todo los que ya hicieron la primera comuni\u00f3n, a participar de la celebraci\u00f3n. Lugar: Instituci\u00f3n Educativa Alfonso Mora Naranjo.<\/p>\n<p>4:00 p. m. Meditaci\u00f3n viacrucis. Lugar: templo parroquial.<\/p>\n<p>7:30 p. m. Pascua juvenil. Lugar: Instituci\u00f3n Educativa Alfonso Mora Naranjo.<\/p>\n<h4><strong>Lunes Santo \u2013 14 de abril<\/strong><\/h4>\n<p>Procesi\u00f3n: 7:00 p. m. Empieza en el templo por la calle 77, baja hasta la carrera 49 y gira en sentido sur hasta la calle 72A; sube por la carrera 47 y gira hacia el norte hasta la calle 76, baja hasta la carrera 48A y gira en sentido norte hasta el templo.<\/p>\n<div id=\"attachment_396975\" style=\"width: 1034px\" class=\"wp-caption alignnone\"><img aria-describedby=\"caption-attachment-396975\" loading=\"lazy\" class=\"size-full wp-image-396975\" src=\"https:\/\/www.medellin.gov.co\/es\/wp-content\/uploads\/2025\/04\/imagen-Altar-Parroquia-Calvario.jpg\" alt=\"imagen Altar Parroquia Calvario\" width=\"1024\" height=\"768\" srcset=\"https:\/\/www.medellin.gov.co\/es\/wp-content\/uploads\/2025\/04\/imagen-Altar-Parroquia-Calvario.jpg 1024w, https:\/\/www.medellin.gov.co\/es\/wp-content\/uploads\/2025\/04\/imagen-Altar-Parroquia-Calvario-300x225.jpg 300w, https:\/\/www.medellin.gov.co\/es\/wp-content\/uploads\/2025\/04\/imagen-Altar-Parroquia-Calvario-150x113.jpg 150w, https:\/\/www.medellin.gov.co\/es\/wp-content\/uploads\/2025\/04\/imagen-Altar-Parroquia-Calvario-768x576.jpg 768w\" sizes=\"(max-width: 1024px) 100vw, 1024px\" \/><p id=\"caption-attachment-396975\" class=\"wp-caption-text\">Altar de la iglesia El Calvario del barrio Campo Vald\u00e9s.<\/p><\/div>\n<h4><strong>Martes Santo \u2013 15 de abril<\/strong><\/h4>\n<p>Marcha de la Penitencia: 6:30 p. m. Empieza con eucarist\u00eda en la parroquia El Se\u00f1or de las Misericordias (Manrique Central), preside el presb\u00edtero Norberto G\u00f3mez; luego, comienza la procesi\u00f3n por la calle 67, subiendo hasta la carrera 47 y gira en sentido norte hasta la calle 69; baja por la carrera 48A y gira en sentido norte hacia la calle 77 hasta la parroquia El Calvario, donde el presb\u00edtero Mauricio Uribe finaliza con un momento de oraci\u00f3n y con la adoraci\u00f3n eucar\u00edstica.<\/p>\n<h4><strong>Mi\u00e9rcoles Santo \u2013 16 de abril<\/strong><\/h4>\n<p>Procesi\u00f3n: 7:00 p. m. Empieza en el templo El Calvario por la calle 78, baja hasta la carrera 49 y gira en sentido norte hasta la calle 82; sube por la carrera 47, gira en sentido sur hasta la calle 77 y baja hasta el templo.<\/p>\n<div id=\"attachment_396978\" style=\"width: 1034px\" class=\"wp-caption alignnone\"><img aria-describedby=\"caption-attachment-396978\" loading=\"lazy\" class=\"size-full wp-image-396978\" src=\"https:\/\/www.medellin.gov.co\/es\/wp-content\/uploads\/2025\/04\/imagen-del-Crucifijo.jpg\" alt=\"imagen del Crucifijo\" width=\"1024\" height=\"768\" srcset=\"https:\/\/www.medellin.gov.co\/es\/wp-content\/uploads\/2025\/04\/imagen-del-Crucifijo.jpg 1024w, https:\/\/www.medellin.gov.co\/es\/wp-content\/uploads\/2025\/04\/imagen-del-Crucifijo-300x225.jpg 300w, https:\/\/www.medellin.gov.co\/es\/wp-content\/uploads\/2025\/04\/imagen-del-Crucifijo-150x113.jpg 150w, https:\/\/www.medellin.gov.co\/es\/wp-content\/uploads\/2025\/04\/imagen-del-Crucifijo-768x576.jpg 768w\" sizes=\"(max-width: 1024px) 100vw, 1024px\" \/><p id=\"caption-attachment-396978\" class=\"wp-caption-text\">Imagen de la parroquia El Calvario, ubicada en el barrio Campo Vald\u00e9s.<\/p><\/div>\n<h4><strong>Jueves Santo \u2013 17 de abril<\/strong><\/h4>\n<p>Eucarist\u00edas: 8:00 a. m. y 11:00 a. m.<\/p>\n<p>4:00 p. m. <em>In cena Domini<\/em> (En la cena del Se\u00f1or) \u2013 Lavatorio de pies \u2013 Procesi\u00f3n al monumento con el Sant\u00edsimo Sacramento.<\/p>\n<p>8:00 p. m. Procesi\u00f3n de prendimiento (la parroquia recomienda llevar cirio). Comienza en la carrera 48A con calle 85 y va en sentido sur hasta llegar al templo.<\/p>\n<p>10:00 p. m. Hora santa. Se acostumbra llevar cirio para bendecirlo en este momento de oraci\u00f3n.<\/p>\n<p>11:00 p. m. Adoraci\u00f3n a Jes\u00fas Sacramentado en el monumento. El templo estar\u00e1 abierto hasta las 12:00 de la noche.<\/p>\n<div id=\"attachment_396981\" style=\"width: 1034px\" class=\"wp-caption alignnone\"><img aria-describedby=\"caption-attachment-396981\" loading=\"lazy\" class=\"size-full wp-image-396981\" src=\"https:\/\/www.medellin.gov.co\/es\/wp-content\/uploads\/2025\/04\/Imagen-Parroquia-lateral.jpg\" alt=\"Imagen Parroquia lateral\" width=\"1024\" height=\"768\" srcset=\"https:\/\/www.medellin.gov.co\/es\/wp-content\/uploads\/2025\/04\/Imagen-Parroquia-lateral.jpg 1024w, https:\/\/www.medellin.gov.co\/es\/wp-content\/uploads\/2025\/04\/Imagen-Parroquia-lateral-300x225.jpg 300w, https:\/\/www.medellin.gov.co\/es\/wp-content\/uploads\/2025\/04\/Imagen-Parroquia-lateral-150x113.jpg 150w, https:\/\/www.medellin.gov.co\/es\/wp-content\/uploads\/2025\/04\/Imagen-Parroquia-lateral-768x576.jpg 768w\" sizes=\"(max-width: 1024px) 100vw, 1024px\" \/><p id=\"caption-attachment-396981\" class=\"wp-caption-text\">Im\u00e1genes de la parroquia El Calvario de Medell\u00edn.<\/p><\/div>\n<h4><strong>Viernes Santo \u2013 18 de abril<\/strong><\/h4>\n<p>9:00 a. m. Serm\u00f3n de sentencia y procesi\u00f3n del viacrucis. Empieza en la carrera 51 con calle 73, sube hasta llegar a la diagonal 49A, sigue hasta la carrera 48A, gira hacia el norte hasta la calle 73, sube hasta la carrera 47, gira en sentido norte hasta la calle 77 y baja hasta llegar al templo.<\/p>\n<p>3:00 p. m. Solemne adoraci\u00f3n de la santa cruz.<\/p>\n<p>7:00 p. m. Serm\u00f3n de las siete palabras, descendimiento y procesi\u00f3n del santo sepulcro. Comienza en el templo por la calle 77, baja hasta llegar a la carrera 49, gira en sentido norte hasta la calle 80, sube hasta la carrera 47, gira hacia el sur hasta la calle 77 y baja hasta llegar al templo. La visita al santo sepulcro ser\u00e1 hasta las 12:00 de la noche.<\/p>\n<h4><strong>S\u00e1bado Santo \u2013 19 de abril<\/strong><\/h4>\n<p>Durante el d\u00eda no se celebran eucarist\u00edas.<\/p>\n<p>4:00 p. m. Procesi\u00f3n de la Soledad. Meditaci\u00f3n de los dolores de Mar\u00eda (la parroquia recomienda llevar una flor e invita a todos los hijos a participar de este momento en honor a las madres). Serenata Mariana.<\/p>\n<p>La procesi\u00f3n comienza en el templo por la calle 78 con carrera 49, gira hacia el norte hasta la calle 79, baja hasta la carrera 50, gira en sentido sur hasta la calle 76, sube y gira en sentido norte hasta llegar al templo.<\/p>\n<p>7:00 p. m. Solemne vigilia pascual.<\/p>\n<div id=\"attachment_396983\" style=\"width: 1034px\" class=\"wp-caption alignnone\"><img aria-describedby=\"caption-attachment-396983\" loading=\"lazy\" class=\"size-full wp-image-396983\" src=\"https:\/\/www.medellin.gov.co\/es\/wp-content\/uploads\/2025\/04\/Imagen-Parraquia-Calvario-atras.jpg\" alt=\"Imagen Parrpquia Calvario atr\u00e1s\" width=\"1024\" height=\"768\" srcset=\"https:\/\/www.medellin.gov.co\/es\/wp-content\/uploads\/2025\/04\/Imagen-Parraquia-Calvario-atras.jpg 1024w, https:\/\/www.medellin.gov.co\/es\/wp-content\/uploads\/2025\/04\/Imagen-Parraquia-Calvario-atras-300x225.jpg 300w, https:\/\/www.medellin.gov.co\/es\/wp-content\/uploads\/2025\/04\/Imagen-Parraquia-Calvario-atras-150x113.jpg 150w, https:\/\/www.medellin.gov.co\/es\/wp-content\/uploads\/2025\/04\/Imagen-Parraquia-Calvario-atras-768x576.jpg 768w\" sizes=\"(max-width: 1024px) 100vw, 1024px\" \/><p id=\"caption-attachment-396983\" class=\"wp-caption-text\">Templo de la parroquia El Calvario, situado en Campo Vald\u00e9s, nororiente de Medell\u00edn.<\/p><\/div>\n<h4><strong>Domingo de Pascua \u2013 20 de abril<\/strong><\/h4>\n<p>Eucarist\u00edas: 7:00 a. m. \/ 8:00 a. m. \/ 12:00 m. \/ 5:00 p. m. \/ 6:00 p. m. \/ 7:00 p. m.<\/p>\n<p>11:00 a. m. Procesi\u00f3n de resurrecci\u00f3n. Empieza en la calle 84 con carrera 46 hacia el sur hasta la calle 79, baja hasta la carrera 47, gira en sentido sur hasta la calle 72, baja hasta la carrera 48A y gira hasta llegar al templo.<\/p>\n","protected":false},"excerpt":{"rendered":"<p>Con una inversi\u00f3n de 387 millones de pesos renovamos la cancha de microf\u00fatbol El Calvario, referente del barrio Campo Vald\u00e9s, en el nororiente de Medell\u00edn. L\u00edderes deportivos y sociales de la zona aplaudieron la intervenci\u00f3n &#8230;<\/p>\n","protected":false},"author":97,"featured_media":396937,"comment_status":"open","ping_status":"open","sticky":false,"template":"","format":"standard","meta":[],"categories":[16,17],"tags":[451,634,689,434],"formato_nota":[],"programas_tax":[],"acf":[],"_links":{"self":[{"href":"https:\/\/www.medellin.gov.co\/es\/wp-json\/wp\/v2\/posts\/396839"}],"collection":[{"href":"https:\/\/www.medellin.gov.co\/es\/wp-json\/wp\/v2\/posts"}],"about":[{"href":"https:\/\/www.medellin.gov.co\/es\/wp-json\/wp\/v2\/types\/post"}],"author":[{"embeddable":true,"href":"https:\/\/www.medellin.gov.co\/es\/wp-json\/wp\/v2\/users\/97"}],"replies":[{"embeddable":true,"href":"https:\/\/www.medellin.gov.co\/es\/wp-json\/wp\/v2\/comments?post=396839"}],"version-history":[{"count":4,"href":"https:\/\/www.medellin.gov.co\/es\/wp-json\/wp\/v2\/posts\/396839\/revisions"}],"predecessor-version":[{"id":400227,"href":"https:\/\/www.medellin.gov.co\/es\/wp-json\/wp\/v2\/posts\/396839\/revisions\/400227"}],"wp:featuredmedia":[{"embeddable":true,"href":"https:\/\/www.medellin.gov.co\/es\/wp-json\/wp\/v2\/media\/396937"}],"wp:attachment":[{"href":"https:\/\/www.medellin.gov.co\/es\/wp-json\/wp\/v2\/media?parent=396839"}],"wp:term":[{"taxonomy":"category","embeddable":true,"href":"https:\/\/www.medellin.gov.co\/es\/wp-json\/wp\/v2\/categories?post=396839"},{"taxonomy":"post_tag","embeddable":true,"href":"https:\/\/www.medellin.gov.co\/es\/wp-json\/wp\/v2\/tags?post=396839"},{"taxonomy":"formato_nota","embeddable":true,"href":"https:\/\/www.medellin.gov.co\/es\/wp-json\/wp\/v2\/formato_nota?post=396839"},{"taxonomy":"programas_tax","embeddable":true,"href":"https:\/\/www.medellin.gov.co\/es\/wp-json\/wp\/v2\/programas_tax?post=396839"}],"curies":[{"name":"wp","href":"https:\/\/api.w.org\/{rel}","templated":true}]}}