{"id":397180,"date":"2025-04-02T10:49:17","date_gmt":"2025-04-02T15:49:17","guid":{"rendered":"https:\/\/www.medellin.gov.co\/es\/?p=397180"},"modified":"2025-04-02T10:49:17","modified_gmt":"2025-04-02T15:49:17","slug":"medellin-inaugura-la-primera-biofabrica-comunitaria-centro-especializado-en-la-generacion-de-abono","status":"publish","type":"post","link":"https:\/\/www.medellin.gov.co\/es\/sala-de-prensa\/noticias\/medellin-inaugura-la-primera-biofabrica-comunitaria-centro-especializado-en-la-generacion-de-abono\/","title":{"rendered":"Medell\u00edn inaugura la primera biof\u00e1brica comunitaria, centro especializado en la generaci\u00f3n de abono"},"content":{"rendered":"<ul>\n<li>Se fortalecer\u00e1 la producci\u00f3n sostenible de materiales biol\u00f3gicos en comunidad con la nueva biof\u00e1brica, ubicada en Aranjuez.<\/li>\n<li>Desde el a\u00f1o pasado se han establecido 201 ecohuertas: 156 con recursos de Presupuesto Participativo y 45 con respaldo de la Secretar\u00eda de Medio Ambiente.<\/li>\n<\/ul>\n<!--[if lt IE 9]><script>document.createElement('audio');<\/script><![endif]-->\n\t<div class=\"wp-playlist wp-audio-playlist wp-playlist-light\">\n\t\t\t<div class=\"wp-playlist-current-item\"><\/div>\n\t\t<audio controls=\"controls\" preload=\"none\" width=\"640\"\n\t\t\t><\/audio>\n\t<div class=\"wp-playlist-next\"><\/div>\n\t<div class=\"wp-playlist-prev\"><\/div>\n\t<noscript>\n\t<ol>\n\t\t<li><a href='https:\/\/www.medellin.gov.co\/es\/wp-content\/uploads\/2025\/04\/Audio-Primera-Biofabrica-Comunitaria-en-Medellin-01.mp3'>Audio Palabras de Elizabeth Coral Duque, secretaria (e) de Medio Ambiente<\/a><\/li>\t<\/ol>\n\t<\/noscript>\n\t<script type=\"application\/json\" class=\"wp-playlist-script\">{\"type\":\"audio\",\"tracklist\":true,\"tracknumbers\":true,\"images\":true,\"artists\":true,\"tracks\":[{\"src\":\"https:\\\/\\\/www.medellin.gov.co\\\/es\\\/wp-content\\\/uploads\\\/2025\\\/04\\\/Audio-Primera-Biofabrica-Comunitaria-en-Medellin-01.mp3\",\"type\":\"audio\\\/mpeg\",\"title\":\"Audio Palabras de Elizabeth Coral Duque, secretaria (e) de Medio Ambiente\",\"caption\":\"\",\"description\":\"\\u00abPalabras de Elizabeth Coral Duque, secretaria (e) de Medio Ambiente\\u00bb.\",\"meta\":{\"genre\":\"Blues\",\"length_formatted\":\"1:03\"},\"image\":{\"src\":\"https:\\\/\\\/www.medellin.gov.co\\\/es\\\/wp-includes\\\/images\\\/media\\\/audio.png\",\"width\":48,\"height\":64},\"thumb\":{\"src\":\"https:\\\/\\\/www.medellin.gov.co\\\/es\\\/wp-includes\\\/images\\\/media\\\/audio.png\",\"width\":48,\"height\":64}}]}<\/script>\n<\/div>\n\t\n<p>El Distrito presenta la primera biof\u00e1brica comunitaria, una instalaci\u00f3n dise\u00f1ada para producir materiales biol\u00f3gicos como abonos org\u00e1nicos, biopreparados (una mezcla de agua, ajo y aj\u00ed) y caldos minerales \u2015 caldo con elementos qu\u00edmicos naturales que sirve para controlar plagas y enfermedades \u2015 con el fin de regenerar los suelos, producir alimentos libres de qu\u00edmicos y promover la soberan\u00eda alimentaria, generando conciencia sobre la sostenibilidad ambiental.<\/p>\n<p>Este espacio est\u00e1 ubicado en la Casa Museo Pedro Nel G\u00f3mez, en Aranjuez, donde se dict\u00f3 un taller con expertos, quienes mostraron la transformaci\u00f3n social a trav\u00e9s de buenas pr\u00e1cticas ambientales. Se hizo un bocashi, abono de cultivo, adem\u00e1s de activaci\u00f3n y reproducci\u00f3n de microorganismos de monta\u00f1a con profesionales de la Secretar\u00eda de Medio Ambiente.<\/p>\n<p>En este ejercicio se integraron conocimientos que pueden ayudar no solo con la forma de producir los alimentos, sino tambi\u00e9n con la conciencia de comer m\u00e1s nutritivo y con valor biol\u00f3gico mineral. Se proyectan otros tres talleres abiertos al p\u00fablico, con inscripci\u00f3n previa. Las personas interesadas pueden consultar en las redes oficiales de la Alcald\u00eda de Medell\u00edn. \u00ab<em>La agroecolog\u00eda es mucho m\u00e1s que sembrar alimentos, es sembrar conciencia, comunidad y sostenibilidad. Con la biof\u00e1brica y las ecohuertas, Medell\u00edn demuestra que el desarrollo y la conservaci\u00f3n pueden ir de la mano<\/em>\u00ab, expres\u00f3 la secretaria (e) de Medio Ambiente, Elizabeth Coral Duque.<\/p>\n<div id=\"attachment_397205\" style=\"width: 1290px\" class=\"wp-caption alignnone\"><a href=\"https:\/\/www.medellin.gov.co\/es\/wp-content\/uploads\/2025\/04\/Imagen-Ecohuertas-2.jpg\" target=\"_blank\" rel=\"noopener\"><img aria-describedby=\"caption-attachment-397205\" loading=\"lazy\" class=\"wp-image-397205 size-full\" src=\"https:\/\/www.medellin.gov.co\/es\/wp-content\/uploads\/2025\/04\/Imagen-Ecohuertas-2.jpg\" alt=\"Medell\u00edn inaugura la primera biof\u00e1brica comunitaria, centro especializado en la generaci\u00f3n de abono\" width=\"1280\" height=\"720\" srcset=\"https:\/\/www.medellin.gov.co\/es\/wp-content\/uploads\/2025\/04\/Imagen-Ecohuertas-2.jpg 1280w, https:\/\/www.medellin.gov.co\/es\/wp-content\/uploads\/2025\/04\/Imagen-Ecohuertas-2-300x169.jpg 300w, https:\/\/www.medellin.gov.co\/es\/wp-content\/uploads\/2025\/04\/Imagen-Ecohuertas-2-1024x576.jpg 1024w, https:\/\/www.medellin.gov.co\/es\/wp-content\/uploads\/2025\/04\/Imagen-Ecohuertas-2-150x84.jpg 150w, https:\/\/www.medellin.gov.co\/es\/wp-content\/uploads\/2025\/04\/Imagen-Ecohuertas-2-768x432.jpg 768w\" sizes=\"(max-width: 1280px) 100vw, 1280px\" \/><\/a><p id=\"caption-attachment-397205\" class=\"wp-caption-text\">Foto Alcald\u00eda de Medell\u00edn<\/p><\/div>\n<p>Por otro lado, Medell\u00edn tambi\u00e9n avanza en su compromiso por el medio ambiente con la implementaci\u00f3n de 201 ecohuertas que convierten espacios urbanos en zonas productivas y sostenibles. De estas, 156 fueron con recursos de Presupuesto Participativo, en un ejercicio de transparencia, y 45 con el respaldo de la Unidad de Educaci\u00f3n Ambiental de la Subsecretar\u00eda de Gesti\u00f3n Ambiental.<\/p>\n<p>A la fecha se han implementado 17 huertas institucionales, 12 huertas comunitarias y 16 huertas familiares con 727 participantes en ellas, lo que promueve el trabajo colaborativo y la apropiaci\u00f3n del territorio.<\/p>\n<p>Las ecohuertas son peque\u00f1as \u00e1reas de siembra de productos frescos y saludables. Son claves en la lucha contra el cambio clim\u00e1tico al contribuir a la captura de di\u00f3xido de carbono, disminuir el deterioro del suelo que causa erosi\u00f3n e inestabilidad y reducir residuos org\u00e1nicos mediante su aprovechamiento en compostaje y fertilizantes naturales. Constituyen una alternativa org\u00e1nica frente a otros productos de s\u00edntesis qu\u00edmica que degradan los suelos.<\/p>\n<p>Para garantizar su \u00e9xito en distintos espacios, las huertas se adaptan a las condiciones disponibles: en suelo blando, sobre estructuras de madera inmunizada o en canastillas pl\u00e1sticas para hogares con espacio reducido. Este a\u00f1o se proyecta instalar otras 239, con recursos de Presupuesto Participativo, en seis comunas que priorizaron dicha estrategia.<\/p>\n","protected":false},"excerpt":{"rendered":"<p>Se fortalecer\u00e1 la producci\u00f3n sostenible de materiales biol\u00f3gicos en comunidad con la nueva biof\u00e1brica, ubicada en Aranjuez. Desde el a\u00f1o pasado se han establecido 201 ecohuertas: 156 con recursos de Presupuesto Participativo y 45 con &#8230;<\/p>\n","protected":false},"author":21,"featured_media":397207,"comment_status":"open","ping_status":"open","sticky":false,"template":"","format":"standard","meta":[],"categories":[13],"tags":[451,436],"formato_nota":[],"programas_tax":[],"acf":[],"_links":{"self":[{"href":"https:\/\/www.medellin.gov.co\/es\/wp-json\/wp\/v2\/posts\/397180"}],"collection":[{"href":"https:\/\/www.medellin.gov.co\/es\/wp-json\/wp\/v2\/posts"}],"about":[{"href":"https:\/\/www.medellin.gov.co\/es\/wp-json\/wp\/v2\/types\/post"}],"author":[{"embeddable":true,"href":"https:\/\/www.medellin.gov.co\/es\/wp-json\/wp\/v2\/users\/21"}],"replies":[{"embeddable":true,"href":"https:\/\/www.medellin.gov.co\/es\/wp-json\/wp\/v2\/comments?post=397180"}],"version-history":[{"count":1,"href":"https:\/\/www.medellin.gov.co\/es\/wp-json\/wp\/v2\/posts\/397180\/revisions"}],"predecessor-version":[{"id":397230,"href":"https:\/\/www.medellin.gov.co\/es\/wp-json\/wp\/v2\/posts\/397180\/revisions\/397230"}],"wp:featuredmedia":[{"embeddable":true,"href":"https:\/\/www.medellin.gov.co\/es\/wp-json\/wp\/v2\/media\/397207"}],"wp:attachment":[{"href":"https:\/\/www.medellin.gov.co\/es\/wp-json\/wp\/v2\/media?parent=397180"}],"wp:term":[{"taxonomy":"category","embeddable":true,"href":"https:\/\/www.medellin.gov.co\/es\/wp-json\/wp\/v2\/categories?post=397180"},{"taxonomy":"post_tag","embeddable":true,"href":"https:\/\/www.medellin.gov.co\/es\/wp-json\/wp\/v2\/tags?post=397180"},{"taxonomy":"formato_nota","embeddable":true,"href":"https:\/\/www.medellin.gov.co\/es\/wp-json\/wp\/v2\/formato_nota?post=397180"},{"taxonomy":"programas_tax","embeddable":true,"href":"https:\/\/www.medellin.gov.co\/es\/wp-json\/wp\/v2\/programas_tax?post=397180"}],"curies":[{"name":"wp","href":"https:\/\/api.w.org\/{rel}","templated":true}]}}