{"id":397233,"date":"2025-04-02T10:56:41","date_gmt":"2025-04-02T15:56:41","guid":{"rendered":"https:\/\/www.medellin.gov.co\/es\/?p=397233"},"modified":"2025-04-02T10:56:41","modified_gmt":"2025-04-02T15:56:41","slug":"medellin-compartira-sus-avances-como-distrito-inteligente-en-encuentro-regional-que-promueve-ciudades-mas-sostenibles-e-inclusivas","status":"publish","type":"post","link":"https:\/\/www.medellin.gov.co\/es\/sala-de-prensa\/noticias\/medellin-compartira-sus-avances-como-distrito-inteligente-en-encuentro-regional-que-promueve-ciudades-mas-sostenibles-e-inclusivas\/","title":{"rendered":"Medell\u00edn compartir\u00e1 sus avances como Distrito Inteligente en encuentro regional que promueve ciudades m\u00e1s sostenibles e inclusivas"},"content":{"rendered":"<ul>\n<li>El 2 y 3 de abril se realizar\u00e1 la feria Smart Cities Latam, que por primera vez se hace en Colombia.<\/li>\n<li>La Alcald\u00eda de Medell\u00edn tendr\u00e1 cuatro plenarias y un stand para mostrar los avances en la transformaci\u00f3n a Distrito de Ciencia, Tecnolog\u00eda e Innovaci\u00f3n.<\/li>\n<\/ul>\n<!--[if lt IE 9]><script>document.createElement('audio');<\/script><![endif]-->\n\t<div class=\"wp-playlist wp-audio-playlist wp-playlist-light\">\n\t\t\t<div class=\"wp-playlist-current-item\"><\/div>\n\t\t<audio controls=\"controls\" preload=\"none\" width=\"640\"\n\t\t\t><\/audio>\n\t<div class=\"wp-playlist-next\"><\/div>\n\t<div class=\"wp-playlist-prev\"><\/div>\n\t<noscript>\n\t<ol>\n\t\t<li><a href='https:\/\/www.medellin.gov.co\/es\/wp-content\/uploads\/2025\/04\/Audio-Avances-Como-Distrito-Inteligente-01.mp3'>Audio Palabras de Carolina Londo\u00f1o, directora ejecutiva de Ruta N<\/a><\/li><li><a href='https:\/\/www.medellin.gov.co\/es\/wp-content\/uploads\/2025\/04\/Audio-Avances-Como-Distrito-Inteligente-02.mp3'>Audio Palabras de Santiago Restrepo Arroyave, secretario de Innovaci\u00f3n Digital<\/a><\/li>\t<\/ol>\n\t<\/noscript>\n\t<script type=\"application\/json\" class=\"wp-playlist-script\">{\"type\":\"audio\",\"tracklist\":true,\"tracknumbers\":true,\"images\":true,\"artists\":true,\"tracks\":[{\"src\":\"https:\\\/\\\/www.medellin.gov.co\\\/es\\\/wp-content\\\/uploads\\\/2025\\\/04\\\/Audio-Avances-Como-Distrito-Inteligente-01.mp3\",\"type\":\"audio\\\/mpeg\",\"title\":\"Audio Palabras de Carolina Londo\\u00f1o, directora ejecutiva de Ruta N\",\"caption\":\"\",\"description\":\"\\u00abPalabras de Carolina Londo\\u00f1o, directora ejecutiva de Ruta N\\u00bb.\",\"meta\":{\"genre\":\"Blues\",\"length_formatted\":\"0:58\"},\"image\":{\"src\":\"https:\\\/\\\/www.medellin.gov.co\\\/es\\\/wp-includes\\\/images\\\/media\\\/audio.png\",\"width\":48,\"height\":64},\"thumb\":{\"src\":\"https:\\\/\\\/www.medellin.gov.co\\\/es\\\/wp-includes\\\/images\\\/media\\\/audio.png\",\"width\":48,\"height\":64}},{\"src\":\"https:\\\/\\\/www.medellin.gov.co\\\/es\\\/wp-content\\\/uploads\\\/2025\\\/04\\\/Audio-Avances-Como-Distrito-Inteligente-02.mp3\",\"type\":\"audio\\\/mpeg\",\"title\":\"Audio Palabras de Santiago Restrepo Arroyave, secretario de Innovaci\\u00f3n Digital\",\"caption\":\"\",\"description\":\"\\u00abPalabras de Santiago Restrepo Arroyave, secretario de Innovaci\\u00f3n Digital\\u00bb.\",\"meta\":{\"genre\":\"Blues\",\"length_formatted\":\"0:41\"},\"image\":{\"src\":\"https:\\\/\\\/www.medellin.gov.co\\\/es\\\/wp-includes\\\/images\\\/media\\\/audio.png\",\"width\":48,\"height\":64},\"thumb\":{\"src\":\"https:\\\/\\\/www.medellin.gov.co\\\/es\\\/wp-includes\\\/images\\\/media\\\/audio.png\",\"width\":48,\"height\":64}}]}<\/script>\n<\/div>\n\t\n<p>La Administraci\u00f3n Distrital se une a la feria latinoamericana Smart Cities Latam 2025, que se realizar\u00e1 por primera vez en Colombia y de la cual Medell\u00edn ser\u00e1 sede este 2 y 3 de abril. El prop\u00f3sito es inspirar soluciones tecnol\u00f3gicas y pol\u00edticas p\u00fablicas mediante acciones innovadoras que impacten y transformen a las ciudades de la regi\u00f3n en territorios inteligentes.<\/p>\n<p>Este ser\u00e1 un espacio de aprendizaje y colaboraci\u00f3n, en el que, a trav\u00e9s de la inteligencia artificial, se hablar\u00e1 de c\u00f3mo mejorar aspectos clave en la gobernanza, la movilidad, la seguridad, el medio ambiente, la educaci\u00f3n, la participaci\u00f3n ciudadana y el urbanismo sostenible.<\/p>\n<p>La directora ejecutiva de Ruta N, Carolina Londo\u00f1o, dijo: <em>\u201cLa participaci\u00f3n en el evento est\u00e1 enfocada en la consolidaci\u00f3n de Medell\u00edn como Distrito de Ciencia, Tecnolog\u00eda e Innovaci\u00f3n. Mostraremos las soluciones que estamos trabajando en el tema GovTech, y, tambi\u00e9n, se dar\u00e1 la conexi\u00f3n con l\u00edderes y personas que trabajan tem\u00e1ticas, desde el sector p\u00fablico y el privado, en funci\u00f3n de Ciudades Inteligentes<\/em>\u201d.<\/p>\n<div id=\"attachment_397197\" style=\"width: 1286px\" class=\"wp-caption alignnone\"><a href=\"https:\/\/www.medellin.gov.co\/es\/wp-content\/uploads\/2025\/04\/Imagen-Panoramica-Nocturna-de-Medellin.jpg\" target=\"_blank\" rel=\"noopener\"><img aria-describedby=\"caption-attachment-397197\" loading=\"lazy\" class=\"wp-image-397197 size-full\" src=\"https:\/\/www.medellin.gov.co\/es\/wp-content\/uploads\/2025\/04\/Imagen-Panoramica-Nocturna-de-Medellin.jpg\" alt=\"Panor\u00e1mica nocturna de Medell\u00edn\" width=\"1276\" height=\"850\" srcset=\"https:\/\/www.medellin.gov.co\/es\/wp-content\/uploads\/2025\/04\/Imagen-Panoramica-Nocturna-de-Medellin.jpg 1276w, https:\/\/www.medellin.gov.co\/es\/wp-content\/uploads\/2025\/04\/Imagen-Panoramica-Nocturna-de-Medellin-300x200.jpg 300w, https:\/\/www.medellin.gov.co\/es\/wp-content\/uploads\/2025\/04\/Imagen-Panoramica-Nocturna-de-Medellin-1024x682.jpg 1024w, https:\/\/www.medellin.gov.co\/es\/wp-content\/uploads\/2025\/04\/Imagen-Panoramica-Nocturna-de-Medellin-150x100.jpg 150w, https:\/\/www.medellin.gov.co\/es\/wp-content\/uploads\/2025\/04\/Imagen-Panoramica-Nocturna-de-Medellin-768x512.jpg 768w\" sizes=\"(max-width: 1276px) 100vw, 1276px\" \/><\/a><p id=\"caption-attachment-397197\" class=\"wp-caption-text\">Foto Alcald\u00eda de Medell\u00edn<\/p><\/div>\n<p>Las secretar\u00edas de Innovaci\u00f3n Digital y Desarrollo Econ\u00f3mico, la Agencia APP (Alianzas P\u00fablico Privadas), el Departamento Administrativo de Planeaci\u00f3n, la Corporaci\u00f3n Ruta N y la Empresa de Desarrollo Urbano (EDU) representar\u00e1n al Distrito con cuatro plenarias. El 2 de abril a las 10:30 a. m. en \u201c<em>Hacia una Medell\u00edn Inteligente: colaboraci\u00f3n, datos abiertos y gemelos digitales<\/em>\u201d, se abordar\u00e1 el impacto y las oportunidades que estas tecnolog\u00edas disruptivas ofrecen para la transformaci\u00f3n de la ciudad.<\/p>\n<p>Gemelos Digitales es una iniciativa liderada por el comit\u00e9 geogr\u00e1fico, con el apoyo de diferentes dependencias del Distrito y con Esri Colombia, como aliado tecnol\u00f3gico, que permite ver y entender digitalmente el estado actual de la ciudad en variables medioambientales, demogr\u00e1ficas, socioecon\u00f3micas, entre otras. Adicionalmente, sirve para predecir escenarios futuros a trav\u00e9s de simulaciones, y tomar decisiones con datos actualizados y reales.<\/p>\n<p>El mismo mi\u00e9rcoles, a las 12:00 m., la Empresa de Desarrollo Urbano (EDU) presentar\u00e1 \u201c<em>Hacia una \u201cUrbanIA\u201d para el desarrollo territorial\u201d, una plataforma tecnol\u00f3gica para el modelamiento y la planificaci\u00f3n de territorios inteligentes, basado en la ciencia de datos. La jornada se cerrar\u00e1 a las 4:30 p. m. con \u201cMedell\u00edn, Distrito Inteligente: innovaci\u00f3n, tecnolog\u00eda y alianzas para el desarrollo<\/em>\u201d. En esta plenaria, representantes de la Agencia APP, Ruta N, Innovaci\u00f3n Digital y la Secretar\u00eda de Desarrollo Econ\u00f3mico compartir\u00e1n estrategias y casos de \u00e9xito sobre c\u00f3mo la articulaci\u00f3n entre entidades p\u00fablicas y privadas est\u00e1 acelerando la transformaci\u00f3n de la ciudad.<\/p>\n\n\t\t<style type=\"text\/css\">\n\t\t\t#gallery-1 {\n\t\t\t\tmargin: auto;\n\t\t\t}\n\t\t\t#gallery-1 .gallery-item {\n\t\t\t\tfloat: left;\n\t\t\t\tmargin-top: 10px;\n\t\t\t\ttext-align: center;\n\t\t\t\twidth: 50%;\n\t\t\t}\n\t\t\t#gallery-1 img {\n\t\t\t\tborder: 2px solid #cfcfcf;\n\t\t\t}\n\t\t\t#gallery-1 .gallery-caption {\n\t\t\t\tmargin-left: 0;\n\t\t\t}\n\t\t\t\/* see gallery_shortcode() in wp-includes\/media.php *\/\n\t\t<\/style>\n\t\t<div id='gallery-1' class='gallery galleryid-397233 gallery-columns-2 gallery-size-full'><dl class='gallery-item'>\n\t\t\t<dt class='gallery-icon landscape'>\n\t\t\t\t<a href='https:\/\/www.medellin.gov.co\/es\/sala-de-prensa\/noticias\/medellin-inaugura-la-primera-biofabrica-comunitaria-centro-especializado-en-la-generacion-de-abono\/imagen-ciudadela-de-la-cuarta-revolucion-y-transformacion-del-aprendizaje-cata-1\/'><img width=\"1276\" height=\"850\" src=\"https:\/\/www.medellin.gov.co\/es\/wp-content\/uploads\/2025\/04\/Imagen-Ciudadela-de-la-Cuarta-Revolucion-y-Transformacion-del-Aprendizaje-CATA-1.jpg\" class=\"attachment-full size-full\" alt=\"Edificio de la Ciudadela de la Cuarta Revoluci\u00f3n y la Transformaci\u00f3n del Aprendizaje - CATA\" loading=\"lazy\" aria-describedby=\"gallery-1-397212\" srcset=\"https:\/\/www.medellin.gov.co\/es\/wp-content\/uploads\/2025\/04\/Imagen-Ciudadela-de-la-Cuarta-Revolucion-y-Transformacion-del-Aprendizaje-CATA-1.jpg 1276w, https:\/\/www.medellin.gov.co\/es\/wp-content\/uploads\/2025\/04\/Imagen-Ciudadela-de-la-Cuarta-Revolucion-y-Transformacion-del-Aprendizaje-CATA-1-300x200.jpg 300w, https:\/\/www.medellin.gov.co\/es\/wp-content\/uploads\/2025\/04\/Imagen-Ciudadela-de-la-Cuarta-Revolucion-y-Transformacion-del-Aprendizaje-CATA-1-1024x682.jpg 1024w, https:\/\/www.medellin.gov.co\/es\/wp-content\/uploads\/2025\/04\/Imagen-Ciudadela-de-la-Cuarta-Revolucion-y-Transformacion-del-Aprendizaje-CATA-1-150x100.jpg 150w, https:\/\/www.medellin.gov.co\/es\/wp-content\/uploads\/2025\/04\/Imagen-Ciudadela-de-la-Cuarta-Revolucion-y-Transformacion-del-Aprendizaje-CATA-1-768x512.jpg 768w\" sizes=\"(max-width: 1276px) 100vw, 1276px\" \/><\/a>\n\t\t\t<\/dt>\n\t\t\t\t<dd class='wp-caption-text gallery-caption' id='gallery-1-397212'>\n\t\t\t\tFoto Alcald\u00eda de Medell\u00edn\n\t\t\t\t<\/dd><\/dl><dl class='gallery-item'>\n\t\t\t<dt class='gallery-icon landscape'>\n\t\t\t\t<a href='https:\/\/www.medellin.gov.co\/es\/sala-de-prensa\/noticias\/medellin-inaugura-la-primera-biofabrica-comunitaria-centro-especializado-en-la-generacion-de-abono\/imagen-tranvia-1\/'><img width=\"1276\" height=\"850\" src=\"https:\/\/www.medellin.gov.co\/es\/wp-content\/uploads\/2025\/04\/Imagen-Tranvia-1.jpg\" class=\"attachment-full size-full\" alt=\"Tranv\u00eda de Medell\u00edn\" loading=\"lazy\" aria-describedby=\"gallery-1-397191\" srcset=\"https:\/\/www.medellin.gov.co\/es\/wp-content\/uploads\/2025\/04\/Imagen-Tranvia-1.jpg 1276w, https:\/\/www.medellin.gov.co\/es\/wp-content\/uploads\/2025\/04\/Imagen-Tranvia-1-300x200.jpg 300w, https:\/\/www.medellin.gov.co\/es\/wp-content\/uploads\/2025\/04\/Imagen-Tranvia-1-1024x682.jpg 1024w, https:\/\/www.medellin.gov.co\/es\/wp-content\/uploads\/2025\/04\/Imagen-Tranvia-1-150x100.jpg 150w, https:\/\/www.medellin.gov.co\/es\/wp-content\/uploads\/2025\/04\/Imagen-Tranvia-1-768x512.jpg 768w\" sizes=\"(max-width: 1276px) 100vw, 1276px\" \/><\/a>\n\t\t\t<\/dt>\n\t\t\t\t<dd class='wp-caption-text gallery-caption' id='gallery-1-397191'>\n\t\t\t\tFoto Alcald\u00eda de Medell\u00edn\n\t\t\t\t<\/dd><\/dl><br style=\"clear: both\" \/>\n\t\t<\/div>\n\n<p>El jueves 3 de abril, a la 1:00 p. m., ser\u00e1 la plenaria \u201c<em>Apuestas de la revisi\u00f3n del Plan de Ordenamiento Territorial (POT) para incentivar la vocaci\u00f3n de Distrito de Ciencia, Tecnolog\u00eda e Innovaci\u00f3n<\/em>\u201d.<\/p>\n<p>\u201c<em>Estamos trabajando en la estrategia Ciudadano 360. Partimos de poner al ciudadano en el centro y, a trav\u00e9s de los datos, la inteligencia artificial, la anal\u00edtica, el Big Data y la digitalizaci\u00f3n de tr\u00e1mites y servicios, vamos a acercarnos a \u00e9l para tener servicios personalizados y acorde con lo que necesita<\/em>\u201d, explic\u00f3 el secretario de Innovaci\u00f3n Digital, Santiago Restrepo Arroyave.<\/p>\n<p>Esta quinta edici\u00f3n del evento tendr\u00e1 lugar en el Pabell\u00f3n Rojo de Plaza Mayor, donde la Administraci\u00f3n Distrital contar\u00e1 con un stand para compartir ideas y soluciones para crear, a trav\u00e9s de la inteligencia artificial, un Distrito m\u00e1s inteligente, inclusivo y sostenible.<\/p>\n","protected":false},"excerpt":{"rendered":"<p>El 2 y 3 de abril se realizar\u00e1 la feria Smart Cities Latam, que por primera vez se hace en Colombia. La Alcald\u00eda de Medell\u00edn tendr\u00e1 cuatro plenarias y un stand para mostrar los avances &#8230;<\/p>\n","protected":false},"author":21,"featured_media":397199,"comment_status":"open","ping_status":"open","sticky":false,"template":"","format":"standard","meta":[],"categories":[29,19,17],"tags":[634,692],"formato_nota":[],"programas_tax":[],"acf":[],"_links":{"self":[{"href":"https:\/\/www.medellin.gov.co\/es\/wp-json\/wp\/v2\/posts\/397233"}],"collection":[{"href":"https:\/\/www.medellin.gov.co\/es\/wp-json\/wp\/v2\/posts"}],"about":[{"href":"https:\/\/www.medellin.gov.co\/es\/wp-json\/wp\/v2\/types\/post"}],"author":[{"embeddable":true,"href":"https:\/\/www.medellin.gov.co\/es\/wp-json\/wp\/v2\/users\/21"}],"replies":[{"embeddable":true,"href":"https:\/\/www.medellin.gov.co\/es\/wp-json\/wp\/v2\/comments?post=397233"}],"version-history":[{"count":1,"href":"https:\/\/www.medellin.gov.co\/es\/wp-json\/wp\/v2\/posts\/397233\/revisions"}],"predecessor-version":[{"id":397234,"href":"https:\/\/www.medellin.gov.co\/es\/wp-json\/wp\/v2\/posts\/397233\/revisions\/397234"}],"wp:featuredmedia":[{"embeddable":true,"href":"https:\/\/www.medellin.gov.co\/es\/wp-json\/wp\/v2\/media\/397199"}],"wp:attachment":[{"href":"https:\/\/www.medellin.gov.co\/es\/wp-json\/wp\/v2\/media?parent=397233"}],"wp:term":[{"taxonomy":"category","embeddable":true,"href":"https:\/\/www.medellin.gov.co\/es\/wp-json\/wp\/v2\/categories?post=397233"},{"taxonomy":"post_tag","embeddable":true,"href":"https:\/\/www.medellin.gov.co\/es\/wp-json\/wp\/v2\/tags?post=397233"},{"taxonomy":"formato_nota","embeddable":true,"href":"https:\/\/www.medellin.gov.co\/es\/wp-json\/wp\/v2\/formato_nota?post=397233"},{"taxonomy":"programas_tax","embeddable":true,"href":"https:\/\/www.medellin.gov.co\/es\/wp-json\/wp\/v2\/programas_tax?post=397233"}],"curies":[{"name":"wp","href":"https:\/\/api.w.org\/{rel}","templated":true}]}}