{"id":397236,"date":"2025-04-02T11:06:20","date_gmt":"2025-04-02T16:06:20","guid":{"rendered":"https:\/\/www.medellin.gov.co\/es\/?p=397236"},"modified":"2025-04-02T11:06:20","modified_gmt":"2025-04-02T16:06:20","slug":"la-institucion-maestro-guillermo-velez-velez-tiene-300-cupos-para-formacion-de-personas-con-discapacidad-cognitiva-y-psicosocial","status":"publish","type":"post","link":"https:\/\/www.medellin.gov.co\/es\/sala-de-prensa\/noticias\/la-institucion-maestro-guillermo-velez-velez-tiene-300-cupos-para-formacion-de-personas-con-discapacidad-cognitiva-y-psicosocial\/","title":{"rendered":"La Instituci\u00f3n Maestro Guillermo V\u00e9lez V\u00e9lez tiene 300 cupos para formaci\u00f3n de personas con discapacidad cognitiva y psicosocial"},"content":{"rendered":"<ul>\n<li>La instituci\u00f3n ofrece formaci\u00f3n en diversas \u00e1reas para fortalecer la inclusi\u00f3n laboral. A la fecha ha certificado a cerca de 500 j\u00f3venes y adultos.<\/li>\n<li>Para este a\u00f1o, se implementar\u00e1 una nueva l\u00ednea en artes pl\u00e1sticas y artes dram\u00e1ticas.<\/li>\n<li>En 2025, se cuenta con una inversi\u00f3n aproximada de $3.200 millones.<\/li>\n<\/ul>\n<!--[if lt IE 9]><script>document.createElement('audio');<\/script><![endif]-->\n\t<div class=\"wp-playlist wp-audio-playlist wp-playlist-light\">\n\t\t\t<div class=\"wp-playlist-current-item\"><\/div>\n\t\t<audio controls=\"controls\" preload=\"none\" width=\"640\"\n\t\t\t><\/audio>\n\t<div class=\"wp-playlist-next\"><\/div>\n\t<div class=\"wp-playlist-prev\"><\/div>\n\t<noscript>\n\t<ol>\n\t\t<li><a href='https:\/\/www.medellin.gov.co\/es\/wp-content\/uploads\/2025\/04\/Audio-Cupos-Formacion-Personas-con-Discapacidad-Cognitiva-01.mp3'>Audio Palabras de Olga Luc\u00eda Cort\u00e9s, coordinadora general de la Instituci\u00f3n Maestro Guillermo V\u00e9lez V\u00e9lez<\/a><\/li><li><a href='https:\/\/www.medellin.gov.co\/es\/wp-content\/uploads\/2025\/04\/Audio-Cupos-Formacion-Personas-con-Discapacidad-Cognitiva-02.mp3'>Audio Palabras de Jorge Iv\u00e1n R\u00edos Rivera, subsecretario de la Prestaci\u00f3n del Servicio Educativo<\/a><\/li><li><a href='https:\/\/www.medellin.gov.co\/es\/wp-content\/uploads\/2025\/04\/Audio-Cupos-Formacion-Personas-con-Discapacidad-Cognitiva-03.mp3'>Audio Palabras de Santiago L\u00f3pez, estudiante<\/a><\/li>\t<\/ol>\n\t<\/noscript>\n\t<script type=\"application\/json\" class=\"wp-playlist-script\">{\"type\":\"audio\",\"tracklist\":true,\"tracknumbers\":true,\"images\":true,\"artists\":true,\"tracks\":[{\"src\":\"https:\\\/\\\/www.medellin.gov.co\\\/es\\\/wp-content\\\/uploads\\\/2025\\\/04\\\/Audio-Cupos-Formacion-Personas-con-Discapacidad-Cognitiva-01.mp3\",\"type\":\"audio\\\/mpeg\",\"title\":\"Audio Palabras de Olga Luc\\u00eda Cort\\u00e9s, coordinadora general de la Instituci\\u00f3n Maestro Guillermo V\\u00e9lez V\\u00e9lez\",\"caption\":\"\",\"description\":\"\\u00abPalabras de Olga Luc\\u00eda Cort\\u00e9s, coordinadora general de la Instituci\\u00f3n Maestro Guillermo V\\u00e9lez V\\u00e9lez\\u00bb.\",\"meta\":{\"genre\":\"Blues\",\"length_formatted\":\"0:51\"},\"image\":{\"src\":\"https:\\\/\\\/www.medellin.gov.co\\\/es\\\/wp-includes\\\/images\\\/media\\\/audio.png\",\"width\":48,\"height\":64},\"thumb\":{\"src\":\"https:\\\/\\\/www.medellin.gov.co\\\/es\\\/wp-includes\\\/images\\\/media\\\/audio.png\",\"width\":48,\"height\":64}},{\"src\":\"https:\\\/\\\/www.medellin.gov.co\\\/es\\\/wp-content\\\/uploads\\\/2025\\\/04\\\/Audio-Cupos-Formacion-Personas-con-Discapacidad-Cognitiva-02.mp3\",\"type\":\"audio\\\/mpeg\",\"title\":\"Audio Palabras de Jorge Iv\\u00e1n R\\u00edos Rivera, subsecretario de la Prestaci\\u00f3n del Servicio Educativo\",\"caption\":\"\",\"description\":\"\\u00abPalabras de Jorge Iv\\u00e1n R\\u00edos Rivera, subsecretario de la Prestaci\\u00f3n del Servicio Educativo\\u00bb.\",\"meta\":{\"genre\":\"Blues\",\"length_formatted\":\"0:30\"},\"image\":{\"src\":\"https:\\\/\\\/www.medellin.gov.co\\\/es\\\/wp-includes\\\/images\\\/media\\\/audio.png\",\"width\":48,\"height\":64},\"thumb\":{\"src\":\"https:\\\/\\\/www.medellin.gov.co\\\/es\\\/wp-includes\\\/images\\\/media\\\/audio.png\",\"width\":48,\"height\":64}},{\"src\":\"https:\\\/\\\/www.medellin.gov.co\\\/es\\\/wp-content\\\/uploads\\\/2025\\\/04\\\/Audio-Cupos-Formacion-Personas-con-Discapacidad-Cognitiva-03.mp3\",\"type\":\"audio\\\/mpeg\",\"title\":\"Audio Palabras de Santiago L\\u00f3pez, estudiante\",\"caption\":\"\",\"description\":\"\\u00abPalabras de Santiago L\\u00f3pez, estudiante\\u00bb.\",\"meta\":{\"genre\":\"Blues\",\"length_formatted\":\"0:50\"},\"image\":{\"src\":\"https:\\\/\\\/www.medellin.gov.co\\\/es\\\/wp-includes\\\/images\\\/media\\\/audio.png\",\"width\":48,\"height\":64},\"thumb\":{\"src\":\"https:\\\/\\\/www.medellin.gov.co\\\/es\\\/wp-includes\\\/images\\\/media\\\/audio.png\",\"width\":48,\"height\":64}}]}<\/script>\n<\/div>\n\t\n<p>La Alcald\u00eda de Medell\u00edn, a trav\u00e9s de la Secretar\u00eda de Educaci\u00f3n, cuenta con una disponibilidad de 300 cupos en la Instituci\u00f3n Maestro Guillermo V\u00e9lez V\u00e9lez, un centro de formaci\u00f3n para el trabajo y el desarrollo humano dirigido a personas con discapacidad cognitiva y mental psicosocial, ubicado en la comuna 4-Aranjuez. Esta iniciativa busca fortalecer la inclusi\u00f3n laboral y el desarrollo de habilidades en j\u00f3venes y adultos. Las inscripciones est\u00e1n abiertas de manera permanente.<\/p>\n<p>Hasta la fecha ha certificado a cerca de 500 j\u00f3venes y adultos, consolid\u00e1ndose como el \u00fanico programa p\u00fablico y gratuito de formaci\u00f3n laboral para personas con discapacidad cognitiva y\/o mental en la ciudad.<\/p>\n<p>Gracias a alianzas estrat\u00e9gicas con empresas y entidades de formaci\u00f3n y certificaci\u00f3n como el Servicio Nacional de Aprendizaje (SENA), el programa ha logrado m\u00e1s de 100 vinculaciones laborales en diversas empresas para sus estudiantes. Adem\u00e1s, este a\u00f1o se implementar\u00e1 una nueva l\u00ednea de formaci\u00f3n en artes, enfocada en artes pl\u00e1sticas y artes dram\u00e1ticas. Para 2025, se cuenta con una inversi\u00f3n aproximada de $3.200 millones.<\/p>\n<div id=\"attachment_397195\" style=\"width: 1286px\" class=\"wp-caption alignnone\"><a href=\"https:\/\/www.medellin.gov.co\/es\/wp-content\/uploads\/2025\/04\/Imagen-Persona-con-Documento-1.jpg\" target=\"_blank\" rel=\"noopener\"><img aria-describedby=\"caption-attachment-397195\" loading=\"lazy\" class=\"wp-image-397195 size-full\" src=\"https:\/\/www.medellin.gov.co\/es\/wp-content\/uploads\/2025\/04\/Imagen-Persona-con-Documento-1.jpg\" alt=\"La Instituci\u00f3n Maestro Guillermo V\u00e9lez V\u00e9lez tiene 300 cupos para formaci\u00f3n de personas con discapacidad cognitiva y psicosocial\" width=\"1276\" height=\"850\" srcset=\"https:\/\/www.medellin.gov.co\/es\/wp-content\/uploads\/2025\/04\/Imagen-Persona-con-Documento-1.jpg 1276w, https:\/\/www.medellin.gov.co\/es\/wp-content\/uploads\/2025\/04\/Imagen-Persona-con-Documento-1-300x200.jpg 300w, https:\/\/www.medellin.gov.co\/es\/wp-content\/uploads\/2025\/04\/Imagen-Persona-con-Documento-1-1024x682.jpg 1024w, https:\/\/www.medellin.gov.co\/es\/wp-content\/uploads\/2025\/04\/Imagen-Persona-con-Documento-1-150x100.jpg 150w, https:\/\/www.medellin.gov.co\/es\/wp-content\/uploads\/2025\/04\/Imagen-Persona-con-Documento-1-768x512.jpg 768w\" sizes=\"(max-width: 1276px) 100vw, 1276px\" \/><\/a><p id=\"caption-attachment-397195\" class=\"wp-caption-text\">Foto Alcald\u00eda de Medell\u00edn<\/p><\/div>\n<p>\u201c<em>Hay una disponibilidad de 300 cupos de formaci\u00f3n en \u00e1reas como cocina, panader\u00eda, log\u00edstica, carpinter\u00eda, asistencia administrativa y otras, que les permiten formarse, desarrollar competencias laborales y, posteriormente, trabajar en empresas de la ciudad o ser emprendedores. Te invitamos a que te animes y te inscribas a trav\u00e9s de nuestros n\u00fameros de contacto o del correo electr\u00f3nico<\/em>\u201d, expres\u00f3 la coordinadora general de la Instituci\u00f3n Maestro Guillermo V\u00e9lez V\u00e9lez, Olga Luc\u00eda Cort\u00e9s.<\/p>\n<p>Los programas de formaci\u00f3n disponibles incluyen alistamiento de carga, carpinter\u00eda, servicio al cliente, manejo de alimentos, aseo y auxiliar de servicio al cliente en el sector hotelero.<\/p>\n<p>\u201c<em>En el Distrito contamos con m\u00e1s de 300 cupos. Si eres un joven mayor de 14 a\u00f1os y tienes una discapacidad cognitiva o mental, puedes estudiar con nosotros en la Instituci\u00f3n Maestro Guillermo V\u00e9lez V\u00e9lez. All\u00ed contamos con programas para el trabajo y el desarrollo humano. Inscr\u00edbete y aprovecha esta oportunidad<\/em>\u201d, invit\u00f3 el subsecretario de la Prestaci\u00f3n del Servicio Educativo, Jorge Iv\u00e1n R\u00edos Rivera.<\/p>\n<div id=\"attachment_397196\" style=\"width: 1120px\" class=\"wp-caption alignnone\"><a href=\"https:\/\/www.medellin.gov.co\/es\/wp-content\/uploads\/2025\/04\/Imagen-Pareja-de-Formacion-en-Cocina-2.jpg\" target=\"_blank\" rel=\"noopener\"><img aria-describedby=\"caption-attachment-397196\" loading=\"lazy\" class=\"wp-image-397196 size-full\" src=\"https:\/\/www.medellin.gov.co\/es\/wp-content\/uploads\/2025\/04\/Imagen-Pareja-de-Formacion-en-Cocina-2.jpg\" alt=\"La Instituci\u00f3n Maestro Guillermo V\u00e9lez V\u00e9lez tiene 300 cupos para formaci\u00f3n de personas con discapacidad cognitiva y psicosocial\" width=\"1110\" height=\"850\" srcset=\"https:\/\/www.medellin.gov.co\/es\/wp-content\/uploads\/2025\/04\/Imagen-Pareja-de-Formacion-en-Cocina-2.jpg 1110w, https:\/\/www.medellin.gov.co\/es\/wp-content\/uploads\/2025\/04\/Imagen-Pareja-de-Formacion-en-Cocina-2-300x230.jpg 300w, https:\/\/www.medellin.gov.co\/es\/wp-content\/uploads\/2025\/04\/Imagen-Pareja-de-Formacion-en-Cocina-2-1024x784.jpg 1024w, https:\/\/www.medellin.gov.co\/es\/wp-content\/uploads\/2025\/04\/Imagen-Pareja-de-Formacion-en-Cocina-2-150x115.jpg 150w, https:\/\/www.medellin.gov.co\/es\/wp-content\/uploads\/2025\/04\/Imagen-Pareja-de-Formacion-en-Cocina-2-768x588.jpg 768w\" sizes=\"(max-width: 1110px) 100vw, 1110px\" \/><\/a><p id=\"caption-attachment-397196\" class=\"wp-caption-text\">Foto Alcald\u00eda de Medell\u00edn<\/p><\/div>\n<p>Para acceder a esta oferta, los aspirantes deben tener entre 14 y 35 a\u00f1os de edad, residir en Medell\u00edn o en sus corregimientos, contar con un diagn\u00f3stico certificado de discapacidad cognitiva o psicosocial, ser aut\u00f3nomos en el desarrollo de sus actividades b\u00e1sicas cotidianas y tener inter\u00e9s en formarse para el trabajo.<\/p>\n<p>\u201c<em>Aqu\u00ed, en el Maestro Guillermo V\u00e9lez V\u00e9lez, tenemos una l\u00ednea que se llama Emprender, donde somos unos chicos que trabajamos en un emprendimiento, cada uno con su unidad productiva. El m\u00edo bolis gourmet, a base de leche, frutas y tambi\u00e9n en agua. Gracias al Maestro Guillermo, aqu\u00ed fue donde lo constru\u00ed, y me ha permitido tener una independencia econ\u00f3mica y sortear mis pasajes a la universidad, porque de aqu\u00ed tambi\u00e9n pas\u00e9 a la universidad<\/em>\u201d, cont\u00f3 el estudiante Santiago L\u00f3pez.<\/p>\n<p>Las inscripciones est\u00e1n abiertas durante todo el a\u00f1o. Los interesados pueden registrarse enviando un correo electr\u00f3nico a <a href=\"mailto:maestroguillermovv@gmail.com\" target=\"_blank\" rel=\"noopener\">maestroguillermovv@gmail.com<\/a> o <a href=\"mailto:evaluacionesimgvv@gmail.com\" target=\"_blank\" rel=\"noopener\">evaluacionesimgvv@gmail.com<\/a>. Tambi\u00e9n, pueden comunicarse v\u00eda telef\u00f3nica o WhatsApp al 323 873 6919 o acercarse a la sede, en la calle 90 # 51B &#8211; 25, Aranjuez.<\/p>\n","protected":false},"excerpt":{"rendered":"<p>La instituci\u00f3n ofrece formaci\u00f3n en diversas \u00e1reas para fortalecer la inclusi\u00f3n laboral. A la fecha ha certificado a cerca de 500 j\u00f3venes y adultos. Para este a\u00f1o, se implementar\u00e1 una nueva l\u00ednea en artes pl\u00e1sticas &#8230;<\/p>\n","protected":false},"author":21,"featured_media":397202,"comment_status":"open","ping_status":"open","sticky":false,"template":"","format":"standard","meta":[],"categories":[4],"tags":[431],"formato_nota":[],"programas_tax":[],"acf":[],"_links":{"self":[{"href":"https:\/\/www.medellin.gov.co\/es\/wp-json\/wp\/v2\/posts\/397236"}],"collection":[{"href":"https:\/\/www.medellin.gov.co\/es\/wp-json\/wp\/v2\/posts"}],"about":[{"href":"https:\/\/www.medellin.gov.co\/es\/wp-json\/wp\/v2\/types\/post"}],"author":[{"embeddable":true,"href":"https:\/\/www.medellin.gov.co\/es\/wp-json\/wp\/v2\/users\/21"}],"replies":[{"embeddable":true,"href":"https:\/\/www.medellin.gov.co\/es\/wp-json\/wp\/v2\/comments?post=397236"}],"version-history":[{"count":1,"href":"https:\/\/www.medellin.gov.co\/es\/wp-json\/wp\/v2\/posts\/397236\/revisions"}],"predecessor-version":[{"id":397237,"href":"https:\/\/www.medellin.gov.co\/es\/wp-json\/wp\/v2\/posts\/397236\/revisions\/397237"}],"wp:featuredmedia":[{"embeddable":true,"href":"https:\/\/www.medellin.gov.co\/es\/wp-json\/wp\/v2\/media\/397202"}],"wp:attachment":[{"href":"https:\/\/www.medellin.gov.co\/es\/wp-json\/wp\/v2\/media?parent=397236"}],"wp:term":[{"taxonomy":"category","embeddable":true,"href":"https:\/\/www.medellin.gov.co\/es\/wp-json\/wp\/v2\/categories?post=397236"},{"taxonomy":"post_tag","embeddable":true,"href":"https:\/\/www.medellin.gov.co\/es\/wp-json\/wp\/v2\/tags?post=397236"},{"taxonomy":"formato_nota","embeddable":true,"href":"https:\/\/www.medellin.gov.co\/es\/wp-json\/wp\/v2\/formato_nota?post=397236"},{"taxonomy":"programas_tax","embeddable":true,"href":"https:\/\/www.medellin.gov.co\/es\/wp-json\/wp\/v2\/programas_tax?post=397236"}],"curies":[{"name":"wp","href":"https:\/\/api.w.org\/{rel}","templated":true}]}}