{"id":397238,"date":"2025-04-02T11:12:30","date_gmt":"2025-04-02T16:12:30","guid":{"rendered":"https:\/\/www.medellin.gov.co\/es\/?p=397238"},"modified":"2025-04-02T11:12:30","modified_gmt":"2025-04-02T16:12:30","slug":"medellin-gana-convocatoria-internacional-y-liderara-laboratorio-de-innovacion-para-la-participacion-ciudadana","status":"publish","type":"post","link":"https:\/\/www.medellin.gov.co\/es\/sala-de-prensa\/noticias\/medellin-gana-convocatoria-internacional-y-liderara-laboratorio-de-innovacion-para-la-participacion-ciudadana\/","title":{"rendered":"Medell\u00edn gana convocatoria internacional y liderar\u00e1 laboratorio de innovaci\u00f3n para la participaci\u00f3n ciudadana"},"content":{"rendered":"<ul>\n<li>Ciudadan\u00eda Lab es un proyecto de innovaci\u00f3n con \u00e9nfasis en las juventudes y las mujeres.<\/li>\n<li>LABIC 2025 seleccion\u00f3 tres ciudades de Latinoam\u00e9rica y el Caribe: Medell\u00edn (Colombia), Puebla (M\u00e9xico) y Las Tunas (Cuba).<\/li>\n<\/ul>\n<!--[if lt IE 9]><script>document.createElement('audio');<\/script><![endif]-->\n\t<div class=\"wp-playlist wp-audio-playlist wp-playlist-light\">\n\t\t\t<div class=\"wp-playlist-current-item\"><\/div>\n\t\t<audio controls=\"controls\" preload=\"none\" width=\"640\"\n\t\t\t><\/audio>\n\t<div class=\"wp-playlist-next\"><\/div>\n\t<div class=\"wp-playlist-prev\"><\/div>\n\t<noscript>\n\t<ol>\n\t\t<li><a href='https:\/\/www.medellin.gov.co\/es\/wp-content\/uploads\/2025\/04\/Audio-Medellin-Liderara-Laboratorio-de-Innovacion-para-Participacion-Ciudadana-01.mp3'>Audio Palabras de Camilo Cano Montoya, secretario de Participaci\u00f3n Ciudadana<\/a><\/li><li><a href='https:\/\/www.medellin.gov.co\/es\/wp-content\/uploads\/2025\/04\/Audio-Medellin-Liderara-Laboratorio-de-Innovacion-para-Participacion-Ciudadana-02.mp3'>Audio Palabras de Ana Luc\u00eda P\u00e9rez Pati\u00f1o, vicerrectora de Extensi\u00f3n de la Universidad de Antioquia<\/a><\/li>\t<\/ol>\n\t<\/noscript>\n\t<script type=\"application\/json\" class=\"wp-playlist-script\">{\"type\":\"audio\",\"tracklist\":true,\"tracknumbers\":true,\"images\":true,\"artists\":true,\"tracks\":[{\"src\":\"https:\\\/\\\/www.medellin.gov.co\\\/es\\\/wp-content\\\/uploads\\\/2025\\\/04\\\/Audio-Medellin-Liderara-Laboratorio-de-Innovacion-para-Participacion-Ciudadana-01.mp3\",\"type\":\"audio\\\/mpeg\",\"title\":\"Audio Palabras de Camilo Cano Montoya, secretario de Participaci\\u00f3n Ciudadana\",\"caption\":\"\",\"description\":\"\\u00abPalabras de Camilo Cano Montoya, secretario de Participaci\\u00f3n Ciudadana\\u00bb.\",\"meta\":{\"genre\":\"Blues\",\"length_formatted\":\"0:38\"},\"image\":{\"src\":\"https:\\\/\\\/www.medellin.gov.co\\\/es\\\/wp-includes\\\/images\\\/media\\\/audio.png\",\"width\":48,\"height\":64},\"thumb\":{\"src\":\"https:\\\/\\\/www.medellin.gov.co\\\/es\\\/wp-includes\\\/images\\\/media\\\/audio.png\",\"width\":48,\"height\":64}},{\"src\":\"https:\\\/\\\/www.medellin.gov.co\\\/es\\\/wp-content\\\/uploads\\\/2025\\\/04\\\/Audio-Medellin-Liderara-Laboratorio-de-Innovacion-para-Participacion-Ciudadana-02.mp3\",\"type\":\"audio\\\/mpeg\",\"title\":\"Audio Palabras de Ana Luc\\u00eda P\\u00e9rez Pati\\u00f1o, vicerrectora de Extensi\\u00f3n de la Universidad de Antioquia\",\"caption\":\"\",\"description\":\"\\u00abPalabras de Ana Luc\\u00eda P\\u00e9rez Pati\\u00f1o, vicerrectora de Extensi\\u00f3n de la Universidad de Antioquia\\u00bb.\",\"meta\":{\"genre\":\"Blues\",\"length_formatted\":\"1:46\"},\"image\":{\"src\":\"https:\\\/\\\/www.medellin.gov.co\\\/es\\\/wp-includes\\\/images\\\/media\\\/audio.png\",\"width\":48,\"height\":64},\"thumb\":{\"src\":\"https:\\\/\\\/www.medellin.gov.co\\\/es\\\/wp-includes\\\/images\\\/media\\\/audio.png\",\"width\":48,\"height\":64}}]}<\/script>\n<\/div>\n\t\n<p>Medell\u00edn fue seleccionada como una de las ganadoras de la convocatoria de Laboratorios de Innovaci\u00f3n Ciudadana -LABIC- 2025, organizada por la Secretar\u00eda General Iberoamericana (SEGIB), con el apoyo de la Agencia Espa\u00f1ola de Cooperaci\u00f3n Internacional para el Desarrollo (AECID). Esta victoria se logra gracias a la propuesta conjunta del Distrito y la Universidad de Antioquia, denominada \u00ab<em>Ciudadan\u00eda Lab<\/em>\u00ab, cuyo prop\u00f3sito es potenciar las capacidades de innovaci\u00f3n e incidencia en los procesos de participaci\u00f3n ciudadana de organizaciones sociales y comunitarias de Medell\u00edn.<\/p>\n<p>\u201c<em>Para la ciudad es muy importante haber sido seleccionada como una de las ganadoras en LABIC 2025, porque es destacar la innovaci\u00f3n social. Esperamos que estas pr\u00e1cticas se sigan consolidando y m\u00e1s personas aporten a las soluciones de las problem\u00e1ticas del desarrollo local<\/em>\u201d, expres\u00f3 el secretario de Participaci\u00f3n Ciudadana, Camilo Cano Montoya.<\/p>\n<p>La convocatoria LABIC 2025 recibi\u00f3 53 iniciativas de 13 pa\u00edses iberoamericanos. El laboratorio propuesto por la Administraci\u00f3n Distrital y la Universidad de Antioquia se centra en las juventudes y las mujeres, con el fin de reducir brechas y promover una mayor equidad en los espacios de toma de decisiones.<\/p>\n<div id=\"attachment_397190\" style=\"width: 1143px\" class=\"wp-caption alignnone\"><a href=\"https:\/\/www.medellin.gov.co\/es\/wp-content\/uploads\/2025\/04\/Panoramica-Personas-Caminan-en-el-Campo-1.jpg\" target=\"_blank\" rel=\"noopener\"><img aria-describedby=\"caption-attachment-397190\" loading=\"lazy\" class=\"wp-image-397190 size-full\" src=\"https:\/\/www.medellin.gov.co\/es\/wp-content\/uploads\/2025\/04\/Panoramica-Personas-Caminan-en-el-Campo-1.jpg\" alt=\"Medell\u00edn gana convocatoria internacional y liderar\u00e1 laboratorio de innovaci\u00f3n para la participaci\u00f3n ciudadana\" width=\"1133\" height=\"850\" srcset=\"https:\/\/www.medellin.gov.co\/es\/wp-content\/uploads\/2025\/04\/Panoramica-Personas-Caminan-en-el-Campo-1.jpg 1133w, https:\/\/www.medellin.gov.co\/es\/wp-content\/uploads\/2025\/04\/Panoramica-Personas-Caminan-en-el-Campo-1-300x225.jpg 300w, https:\/\/www.medellin.gov.co\/es\/wp-content\/uploads\/2025\/04\/Panoramica-Personas-Caminan-en-el-Campo-1-1024x768.jpg 1024w, https:\/\/www.medellin.gov.co\/es\/wp-content\/uploads\/2025\/04\/Panoramica-Personas-Caminan-en-el-Campo-1-150x113.jpg 150w, https:\/\/www.medellin.gov.co\/es\/wp-content\/uploads\/2025\/04\/Panoramica-Personas-Caminan-en-el-Campo-1-768x576.jpg 768w\" sizes=\"(max-width: 1133px) 100vw, 1133px\" \/><\/a><p id=\"caption-attachment-397190\" class=\"wp-caption-text\">Foto Alcald\u00eda de Medell\u00edn<\/p><\/div>\n<p>\u201c<em>Solo el 14 % de nuestros j\u00f3venes intervienen en los mecanismos activos de participaci\u00f3n ciudadana, a pesar de que hemos logrado una cooperaci\u00f3n paritaria de mujeres, todav\u00eda necesitamos fortalecer esos mecanismos desde la innovaci\u00f3n, la formaci\u00f3n para que sigamos construyendo nuestra ciudad<\/em>\u201d, manifest\u00f3 la vicerrectora de Extensi\u00f3n de la Universidad de Antioquia, Ana Luc\u00eda P\u00e9rez Pati\u00f1o.<\/p>\n<p>Otra de las seleccionadas fue la Secretar\u00eda de Medio Ambiente de Puebla (M\u00e9xico), donde se desarrollar\u00e1 el LABIC para enfrentar el problema de contaminaci\u00f3n del r\u00edo Atoyac, uno de los m\u00e1s problem\u00e1ticos de M\u00e9xico. Tambi\u00e9n, Las Tunas, en Cuba, donde se fortalecer\u00e1n los microemprendimientos de mujeres<\/p>\n<p>a trav\u00e9s de tecnolog\u00eda e inteligencia artificial en el marco del nuevo impulso a las mipymes en ese pa\u00eds.<\/p>\n<p>El desarrollo de \u201c<em>Ciudadan\u00eda Lab<\/em>\u201d se estructurar\u00e1 en varias fases. La primera ser\u00e1 la conformaci\u00f3n del equipo t\u00e9cnico y la planificaci\u00f3n del proceso, seguido de la exploraci\u00f3n de problemas y oportunidades. Posteriormente, se implementar\u00e1 la fase de ideaci\u00f3n y generaci\u00f3n de soluciones con metodolog\u00edas de creatividad como design thinking. Luego, se proceder\u00e1 al prototipado y prueba de ideas innovadoras. Finalmente, se gestionar\u00e1 y monitorear\u00e1 el conocimiento generado para su difusi\u00f3n y aplicaci\u00f3n en futuras iniciativas.<\/p>\n","protected":false},"excerpt":{"rendered":"<p>Ciudadan\u00eda Lab es un proyecto de innovaci\u00f3n con \u00e9nfasis en las juventudes y las mujeres. LABIC 2025 seleccion\u00f3 tres ciudades de Latinoam\u00e9rica y el Caribe: Medell\u00edn (Colombia), Puebla (M\u00e9xico) y Las Tunas (Cuba). Medell\u00edn fue &#8230;<\/p>\n","protected":false},"author":21,"featured_media":397200,"comment_status":"open","ping_status":"open","sticky":false,"template":"","format":"standard","meta":[],"categories":[16],"tags":[428,450],"formato_nota":[],"programas_tax":[],"acf":[],"_links":{"self":[{"href":"https:\/\/www.medellin.gov.co\/es\/wp-json\/wp\/v2\/posts\/397238"}],"collection":[{"href":"https:\/\/www.medellin.gov.co\/es\/wp-json\/wp\/v2\/posts"}],"about":[{"href":"https:\/\/www.medellin.gov.co\/es\/wp-json\/wp\/v2\/types\/post"}],"author":[{"embeddable":true,"href":"https:\/\/www.medellin.gov.co\/es\/wp-json\/wp\/v2\/users\/21"}],"replies":[{"embeddable":true,"href":"https:\/\/www.medellin.gov.co\/es\/wp-json\/wp\/v2\/comments?post=397238"}],"version-history":[{"count":1,"href":"https:\/\/www.medellin.gov.co\/es\/wp-json\/wp\/v2\/posts\/397238\/revisions"}],"predecessor-version":[{"id":397239,"href":"https:\/\/www.medellin.gov.co\/es\/wp-json\/wp\/v2\/posts\/397238\/revisions\/397239"}],"wp:featuredmedia":[{"embeddable":true,"href":"https:\/\/www.medellin.gov.co\/es\/wp-json\/wp\/v2\/media\/397200"}],"wp:attachment":[{"href":"https:\/\/www.medellin.gov.co\/es\/wp-json\/wp\/v2\/media?parent=397238"}],"wp:term":[{"taxonomy":"category","embeddable":true,"href":"https:\/\/www.medellin.gov.co\/es\/wp-json\/wp\/v2\/categories?post=397238"},{"taxonomy":"post_tag","embeddable":true,"href":"https:\/\/www.medellin.gov.co\/es\/wp-json\/wp\/v2\/tags?post=397238"},{"taxonomy":"formato_nota","embeddable":true,"href":"https:\/\/www.medellin.gov.co\/es\/wp-json\/wp\/v2\/formato_nota?post=397238"},{"taxonomy":"programas_tax","embeddable":true,"href":"https:\/\/www.medellin.gov.co\/es\/wp-json\/wp\/v2\/programas_tax?post=397238"}],"curies":[{"name":"wp","href":"https:\/\/api.w.org\/{rel}","templated":true}]}}