{"id":397241,"date":"2025-04-02T11:17:12","date_gmt":"2025-04-02T16:17:12","guid":{"rendered":"https:\/\/www.medellin.gov.co\/es\/?p=397241"},"modified":"2025-04-02T11:17:12","modified_gmt":"2025-04-02T16:17:12","slug":"golpe-al-crimen-en-la-comuna-13-capturados-cinco-integrantes-del-gdco-las-independencias","status":"publish","type":"post","link":"https:\/\/www.medellin.gov.co\/es\/sala-de-prensa\/noticias\/golpe-al-crimen-en-la-comuna-13-capturados-cinco-integrantes-del-gdco-las-independencias\/","title":{"rendered":"Golpe al crimen en la comuna 13: capturados cinco integrantes del GDCO \u201cLas Independencias\u201d"},"content":{"rendered":"<ul>\n<li>Estos delincuentes operaban en varios barrios de la comuna 13, impactando la seguridad y el Graffitour.<\/li>\n<li>La Alcald\u00eda ofrece hasta $30 millones por informaci\u00f3n que lleve a la captura de alias \u201cSebas\u201d, cabecilla criminal de esta organizaci\u00f3n.<\/li>\n<\/ul>\n<!--[if lt IE 9]><script>document.createElement('audio');<\/script><![endif]-->\n\t<div class=\"wp-playlist wp-audio-playlist wp-playlist-light\">\n\t\t\t<div class=\"wp-playlist-current-item\"><\/div>\n\t\t<audio controls=\"controls\" preload=\"none\" width=\"640\"\n\t\t\t><\/audio>\n\t<div class=\"wp-playlist-next\"><\/div>\n\t<div class=\"wp-playlist-prev\"><\/div>\n\t<noscript>\n\t<ol>\n\t\t<li><a href='https:\/\/www.medellin.gov.co\/es\/wp-content\/uploads\/2025\/04\/Audio-Golpe-al-Crimen-en-la-Comuna-13.mp3'>Audio Palabras de Manuel Villa Mej\u00eda, secretario de Seguridad y Convivencia<\/a><\/li>\t<\/ol>\n\t<\/noscript>\n\t<script type=\"application\/json\" class=\"wp-playlist-script\">{\"type\":\"audio\",\"tracklist\":true,\"tracknumbers\":true,\"images\":true,\"artists\":true,\"tracks\":[{\"src\":\"https:\\\/\\\/www.medellin.gov.co\\\/es\\\/wp-content\\\/uploads\\\/2025\\\/04\\\/Audio-Golpe-al-Crimen-en-la-Comuna-13.mp3\",\"type\":\"audio\\\/mpeg\",\"title\":\"Audio Palabras de Manuel Villa Mej\\u00eda, secretario de Seguridad y Convivencia\",\"caption\":\"\",\"description\":\"\\u00abPalabras de Manuel Villa Mej\\u00eda, secretario de Seguridad y Convivencia\\u00bb.\",\"meta\":{\"genre\":\"Blues\",\"length_formatted\":\"4:02\"},\"image\":{\"src\":\"https:\\\/\\\/www.medellin.gov.co\\\/es\\\/wp-includes\\\/images\\\/media\\\/audio.png\",\"width\":48,\"height\":64},\"thumb\":{\"src\":\"https:\\\/\\\/www.medellin.gov.co\\\/es\\\/wp-includes\\\/images\\\/media\\\/audio.png\",\"width\":48,\"height\":64}}]}<\/script>\n<\/div>\n\t\n<p>En un operativo conjunto entre la Administraci\u00f3n Distrital, el Gaula de la Polic\u00eda Metropolitana del Valle de Aburr\u00e1 y la Fiscal\u00eda General de la Naci\u00f3n, se efectu\u00f3 un importante golpe contra el Grupo Delincuencial Com\u00fan Organizado (GDCO) \u201c<em>Las Independencias<\/em>\u201d, que opera en la comuna 13.<\/p>\n<p>Tras 11 meses de investigaci\u00f3n, las autoridades llevaron a cabo siete diligencias de registro y allanamiento en Medell\u00edn y Bello, logrando la captura de cinco presuntos integrantes de esta organizaci\u00f3n, entre ellos, alias \u201c<em>Repo<\/em>\u201d, uno de sus coordinadores. Estos delincuentes ejerc\u00edan su accionar criminal en los barrios Las Independencias 1, 2 y 3, as\u00ed como en el 20 de Julio, afectando la seguridad del sector y el corredor tur\u00edstico del Graffitour.<\/p>\n<div id=\"attachment_397213\" style=\"width: 1290px\" class=\"wp-caption alignnone\"><a href=\"https:\/\/www.medellin.gov.co\/es\/wp-content\/uploads\/2025\/04\/Imagen-Capturados-Comuna-13.jpg\" target=\"_blank\" rel=\"noopener\"><img aria-describedby=\"caption-attachment-397213\" loading=\"lazy\" class=\"wp-image-397213 size-full\" src=\"https:\/\/www.medellin.gov.co\/es\/wp-content\/uploads\/2025\/04\/Imagen-Capturados-Comuna-13.jpg\" alt=\"Golpe al crimen en la comuna 13: capturados cinco integrantes del GDCO \u201cLas Independencias\u201d\" width=\"1280\" height=\"720\" srcset=\"https:\/\/www.medellin.gov.co\/es\/wp-content\/uploads\/2025\/04\/Imagen-Capturados-Comuna-13.jpg 1280w, https:\/\/www.medellin.gov.co\/es\/wp-content\/uploads\/2025\/04\/Imagen-Capturados-Comuna-13-300x169.jpg 300w, https:\/\/www.medellin.gov.co\/es\/wp-content\/uploads\/2025\/04\/Imagen-Capturados-Comuna-13-1024x576.jpg 1024w, https:\/\/www.medellin.gov.co\/es\/wp-content\/uploads\/2025\/04\/Imagen-Capturados-Comuna-13-150x84.jpg 150w, https:\/\/www.medellin.gov.co\/es\/wp-content\/uploads\/2025\/04\/Imagen-Capturados-Comuna-13-768x432.jpg 768w\" sizes=\"(max-width: 1280px) 100vw, 1280px\" \/><\/a><p id=\"caption-attachment-397213\" class=\"wp-caption-text\">Foto Alcald\u00eda de Medell\u00edn<\/p><\/div>\n<p>Las capturas fueron producto de \u00f3rdenes judiciales por secuestro extorsivo agravado y hurto calificado y agravado, delitos en los que estar\u00edan implicados, incluyendo el secuestro de un ciudadano en Laureles, en marzo de 2024, a quien retuvieron para despojarlo de $10 millones. Durante el operativo, tambi\u00e9n se incautaron un rev\u00f3lver calibre 32 y 60 cartuchos de munici\u00f3n.<\/p>\n<p>\u201c<em>Este es un paso m\u00e1s en nuestra ofensiva contra el crimen organizado. El a\u00f1o pasado logramos la captura de 16 integrantes de esta estructura y seguimos avanzando con investigaciones para desarticularla por completo. No vamos a tolerar que estos grupos contin\u00faen afectando la tranquilidad de nuestras comunidades. Aqu\u00ed la autoridad se respeta, y todo aquel que atente contra la seguridad de los ciudadanos enfrentar\u00e1 el peso de la ley<\/em>\u201d, precis\u00f3 el secretario de Seguridad y Convivencia de Medell\u00edn, Manuel Villa Mej\u00eda.<\/p>\n<div id=\"attachment_397193\" style=\"width: 1286px\" class=\"wp-caption alignnone\"><a href=\"https:\/\/www.medellin.gov.co\/es\/wp-content\/uploads\/2025\/04\/Imagen-Secretario-Seguridad-con-Comunidad-1.jpg\" target=\"_blank\" rel=\"noopener\"><img aria-describedby=\"caption-attachment-397193\" loading=\"lazy\" class=\"wp-image-397193 size-full\" src=\"https:\/\/www.medellin.gov.co\/es\/wp-content\/uploads\/2025\/04\/Imagen-Secretario-Seguridad-con-Comunidad-1.jpg\" alt=\"Golpe al crimen en la comuna 13: capturados cinco integrantes del GDCO \u201cLas Independencias\u201d\" width=\"1276\" height=\"850\" srcset=\"https:\/\/www.medellin.gov.co\/es\/wp-content\/uploads\/2025\/04\/Imagen-Secretario-Seguridad-con-Comunidad-1.jpg 1276w, https:\/\/www.medellin.gov.co\/es\/wp-content\/uploads\/2025\/04\/Imagen-Secretario-Seguridad-con-Comunidad-1-300x200.jpg 300w, https:\/\/www.medellin.gov.co\/es\/wp-content\/uploads\/2025\/04\/Imagen-Secretario-Seguridad-con-Comunidad-1-1024x682.jpg 1024w, https:\/\/www.medellin.gov.co\/es\/wp-content\/uploads\/2025\/04\/Imagen-Secretario-Seguridad-con-Comunidad-1-150x100.jpg 150w, https:\/\/www.medellin.gov.co\/es\/wp-content\/uploads\/2025\/04\/Imagen-Secretario-Seguridad-con-Comunidad-1-768x512.jpg 768w\" sizes=\"(max-width: 1276px) 100vw, 1276px\" \/><\/a><p id=\"caption-attachment-397193\" class=\"wp-caption-text\">Foto Alcald\u00eda de Medell\u00edn<\/p><\/div>\n<p>Como parte de esta estrategia de seguridad, la Alcald\u00eda de Medell\u00edn anunci\u00f3 una recompensa de hasta $30 millones por informaci\u00f3n que conduzca a la captura de Sebasti\u00e1n Restrepo Berr\u00edo, alias \u201c<em>Sebas\u201d o \u201cSebitas<\/em>\u201d, cabecilla de esta organizaci\u00f3n criminal. Este individuo, con una trayectoria de 15 a\u00f1os delinquiendo, est\u00e1 implicado en homicidios, extorsi\u00f3n y el uso de menores para cometer delitos, lo que ha afectado gravemente la seguridad en la comuna 13. Su captura es una prioridad para la Administraci\u00f3n Distrital.<\/p>\n<p>\u201c<em>Si alg\u00fan bandido piensa que puede continuar con sus actos delictivos, le aseguro que no descansaremos hasta que sea capturado y llevado ante la justicia. No permitiremos que nadie interceda para proteger a estos delincuentes, como ocurri\u00f3 recientemente durante una intervenci\u00f3n de la Fuerza P\u00fablica. La seguridad de Medell\u00edn es nuestra prioridad, y quien se atreva a desafiar a los funcionarios y servidores deber\u00e1 asumir las consecuencias<\/em>\u201d, advirti\u00f3 el secretario Villa Mej\u00eda.<\/p>\n<p>La Secretar\u00eda de Seguridad y Convivencia de Medell\u00edn reafirma su compromiso con la protecci\u00f3n de la ciudadan\u00eda. La lucha es por la seguridad y la convivencia. Medell\u00edn es una ciudad de ley y orden, y aqu\u00ed el crimen no tiene cabida.<\/p>\n","protected":false},"excerpt":{"rendered":"<p>Estos delincuentes operaban en varios barrios de la comuna 13, impactando la seguridad y el Graffitour. La Alcald\u00eda ofrece hasta $30 millones por informaci\u00f3n que lleve a la captura de alias \u201cSebas\u201d, cabecilla criminal de &#8230;<\/p>\n","protected":false},"author":21,"featured_media":397209,"comment_status":"open","ping_status":"open","sticky":false,"template":"","format":"standard","meta":[],"categories":[21],"tags":[619],"formato_nota":[],"programas_tax":[],"acf":[],"_links":{"self":[{"href":"https:\/\/www.medellin.gov.co\/es\/wp-json\/wp\/v2\/posts\/397241"}],"collection":[{"href":"https:\/\/www.medellin.gov.co\/es\/wp-json\/wp\/v2\/posts"}],"about":[{"href":"https:\/\/www.medellin.gov.co\/es\/wp-json\/wp\/v2\/types\/post"}],"author":[{"embeddable":true,"href":"https:\/\/www.medellin.gov.co\/es\/wp-json\/wp\/v2\/users\/21"}],"replies":[{"embeddable":true,"href":"https:\/\/www.medellin.gov.co\/es\/wp-json\/wp\/v2\/comments?post=397241"}],"version-history":[{"count":1,"href":"https:\/\/www.medellin.gov.co\/es\/wp-json\/wp\/v2\/posts\/397241\/revisions"}],"predecessor-version":[{"id":397256,"href":"https:\/\/www.medellin.gov.co\/es\/wp-json\/wp\/v2\/posts\/397241\/revisions\/397256"}],"wp:featuredmedia":[{"embeddable":true,"href":"https:\/\/www.medellin.gov.co\/es\/wp-json\/wp\/v2\/media\/397209"}],"wp:attachment":[{"href":"https:\/\/www.medellin.gov.co\/es\/wp-json\/wp\/v2\/media?parent=397241"}],"wp:term":[{"taxonomy":"category","embeddable":true,"href":"https:\/\/www.medellin.gov.co\/es\/wp-json\/wp\/v2\/categories?post=397241"},{"taxonomy":"post_tag","embeddable":true,"href":"https:\/\/www.medellin.gov.co\/es\/wp-json\/wp\/v2\/tags?post=397241"},{"taxonomy":"formato_nota","embeddable":true,"href":"https:\/\/www.medellin.gov.co\/es\/wp-json\/wp\/v2\/formato_nota?post=397241"},{"taxonomy":"programas_tax","embeddable":true,"href":"https:\/\/www.medellin.gov.co\/es\/wp-json\/wp\/v2\/programas_tax?post=397241"}],"curies":[{"name":"wp","href":"https:\/\/api.w.org\/{rel}","templated":true}]}}