{"id":397334,"date":"2025-04-02T14:57:18","date_gmt":"2025-04-02T19:57:18","guid":{"rendered":"https:\/\/www.medellin.gov.co\/es\/?p=397334"},"modified":"2025-04-02T14:57:18","modified_gmt":"2025-04-02T19:57:18","slug":"los-estimulos-para-el-arte-y-la-cultura-tambien-llegan-a-los-corregimientos","status":"publish","type":"post","link":"https:\/\/www.medellin.gov.co\/es\/sala-de-prensa\/noticias\/los-estimulos-para-el-arte-y-la-cultura-tambien-llegan-a-los-corregimientos\/","title":{"rendered":"Los est\u00edmulos para el arte y la cultura tambi\u00e9n llegan a los corregimientos"},"content":{"rendered":"<p>Hablar de Santa Elena es hablar de cultura y de cultura silletera que, contrario a lo que predomina en el imaginario colectivo de la ciudad, \u201cva mucho m\u00e1s all\u00e1 de la construcci\u00f3n de las silletas, porque estas son el \u00edcono de una cultura colectiva que tiene muchos otros elementos, entre esos la m\u00fasica. Santa Elena tiene su propia identidad sonora y la ha ido construyendo desde hace m\u00e1s de 100 a\u00f1os\u201d, asegura Esteban Garc\u00e9s G\u00f3mez, un joven artista y l\u00edder cultural que, desde que lleg\u00f3 a vivir al corregimiento, se propuso aportar a la transformaci\u00f3n social de su nuevo territorio, a trav\u00e9s de procesos culturales.<\/p>\n<p>For\u00e1neo o nuevo habitante, as\u00ed le llaman los nativos a Esteban y a todos los que han llegado a vivir a Santa Elena en los \u00faltimos cinco, quiz\u00e1s diez a\u00f1os. La pandemia fue el detonante para que Esteban, abogado de profesi\u00f3n, mag\u00edster en Educaci\u00f3n y Derechos Humanos, pero artista por pasi\u00f3n y convicci\u00f3n, decidiera radicarse definitivamente en este corregimiento, en la vereda Barro Blanco.<\/p>\n<p>\u00c9l es un apasionado de la m\u00fasica Andina, de su est\u00e9tica, pero sobre todo de la visi\u00f3n social que recoge y representa en todas sus expresiones. Ha estado vinculado a procesos de investigaci\u00f3n y formaci\u00f3n alrededor de este g\u00e9nero desde 2012, por eso, a su llegada a Barro Blanco comenz\u00f3 a impulsar su propio semillero gratuito de m\u00fasica andina para la comunidad y r\u00e1pidamente se interes\u00f3 por otros temas de gesti\u00f3n cultural en todo el corregimiento, y apoy\u00f3 la consolidaci\u00f3n del Consejo de Cultura de Santa Elena, el cual hoy preside.<\/p>\n<p>Esteban ha encontrado apoyo en varios programas culturales que ofrece la Alcald\u00eda. Como \u00e9l, 838 artistas en Medell\u00edn se beneficiaron de la Convocatoria de Fomento y Est\u00edmulos para el Arte y Cultura de la Alcald\u00eda, durante 2024, y encontraron una oportunidad para impulsar procesos art\u00edsticos. \u00c9l, por ejemplo, se ha postulado a varias convocatorias en los \u00faltimos nueve a\u00f1os y ha recibido est\u00edmulos con los que ha podido materializar iniciativas como el Festival de M\u00fasica Andina Colombiana y Campesina de Santa Elena, que ya tiene dos ediciones; el fortalecimiento del semillero de m\u00fasica andina \u201cSikuris Santa Elena\u201d; y la tertulia \u201cEl patrimonio musical de Santa Elena y su relaci\u00f3n con la manifestaci\u00f3n cultural silletera\u201d.<\/p>\n<p><img loading=\"lazy\" class=\"alignnone wp-image-397354 size-full\" src=\"https:\/\/www.medellin.gov.co\/es\/wp-content\/uploads\/2025\/04\/Cultura_Tambor_1a.jpg\" alt=\"\" width=\"1280\" height=\"850\" srcset=\"https:\/\/www.medellin.gov.co\/es\/wp-content\/uploads\/2025\/04\/Cultura_Tambor_1a.jpg 1280w, https:\/\/www.medellin.gov.co\/es\/wp-content\/uploads\/2025\/04\/Cultura_Tambor_1a-300x199.jpg 300w, https:\/\/www.medellin.gov.co\/es\/wp-content\/uploads\/2025\/04\/Cultura_Tambor_1a-1024x680.jpg 1024w, https:\/\/www.medellin.gov.co\/es\/wp-content\/uploads\/2025\/04\/Cultura_Tambor_1a-150x100.jpg 150w, https:\/\/www.medellin.gov.co\/es\/wp-content\/uploads\/2025\/04\/Cultura_Tambor_1a-768x510.jpg 768w\" sizes=\"(max-width: 1280px) 100vw, 1280px\" \/><\/p>\n<p>\u201cLas Convocatorias de Fomento y Est\u00edmulos para el Arte y la Cultura son una herramienta fundamental para impulsar el talento, la creatividad y el trabajo de nuestros artistas y gestores culturales. A trav\u00e9s de ellas, Medell\u00edn fortalece su ecosistema cultural, apoya la creaci\u00f3n, circulaci\u00f3n y formaci\u00f3n, y genera oportunidades para que el arte siga transformando nuestro Distrito. Cada proyecto que hace parte de este proceso no solo beneficia a sus creadores, sino que tambi\u00e9n enriquece la oferta cultural de la ciudad, permitiendo que m\u00e1s ciudadanos accedan a experiencias art\u00edsticas de calidad en sus barrios, parques, bibliotecas, teatros y el espacio p\u00fablico\u201d, explica Santiago Silva Jaramillo, Secretario de Cultura Ciudadana.<\/p>\n<p>Durante 2024 se entregaron m\u00e1s de 10.160 millones de pesos para el desarrollo de proyectos en diversas \u00e1reas art\u00edsticas y culturales, entre ellas: arte urbano gr\u00e1fico, artes pl\u00e1sticas, artes visuales, artesan\u00edas, audiovisuales, circo, danza, gesti\u00f3n cultural, lectura y biblioteca, literatura, m\u00fasica, patrimonio, salas abiertas, teatro y actividades asociadas.<\/p>\n<p>\u201cEste a\u00f1o, reafirmamos nuestro compromiso con el sector, destinando m\u00e1s recursos para la convocatoria, porque creemos en el poder del arte para construir una ciudad m\u00e1s vibrante, incluyente y con m\u00e1s oportunidades. Queremos que m\u00e1s creadores puedan desarrollar sus iniciativas, llegar a nuevos p\u00fablicos y consolidar su labor. As\u00ed, fortalecemos no solo a nuestros artistas, sino tambi\u00e9n a la ciudadan\u00eda, que podr\u00e1 disfrutar de una programaci\u00f3n cultural m\u00e1s diversa y cercana\u201d, agrega el secretario.<\/p>\n<p>Antes de darnos una muestra de interpretaci\u00f3n de m\u00fasica andina, Esteban nos explica en detalle la concepci\u00f3n del Sikuri o Sucuri, un instrumento compuesto de dos partes de tubos de ca\u00f1a atados, que las comunidades aymaras de todos los pa\u00edses de Los Andes suelen tocar en d\u00fao o en grupo. \u00c9l nos deleita con su talento, pero admite que su sue\u00f1o no es volverse un m\u00fasico experto, sino m\u00e1s bien un l\u00edder que pueda seguir generando procesos de formaci\u00f3n en Santa Elena, porque, como \u00e9l mismo lo dice, \u201cson una base para lograr una verdadera transformaci\u00f3n social. Queremos que el arte sea un puente para dialogar entre generaciones y entre diferentes manifestaciones culturales. Me sue\u00f1o con posicionar el Festival de M\u00fasica Andina Colombiana y Campesina como un espacio de encuentro para el disfrute de la comunidad, que nos permita reconocer nuestra identidad y por qu\u00e9 no, quiz\u00e1s materializar un documental de m\u00fasicas campesinas que han sido tan importantes en nuestra cultura silletera\u201d.<\/p>\n<p>La inversi\u00f3n destinada a los corregimientos en el marco de la convocatoria 2024 fue de $743.945.533. \u201cDesde la Administraci\u00f3n Distrital estamos comprometidos con una nueva ruralidad y eso implica poder llevar la oferta institucional hasta los lugares m\u00e1s profundos de nuestra ciudad. Los corregimientos no solo necesitan impulsar su desarrollo econ\u00f3mico a trav\u00e9s del agro, tambi\u00e9n necesitan educaci\u00f3n, infraestructura, salud, espacios de encuentro y, por supuesto, arte y cultura que tienen un gran poder de transformaci\u00f3n social\u201d, afirma el Gerente de Corregimientos, Andr\u00e9s Felipe L\u00f3pez Vergara.<\/p>\n<p>Las Convocatorias de Fomento y Est\u00edmulos para el Arte y la Cultura son anuales, y se publican en <a href=\"http:\/\/www.medellin.gov.co\/estimuloscultura\/\">www.medellin.gov.co\/estimuloscultura\/<\/a>.<\/p>\n","protected":false},"excerpt":{"rendered":"<p>Hablar de Santa Elena es hablar de cultura y de cultura silletera que, contrario a lo que predomina en el imaginario colectivo de la ciudad, \u201cva mucho m\u00e1s all\u00e1 de la construcci\u00f3n de las silletas, &#8230;<\/p>\n","protected":false},"author":95,"featured_media":397351,"comment_status":"open","ping_status":"open","sticky":false,"template":"","format":"standard","meta":[],"categories":[24],"tags":[444],"formato_nota":[],"programas_tax":[],"acf":[],"_links":{"self":[{"href":"https:\/\/www.medellin.gov.co\/es\/wp-json\/wp\/v2\/posts\/397334"}],"collection":[{"href":"https:\/\/www.medellin.gov.co\/es\/wp-json\/wp\/v2\/posts"}],"about":[{"href":"https:\/\/www.medellin.gov.co\/es\/wp-json\/wp\/v2\/types\/post"}],"author":[{"embeddable":true,"href":"https:\/\/www.medellin.gov.co\/es\/wp-json\/wp\/v2\/users\/95"}],"replies":[{"embeddable":true,"href":"https:\/\/www.medellin.gov.co\/es\/wp-json\/wp\/v2\/comments?post=397334"}],"version-history":[{"count":1,"href":"https:\/\/www.medellin.gov.co\/es\/wp-json\/wp\/v2\/posts\/397334\/revisions"}],"predecessor-version":[{"id":397356,"href":"https:\/\/www.medellin.gov.co\/es\/wp-json\/wp\/v2\/posts\/397334\/revisions\/397356"}],"wp:featuredmedia":[{"embeddable":true,"href":"https:\/\/www.medellin.gov.co\/es\/wp-json\/wp\/v2\/media\/397351"}],"wp:attachment":[{"href":"https:\/\/www.medellin.gov.co\/es\/wp-json\/wp\/v2\/media?parent=397334"}],"wp:term":[{"taxonomy":"category","embeddable":true,"href":"https:\/\/www.medellin.gov.co\/es\/wp-json\/wp\/v2\/categories?post=397334"},{"taxonomy":"post_tag","embeddable":true,"href":"https:\/\/www.medellin.gov.co\/es\/wp-json\/wp\/v2\/tags?post=397334"},{"taxonomy":"formato_nota","embeddable":true,"href":"https:\/\/www.medellin.gov.co\/es\/wp-json\/wp\/v2\/formato_nota?post=397334"},{"taxonomy":"programas_tax","embeddable":true,"href":"https:\/\/www.medellin.gov.co\/es\/wp-json\/wp\/v2\/programas_tax?post=397334"}],"curies":[{"name":"wp","href":"https:\/\/api.w.org\/{rel}","templated":true}]}}