{"id":397641,"date":"2025-04-15T18:22:21","date_gmt":"2025-04-15T23:22:21","guid":{"rendered":"https:\/\/www.medellin.gov.co\/es\/?p=397641"},"modified":"2025-04-15T17:58:46","modified_gmt":"2025-04-15T22:58:46","slug":"con-una-escoba-y-actitud-de-servicio-javier-ayuda-a-que-medellin-siga-siendo-la-tacita-de-plata","status":"publish","type":"post","link":"https:\/\/www.medellin.gov.co\/es\/sala-de-prensa\/noticias\/con-una-escoba-y-actitud-de-servicio-javier-ayuda-a-que-medellin-siga-siendo-la-tacita-de-plata\/","title":{"rendered":"Con una escoba y actitud de servicio, Javier ayuda a que Medell\u00edn siga siendo la Tacita de Plata"},"content":{"rendered":"<blockquote><p>Javier Correa se la rebusca cada d\u00eda cerca del parque de Bel\u00e9n Malib\u00fa. Es trabajador de oficios varios, rondero informal, les hace diligencias a los habitantes del sector y, porque le nace, barre una cuadra, con lo que complementa el trabajo de Emvarias y contribuye a la limpieza de la ciudad. Los vecinos lo tratan con confianza y valoran su labor.<\/p><\/blockquote>\n<p><em>Faashh, faashh, faashh<\/em>\u2026 El sonido de la escoba contra el pavimento rompe el silencio de la ma\u00f1ana de un mi\u00e9rcoles en el sector Bel\u00e9n Malib\u00fa del barrio Rosales, en el occidente de Medell\u00edn.<\/p>\n<p>A las 7:15, desde una de las esquinas del parque se ve a un hombre barriendo la calle, sobre todo hojas de los \u00e1rboles. Tiene uniforme de vigilante: botas negras platineras gastadas por el traj\u00edn, cachucha y pantal\u00f3n azules oscuros, camisa azul rey y bast\u00f3n de mando.<\/p>\n<div id=\"attachment_397649\" style=\"width: 1034px\" class=\"wp-caption alignnone\"><img aria-describedby=\"caption-attachment-397649\" loading=\"lazy\" class=\"size-full wp-image-397649\" src=\"https:\/\/www.medellin.gov.co\/es\/wp-content\/uploads\/2025\/04\/Imagen-de-Javier-barriendo-hojas-en-la-via.jpg\" alt=\"Imagen de Javier barriendo hojas en la v\u00eda\" width=\"1024\" height=\"724\" srcset=\"https:\/\/www.medellin.gov.co\/es\/wp-content\/uploads\/2025\/04\/Imagen-de-Javier-barriendo-hojas-en-la-via.jpg 1024w, https:\/\/www.medellin.gov.co\/es\/wp-content\/uploads\/2025\/04\/Imagen-de-Javier-barriendo-hojas-en-la-via-300x212.jpg 300w, https:\/\/www.medellin.gov.co\/es\/wp-content\/uploads\/2025\/04\/Imagen-de-Javier-barriendo-hojas-en-la-via-150x106.jpg 150w, https:\/\/www.medellin.gov.co\/es\/wp-content\/uploads\/2025\/04\/Imagen-de-Javier-barriendo-hojas-en-la-via-768x543.jpg 768w\" sizes=\"(max-width: 1024px) 100vw, 1024px\" \/><p id=\"caption-attachment-397649\" class=\"wp-caption-text\">Por su propia iniciativa, Javier barre una cuadra en Bel\u00e9n Malib\u00fa. Recoge, sobre todo, hojas de los \u00e1rboles.<\/p><\/div>\n<p>A ambos lados de la v\u00eda hay casonas y uno que otro edificio de pocos pisos. Se destacan los pinos vela y el sonido de los p\u00e1jaros. Hace un rato, a eso de las 6:00 a. m., escamp\u00f3, y ahora el hombre aprovecha para seguir barriendo este tramo, como todos los d\u00edas: es la calle 32E entre las carreras 66C y 67. <em>\u201cHola, Javi\u201d,<\/em> lo saluda una mujer que pasa junto a \u00e9l. Luego a otra, que va hacia su trabajo, la acompa\u00f1a hasta el parque.<\/p>\n\n\t\t<style type=\"text\/css\">\n\t\t\t#gallery-1 {\n\t\t\t\tmargin: auto;\n\t\t\t}\n\t\t\t#gallery-1 .gallery-item {\n\t\t\t\tfloat: left;\n\t\t\t\tmargin-top: 10px;\n\t\t\t\ttext-align: center;\n\t\t\t\twidth: 50%;\n\t\t\t}\n\t\t\t#gallery-1 img {\n\t\t\t\tborder: 2px solid #cfcfcf;\n\t\t\t}\n\t\t\t#gallery-1 .gallery-caption {\n\t\t\t\tmargin-left: 0;\n\t\t\t}\n\t\t\t\/* see gallery_shortcode() in wp-includes\/media.php *\/\n\t\t<\/style>\n\t\t<div id='gallery-1' class='gallery galleryid-397641 gallery-columns-2 gallery-size-full'><dl class='gallery-item'>\n\t\t\t<dt class='gallery-icon landscape'>\n\t\t\t\t<a href='https:\/\/www.medellin.gov.co\/es\/sala-de-prensa\/noticias\/con-una-escoba-y-actitud-de-servicio-javier-ayuda-a-que-medellin-siga-siendo-la-tacita-de-plata\/imagen-de-una-esquina-de-la-via\/'><img width=\"1024\" height=\"768\" src=\"https:\/\/www.medellin.gov.co\/es\/wp-content\/uploads\/2025\/04\/imagen-de-una-esquina-de-la-via.jpg\" class=\"attachment-full size-full\" alt=\"imagen de una esquina de la v\u00eda\" loading=\"lazy\" aria-describedby=\"gallery-1-397651\" srcset=\"https:\/\/www.medellin.gov.co\/es\/wp-content\/uploads\/2025\/04\/imagen-de-una-esquina-de-la-via.jpg 1024w, https:\/\/www.medellin.gov.co\/es\/wp-content\/uploads\/2025\/04\/imagen-de-una-esquina-de-la-via-300x225.jpg 300w, https:\/\/www.medellin.gov.co\/es\/wp-content\/uploads\/2025\/04\/imagen-de-una-esquina-de-la-via-150x113.jpg 150w, https:\/\/www.medellin.gov.co\/es\/wp-content\/uploads\/2025\/04\/imagen-de-una-esquina-de-la-via-768x576.jpg 768w\" sizes=\"(max-width: 1024px) 100vw, 1024px\" \/><\/a>\n\t\t\t<\/dt>\n\t\t\t\t<dd class='wp-caption-text gallery-caption' id='gallery-1-397651'>\n\t\t\t\tBel\u00e9n Malib\u00fa. Calle 32E entre carreras 66C y 67, cuadra en la que, cotidianamente, barre Javier.\n\t\t\t\t<\/dd><\/dl><dl class='gallery-item'>\n\t\t\t<dt class='gallery-icon landscape'>\n\t\t\t\t<a href='https:\/\/www.medellin.gov.co\/es\/sala-de-prensa\/noticias\/con-una-escoba-y-actitud-de-servicio-javier-ayuda-a-que-medellin-siga-siendo-la-tacita-de-plata\/imagen-de-via-con-resalto\/'><img width=\"1024\" height=\"768\" src=\"https:\/\/www.medellin.gov.co\/es\/wp-content\/uploads\/2025\/04\/Imagen-de-via-con-resalto.jpg\" class=\"attachment-full size-full\" alt=\"Imagen de v\u00eda con resalto\" loading=\"lazy\" srcset=\"https:\/\/www.medellin.gov.co\/es\/wp-content\/uploads\/2025\/04\/Imagen-de-via-con-resalto.jpg 1024w, https:\/\/www.medellin.gov.co\/es\/wp-content\/uploads\/2025\/04\/Imagen-de-via-con-resalto-300x225.jpg 300w, https:\/\/www.medellin.gov.co\/es\/wp-content\/uploads\/2025\/04\/Imagen-de-via-con-resalto-150x113.jpg 150w, https:\/\/www.medellin.gov.co\/es\/wp-content\/uploads\/2025\/04\/Imagen-de-via-con-resalto-768x576.jpg 768w\" sizes=\"(max-width: 1024px) 100vw, 1024px\" \/><\/a>\n\t\t\t<\/dt><\/dl><br style=\"clear: both\" \/>\n\t\t<\/div>\n\n<h4><strong>Veintiocho a\u00f1os en Malib\u00fa<\/strong><\/h4>\n<p>Javier Antonio Correa Ram\u00edrez trabaja en el sector en oficios varios. Es rondero informal. Aunque a veces porta uniforme de seguridad privada, no es parte de ninguna empresa de vigilancia, sino que estas prendas las compr\u00f3 en la zona de la <a href=\"https:\/\/www.plazaminorista.com\/\" target=\"_blank\" rel=\"noopener\">Plaza Minorista<\/a>.<\/p>\n<p><div class=\"iframe-container\"><iframe title=\"YouTube video player\" src=\"https:\/\/www.youtube.com\/embed\/qDcfEHPLchU?si=4m0eAlpquXHYHZJV\" width=\"100%\" height=\"315\" frameborder=\"0\" allowfullscreen=\"allowfullscreen\"><span data-mce-type=\"bookmark\" style=\"display: inline-block; width: 0px; overflow: hidden; line-height: 0;\" class=\"mce_SELRES_start\">\ufeff<\/span><\/iframe><\/div><\/p>\n<p>Por los 28 a\u00f1os que lleva laborando all\u00ed y por su actitud de servicio, los habitantes conf\u00edan en \u00e9l, le piden que les haga diligencias y \u00e9l, por su propia iniciativa, barre esta calle y contribuye a que la ciudad siga siendo la Tacita de Plata. En Malib\u00fa, comuna 16 (Bel\u00e9n), varias vecinas tambi\u00e9n barren la carrera 67 entre calles 32C y 32E, trayecto correspondiente al parque. Con su comportamiento c\u00edvico y cuidado del espacio p\u00fablico, ellos complementan la labor de los operarios de barrido de <a href=\"https:\/\/www.emvarias.com.co\/emvarias\" target=\"_blank\" rel=\"noopener\">Emvarias<\/a>.<\/p>\n\n\t\t<style type=\"text\/css\">\n\t\t\t#gallery-2 {\n\t\t\t\tmargin: auto;\n\t\t\t}\n\t\t\t#gallery-2 .gallery-item {\n\t\t\t\tfloat: left;\n\t\t\t\tmargin-top: 10px;\n\t\t\t\ttext-align: center;\n\t\t\t\twidth: 50%;\n\t\t\t}\n\t\t\t#gallery-2 img {\n\t\t\t\tborder: 2px solid #cfcfcf;\n\t\t\t}\n\t\t\t#gallery-2 .gallery-caption {\n\t\t\t\tmargin-left: 0;\n\t\t\t}\n\t\t\t\/* see gallery_shortcode() in wp-includes\/media.php *\/\n\t\t<\/style>\n\t\t<div id='gallery-2' class='gallery galleryid-397641 gallery-columns-2 gallery-size-full'><dl class='gallery-item'>\n\t\t\t<dt class='gallery-icon landscape'>\n\t\t\t\t<a href='https:\/\/www.medellin.gov.co\/es\/sala-de-prensa\/noticias\/con-una-escoba-y-actitud-de-servicio-javier-ayuda-a-que-medellin-siga-siendo-la-tacita-de-plata\/imagen-de-javier-medio-2\/'><img width=\"1024\" height=\"768\" src=\"https:\/\/www.medellin.gov.co\/es\/wp-content\/uploads\/2025\/04\/Imagen-de-Javier-MEDIO-2.jpg\" class=\"attachment-full size-full\" alt=\"Imagen de Javier MEDIO 2\" loading=\"lazy\" aria-describedby=\"gallery-2-397656\" srcset=\"https:\/\/www.medellin.gov.co\/es\/wp-content\/uploads\/2025\/04\/Imagen-de-Javier-MEDIO-2.jpg 1024w, https:\/\/www.medellin.gov.co\/es\/wp-content\/uploads\/2025\/04\/Imagen-de-Javier-MEDIO-2-300x225.jpg 300w, https:\/\/www.medellin.gov.co\/es\/wp-content\/uploads\/2025\/04\/Imagen-de-Javier-MEDIO-2-150x113.jpg 150w, https:\/\/www.medellin.gov.co\/es\/wp-content\/uploads\/2025\/04\/Imagen-de-Javier-MEDIO-2-768x576.jpg 768w\" sizes=\"(max-width: 1024px) 100vw, 1024px\" \/><\/a>\n\t\t\t<\/dt>\n\t\t\t\t<dd class='wp-caption-text gallery-caption' id='gallery-2-397656'>\n\t\t\t\tJavier barre la calle 32E entre carreras 66C y 67, en Bel\u00e9n Malib\u00fa, y varias vecinas barren la carrera 67 entre calles 32C y 32E. Con su comportamiento c\u00edvico, ellos complementan la labor de los operarios de barrido de Emvarias.\n\t\t\t\t<\/dd><\/dl><dl class='gallery-item'>\n\t\t\t<dt class='gallery-icon landscape'>\n\t\t\t\t<a href='https:\/\/www.medellin.gov.co\/es\/sala-de-prensa\/noticias\/con-una-escoba-y-actitud-de-servicio-javier-ayuda-a-que-medellin-siga-siendo-la-tacita-de-plata\/imagen-de-via-y-vehiculo\/'><img width=\"1024\" height=\"768\" src=\"https:\/\/www.medellin.gov.co\/es\/wp-content\/uploads\/2025\/04\/Imagen-de-via-y-vehiculo.jpg\" class=\"attachment-full size-full\" alt=\"Imagen de v\u00eda y veh\u00edculo\" loading=\"lazy\" srcset=\"https:\/\/www.medellin.gov.co\/es\/wp-content\/uploads\/2025\/04\/Imagen-de-via-y-vehiculo.jpg 1024w, https:\/\/www.medellin.gov.co\/es\/wp-content\/uploads\/2025\/04\/Imagen-de-via-y-vehiculo-300x225.jpg 300w, https:\/\/www.medellin.gov.co\/es\/wp-content\/uploads\/2025\/04\/Imagen-de-via-y-vehiculo-150x113.jpg 150w, https:\/\/www.medellin.gov.co\/es\/wp-content\/uploads\/2025\/04\/Imagen-de-via-y-vehiculo-768x576.jpg 768w\" sizes=\"(max-width: 1024px) 100vw, 1024px\" \/><\/a>\n\t\t\t<\/dt><\/dl><br style=\"clear: both\" \/>\n\t\t<\/div>\n\n<p><em>\u201cOjal\u00e1 todos pongamos de nuestra parte para mantener la ciudad limpia\u201d,<\/em> expresa Javier, un se\u00f1or de 60 a\u00f1os nacido en Yal\u00ed, Nordeste antioque\u00f1o, que cada d\u00eda se levanta a las 4:00 a. m. Sale de su casa en el barrio La Gabriela de Bello, toma un bus que lo transporta hasta el Centro de Medell\u00edn y de ah\u00ed camina media hora hasta Malib\u00fa, adonde llega tipo 6:30 a. m.<\/p>\n\n\t\t<style type=\"text\/css\">\n\t\t\t#gallery-3 {\n\t\t\t\tmargin: auto;\n\t\t\t}\n\t\t\t#gallery-3 .gallery-item {\n\t\t\t\tfloat: left;\n\t\t\t\tmargin-top: 10px;\n\t\t\t\ttext-align: center;\n\t\t\t\twidth: 50%;\n\t\t\t}\n\t\t\t#gallery-3 img {\n\t\t\t\tborder: 2px solid #cfcfcf;\n\t\t\t}\n\t\t\t#gallery-3 .gallery-caption {\n\t\t\t\tmargin-left: 0;\n\t\t\t}\n\t\t\t\/* see gallery_shortcode() in wp-includes\/media.php *\/\n\t\t<\/style>\n\t\t<div id='gallery-3' class='gallery galleryid-397641 gallery-columns-2 gallery-size-full'><dl class='gallery-item'>\n\t\t\t<dt class='gallery-icon landscape'>\n\t\t\t\t<a href='https:\/\/www.medellin.gov.co\/es\/sala-de-prensa\/noticias\/con-una-escoba-y-actitud-de-servicio-javier-ayuda-a-que-medellin-siga-siendo-la-tacita-de-plata\/imagen-de-javier-recogiendo-hojas\/'><img width=\"1024\" height=\"768\" src=\"https:\/\/www.medellin.gov.co\/es\/wp-content\/uploads\/2025\/04\/Imagen-de-Javier-recogiendo-hojas.jpg\" class=\"attachment-full size-full\" alt=\"Imagen de Javier recogiendo hojas\" loading=\"lazy\" aria-describedby=\"gallery-3-397661\" srcset=\"https:\/\/www.medellin.gov.co\/es\/wp-content\/uploads\/2025\/04\/Imagen-de-Javier-recogiendo-hojas.jpg 1024w, https:\/\/www.medellin.gov.co\/es\/wp-content\/uploads\/2025\/04\/Imagen-de-Javier-recogiendo-hojas-300x225.jpg 300w, https:\/\/www.medellin.gov.co\/es\/wp-content\/uploads\/2025\/04\/Imagen-de-Javier-recogiendo-hojas-150x113.jpg 150w, https:\/\/www.medellin.gov.co\/es\/wp-content\/uploads\/2025\/04\/Imagen-de-Javier-recogiendo-hojas-768x576.jpg 768w\" sizes=\"(max-width: 1024px) 100vw, 1024px\" \/><\/a>\n\t\t\t<\/dt>\n\t\t\t\t<dd class='wp-caption-text gallery-caption' id='gallery-3-397661'>\n\t\t\t\tJavier vive en el barrio La Gabriela de Bello y desde all\u00e1 se desplaza todos los d\u00edas hasta Bel\u00e9n Malib\u00fa, en Medell\u00edn.\n\t\t\t\t<\/dd><\/dl><dl class='gallery-item'>\n\t\t\t<dt class='gallery-icon landscape'>\n\t\t\t\t<a href='https:\/\/www.medellin.gov.co\/es\/sala-de-prensa\/noticias\/con-una-escoba-y-actitud-de-servicio-javier-ayuda-a-que-medellin-siga-siendo-la-tacita-de-plata\/imagen-javier-limpiando-anden\/'><img width=\"1024\" height=\"768\" src=\"https:\/\/www.medellin.gov.co\/es\/wp-content\/uploads\/2025\/04\/Imagen-Javier-limpiando-anden.jpg\" class=\"attachment-full size-full\" alt=\"Imagen de Javier recogiendo hojas\" loading=\"lazy\" srcset=\"https:\/\/www.medellin.gov.co\/es\/wp-content\/uploads\/2025\/04\/Imagen-Javier-limpiando-anden.jpg 1024w, https:\/\/www.medellin.gov.co\/es\/wp-content\/uploads\/2025\/04\/Imagen-Javier-limpiando-anden-300x225.jpg 300w, https:\/\/www.medellin.gov.co\/es\/wp-content\/uploads\/2025\/04\/Imagen-Javier-limpiando-anden-150x113.jpg 150w, https:\/\/www.medellin.gov.co\/es\/wp-content\/uploads\/2025\/04\/Imagen-Javier-limpiando-anden-768x576.jpg 768w\" sizes=\"(max-width: 1024px) 100vw, 1024px\" \/><\/a>\n\t\t\t<\/dt><\/dl><br style=\"clear: both\" \/>\n\t\t<\/div>\n\n<p>Recorre su entorno de trabajo, lo barre, hace arreglos de plomer\u00eda o jardiner\u00eda que le solicitan los residentes, se come lo que lleva en su coca o en ocasiones ellos lo invitan a comer en sus casas y, a eso de las 6:30 p. m., emprende el mismo camino hasta su hogar. Una rutina de todos los d\u00edas, excepto una jornada en la que descansa cada dos semanas. <em>\u201cLa gente me trata bien, con respeto. Eso es lo que m\u00e1s me gusta de mi labor\u201d,<\/em> comenta.<\/p>\n\n\t\t<style type=\"text\/css\">\n\t\t\t#gallery-4 {\n\t\t\t\tmargin: auto;\n\t\t\t}\n\t\t\t#gallery-4 .gallery-item {\n\t\t\t\tfloat: left;\n\t\t\t\tmargin-top: 10px;\n\t\t\t\ttext-align: center;\n\t\t\t\twidth: 50%;\n\t\t\t}\n\t\t\t#gallery-4 img {\n\t\t\t\tborder: 2px solid #cfcfcf;\n\t\t\t}\n\t\t\t#gallery-4 .gallery-caption {\n\t\t\t\tmargin-left: 0;\n\t\t\t}\n\t\t\t\/* see gallery_shortcode() in wp-includes\/media.php *\/\n\t\t<\/style>\n\t\t<div id='gallery-4' class='gallery galleryid-397641 gallery-columns-2 gallery-size-full'><dl class='gallery-item'>\n\t\t\t<dt class='gallery-icon landscape'>\n\t\t\t\t<a href='https:\/\/www.medellin.gov.co\/es\/sala-de-prensa\/noticias\/con-una-escoba-y-actitud-de-servicio-javier-ayuda-a-que-medellin-siga-siendo-la-tacita-de-plata\/imagen-de-javier-barriendo-arbusto\/'><img width=\"1024\" height=\"768\" src=\"https:\/\/www.medellin.gov.co\/es\/wp-content\/uploads\/2025\/04\/Imagen-de-javier-barriendo-arbusto.jpg\" class=\"attachment-full size-full\" alt=\"Imagen de javier barriendo arbusto\" loading=\"lazy\" aria-describedby=\"gallery-4-397664\" srcset=\"https:\/\/www.medellin.gov.co\/es\/wp-content\/uploads\/2025\/04\/Imagen-de-javier-barriendo-arbusto.jpg 1024w, https:\/\/www.medellin.gov.co\/es\/wp-content\/uploads\/2025\/04\/Imagen-de-javier-barriendo-arbusto-300x225.jpg 300w, https:\/\/www.medellin.gov.co\/es\/wp-content\/uploads\/2025\/04\/Imagen-de-javier-barriendo-arbusto-150x113.jpg 150w, https:\/\/www.medellin.gov.co\/es\/wp-content\/uploads\/2025\/04\/Imagen-de-javier-barriendo-arbusto-768x576.jpg 768w\" sizes=\"(max-width: 1024px) 100vw, 1024px\" \/><\/a>\n\t\t\t<\/dt>\n\t\t\t\t<dd class='wp-caption-text gallery-caption' id='gallery-4-397664'>\n\t\t\t\tJavier recorre su entorno de trabajo, lo barre, les hace diligencias a los residentes y arreglos de plomer\u00eda o jardiner\u00eda que ellos le solicitan.\n\t\t\t\t<\/dd><\/dl><dl class='gallery-item'>\n\t\t\t<dt class='gallery-icon landscape'>\n\t\t\t\t<a href='https:\/\/www.medellin.gov.co\/es\/sala-de-prensa\/noticias\/con-una-escoba-y-actitud-de-servicio-javier-ayuda-a-que-medellin-siga-siendo-la-tacita-de-plata\/imagen-de-javier-principal\/'><img width=\"1024\" height=\"768\" src=\"https:\/\/www.medellin.gov.co\/es\/wp-content\/uploads\/2025\/04\/Imagen-de-Javier-Principal.jpg\" class=\"attachment-full size-full\" alt=\"Imagen de Javier, Principal\" loading=\"lazy\" srcset=\"https:\/\/www.medellin.gov.co\/es\/wp-content\/uploads\/2025\/04\/Imagen-de-Javier-Principal.jpg 1024w, https:\/\/www.medellin.gov.co\/es\/wp-content\/uploads\/2025\/04\/Imagen-de-Javier-Principal-300x225.jpg 300w, https:\/\/www.medellin.gov.co\/es\/wp-content\/uploads\/2025\/04\/Imagen-de-Javier-Principal-150x113.jpg 150w, https:\/\/www.medellin.gov.co\/es\/wp-content\/uploads\/2025\/04\/Imagen-de-Javier-Principal-768x576.jpg 768w\" sizes=\"(max-width: 1024px) 100vw, 1024px\" \/><\/a>\n\t\t\t<\/dt><\/dl><br style=\"clear: both\" \/>\n\t\t<\/div>\n\n<h4><strong>De origen campesino<\/strong><\/h4>\n<p>Medell\u00edn es como Vos es una estrategia del Distrito para recuperar la confianza entre todos y fortalecer la cultura ciudadana resaltando comportamientos que propician convivencia y corresponsabilidad. Javier: Medell\u00edn es como Vos, una ciudad construida con sentido de pertenencia y de servicio por quienes nacen en ella y por los que llegan de otros lugares a vivir, trabajar o estudiar aqu\u00ed.<\/p>\n<p><em>\u201cEs un hombre con una labor maravillosa. Sin tener un trabajo fijo viene todos los d\u00edas, nos cuida y nos ayuda en las casas. Cuando no viene nos hace mucha falta, gente as\u00ed ya no hay\u201d,<\/em> dice una habitante de Malib\u00fa. Suenan aviones que salen o arriban al aeropuerto Olaya Herrera, ubicado cerca de este sector.<\/p>\n<div id=\"attachment_397669\" style=\"width: 1034px\" class=\"wp-caption alignnone\"><img aria-describedby=\"caption-attachment-397669\" loading=\"lazy\" class=\"size-full wp-image-397669\" src=\"https:\/\/www.medellin.gov.co\/es\/wp-content\/uploads\/2025\/04\/Imagen-de-Javier-barriendo-debajo-de-palmera.jpg\" alt=\"Imagen de Javier barriendo debajo de palmera\" width=\"1024\" height=\"768\" srcset=\"https:\/\/www.medellin.gov.co\/es\/wp-content\/uploads\/2025\/04\/Imagen-de-Javier-barriendo-debajo-de-palmera.jpg 1024w, https:\/\/www.medellin.gov.co\/es\/wp-content\/uploads\/2025\/04\/Imagen-de-Javier-barriendo-debajo-de-palmera-300x225.jpg 300w, https:\/\/www.medellin.gov.co\/es\/wp-content\/uploads\/2025\/04\/Imagen-de-Javier-barriendo-debajo-de-palmera-150x113.jpg 150w, https:\/\/www.medellin.gov.co\/es\/wp-content\/uploads\/2025\/04\/Imagen-de-Javier-barriendo-debajo-de-palmera-768x576.jpg 768w\" sizes=\"(max-width: 1024px) 100vw, 1024px\" \/><p id=\"caption-attachment-397669\" class=\"wp-caption-text\">Habitantes de Malib\u00fa tratan con confianza a Javier y valoran su labor.<\/p><\/div>\n<p>El origen campesino de Javier se refleja en su nobleza. Sus padres, Joaqu\u00edn Correa e Irma Ram\u00edrez, ya murieron. Tiene seis hermanos; todos, mayores que \u00e9l. Vivi\u00f3 en una vereda de Yal\u00ed y de ocho a\u00f1os se fue con su familia para Puerto Berr\u00edo, Magdalena Medio antioque\u00f1o, donde su padre trabaj\u00f3 como mayordomo en una finca.<\/p>\n<h4><strong>De Puerto Berr\u00edo a Bello<\/strong><\/h4>\n<p>Se quedaron en Puerto Berr\u00edo y luego, en 1989, varios del grupo familiar se radicaron en Bello. Desde entonces, Javier ha vivido en este municipio del norte del Valle de Aburr\u00e1; primero, en Niqu\u00eda Camacol y actualmente en La Gabriela. Tiene un hijo de 37 a\u00f1os y una nieta de nueve.<\/p>\n<p>El primer oficio en el que se desempe\u00f1\u00f3 en Malib\u00fa fue el de vigilante. <em>\u201cUn se\u00f1or ten\u00eda puestos de vigilancia y le ped\u00ed trabajo a \u00e9l\u201d,<\/em> recuerda sentado en el parque de este sector, donde labora para costear sus gastos, empezando por el arriendo de su vivienda.<\/p>\n\n\t\t<style type=\"text\/css\">\n\t\t\t#gallery-5 {\n\t\t\t\tmargin: auto;\n\t\t\t}\n\t\t\t#gallery-5 .gallery-item {\n\t\t\t\tfloat: left;\n\t\t\t\tmargin-top: 10px;\n\t\t\t\ttext-align: center;\n\t\t\t\twidth: 50%;\n\t\t\t}\n\t\t\t#gallery-5 img {\n\t\t\t\tborder: 2px solid #cfcfcf;\n\t\t\t}\n\t\t\t#gallery-5 .gallery-caption {\n\t\t\t\tmargin-left: 0;\n\t\t\t}\n\t\t\t\/* see gallery_shortcode() in wp-includes\/media.php *\/\n\t\t<\/style>\n\t\t<div id='gallery-5' class='gallery galleryid-397641 gallery-columns-2 gallery-size-full'><dl class='gallery-item'>\n\t\t\t<dt class='gallery-icon landscape'>\n\t\t\t\t<a href='https:\/\/www.medellin.gov.co\/es\/sala-de-prensa\/noticias\/con-una-escoba-y-actitud-de-servicio-javier-ayuda-a-que-medellin-siga-siendo-la-tacita-de-plata\/imagen-de-parque-con-la-virgen\/'><img width=\"1024\" height=\"768\" src=\"https:\/\/www.medellin.gov.co\/es\/wp-content\/uploads\/2025\/04\/Imagen-de-parque-con-la-Virgen.jpg\" class=\"attachment-full size-full\" alt=\"Imagen de parque con la Virgen\" loading=\"lazy\" aria-describedby=\"gallery-5-397672\" srcset=\"https:\/\/www.medellin.gov.co\/es\/wp-content\/uploads\/2025\/04\/Imagen-de-parque-con-la-Virgen.jpg 1024w, https:\/\/www.medellin.gov.co\/es\/wp-content\/uploads\/2025\/04\/Imagen-de-parque-con-la-Virgen-300x225.jpg 300w, https:\/\/www.medellin.gov.co\/es\/wp-content\/uploads\/2025\/04\/Imagen-de-parque-con-la-Virgen-150x113.jpg 150w, https:\/\/www.medellin.gov.co\/es\/wp-content\/uploads\/2025\/04\/Imagen-de-parque-con-la-Virgen-768x576.jpg 768w\" sizes=\"(max-width: 1024px) 100vw, 1024px\" \/><\/a>\n\t\t\t<\/dt>\n\t\t\t\t<dd class='wp-caption-text gallery-caption' id='gallery-5-397672'>\n\t\t\t\tParque de Bel\u00e9n Malib\u00fa, occidente de Medell\u00edn.\n\t\t\t\t<\/dd><\/dl><dl class='gallery-item'>\n\t\t\t<dt class='gallery-icon landscape'>\n\t\t\t\t<a href='https:\/\/www.medellin.gov.co\/es\/sala-de-prensa\/noticias\/con-una-escoba-y-actitud-de-servicio-javier-ayuda-a-que-medellin-siga-siendo-la-tacita-de-plata\/imagen-del-parque\/'><img width=\"1024\" height=\"768\" src=\"https:\/\/www.medellin.gov.co\/es\/wp-content\/uploads\/2025\/04\/Imagen-del-parque.jpg\" class=\"attachment-full size-full\" alt=\"Imagen del parque\" loading=\"lazy\" srcset=\"https:\/\/www.medellin.gov.co\/es\/wp-content\/uploads\/2025\/04\/Imagen-del-parque.jpg 1024w, https:\/\/www.medellin.gov.co\/es\/wp-content\/uploads\/2025\/04\/Imagen-del-parque-300x225.jpg 300w, https:\/\/www.medellin.gov.co\/es\/wp-content\/uploads\/2025\/04\/Imagen-del-parque-150x113.jpg 150w, https:\/\/www.medellin.gov.co\/es\/wp-content\/uploads\/2025\/04\/Imagen-del-parque-768x576.jpg 768w\" sizes=\"(max-width: 1024px) 100vw, 1024px\" \/><\/a>\n\t\t\t<\/dt><\/dl><br style=\"clear: both\" \/>\n\t\t<\/div>\n\n<h4><strong>\u00a0\u00bfD\u00f3nde deja la escoba cuando se va?<\/strong><\/h4>\n<p>-Detr\u00e1s de un matojito.<\/p>\n<p>Vuelve a la calle 32E y agarra la escoba de nuevo. Por la v\u00eda pasan lentamente un carro y una moto de ense\u00f1anza de conducci\u00f3n. Por los andenes, hombres y mujeres pasean a sus perros y saludan a Javier. El espacio luce limpio y \u00e9l sigue trabajando. Dice que as\u00ed lo har\u00e1 mientras su salud se lo permita.<\/p>\n<div id=\"attachment_397677\" style=\"width: 1034px\" class=\"wp-caption alignnone\"><img aria-describedby=\"caption-attachment-397677\" loading=\"lazy\" class=\"size-full wp-image-397677\" src=\"https:\/\/www.medellin.gov.co\/es\/wp-content\/uploads\/2025\/04\/imagen-de-la-calle.jpg\" alt=\"imagen de la calle\" width=\"1024\" height=\"768\" srcset=\"https:\/\/www.medellin.gov.co\/es\/wp-content\/uploads\/2025\/04\/imagen-de-la-calle.jpg 1024w, https:\/\/www.medellin.gov.co\/es\/wp-content\/uploads\/2025\/04\/imagen-de-la-calle-300x225.jpg 300w, https:\/\/www.medellin.gov.co\/es\/wp-content\/uploads\/2025\/04\/imagen-de-la-calle-150x113.jpg 150w, https:\/\/www.medellin.gov.co\/es\/wp-content\/uploads\/2025\/04\/imagen-de-la-calle-768x576.jpg 768w\" sizes=\"(max-width: 1024px) 100vw, 1024px\" \/><p id=\"caption-attachment-397677\" class=\"wp-caption-text\">Bel\u00e9n Malib\u00fa. Calle 32E entre carreras 66C y 67, cuadra en la que, cotidianamente, barre Javier.<\/p><\/div>\n","protected":false},"excerpt":{"rendered":"<p>Javier Correa se la rebusca cada d\u00eda cerca del parque de Bel\u00e9n Malib\u00fa. Es trabajador de oficios varios, rondero informal, les hace diligencias a los habitantes del sector y, porque le nace, barre una cuadra, &#8230;<\/p>\n","protected":false},"author":97,"featured_media":397666,"comment_status":"open","ping_status":"open","sticky":false,"template":"","format":"standard","meta":[],"categories":[531,1,13],"tags":[451,436,622],"formato_nota":[],"programas_tax":[],"acf":[],"_links":{"self":[{"href":"https:\/\/www.medellin.gov.co\/es\/wp-json\/wp\/v2\/posts\/397641"}],"collection":[{"href":"https:\/\/www.medellin.gov.co\/es\/wp-json\/wp\/v2\/posts"}],"about":[{"href":"https:\/\/www.medellin.gov.co\/es\/wp-json\/wp\/v2\/types\/post"}],"author":[{"embeddable":true,"href":"https:\/\/www.medellin.gov.co\/es\/wp-json\/wp\/v2\/users\/97"}],"replies":[{"embeddable":true,"href":"https:\/\/www.medellin.gov.co\/es\/wp-json\/wp\/v2\/comments?post=397641"}],"version-history":[{"count":4,"href":"https:\/\/www.medellin.gov.co\/es\/wp-json\/wp\/v2\/posts\/397641\/revisions"}],"predecessor-version":[{"id":397688,"href":"https:\/\/www.medellin.gov.co\/es\/wp-json\/wp\/v2\/posts\/397641\/revisions\/397688"}],"wp:featuredmedia":[{"embeddable":true,"href":"https:\/\/www.medellin.gov.co\/es\/wp-json\/wp\/v2\/media\/397666"}],"wp:attachment":[{"href":"https:\/\/www.medellin.gov.co\/es\/wp-json\/wp\/v2\/media?parent=397641"}],"wp:term":[{"taxonomy":"category","embeddable":true,"href":"https:\/\/www.medellin.gov.co\/es\/wp-json\/wp\/v2\/categories?post=397641"},{"taxonomy":"post_tag","embeddable":true,"href":"https:\/\/www.medellin.gov.co\/es\/wp-json\/wp\/v2\/tags?post=397641"},{"taxonomy":"formato_nota","embeddable":true,"href":"https:\/\/www.medellin.gov.co\/es\/wp-json\/wp\/v2\/formato_nota?post=397641"},{"taxonomy":"programas_tax","embeddable":true,"href":"https:\/\/www.medellin.gov.co\/es\/wp-json\/wp\/v2\/programas_tax?post=397641"}],"curies":[{"name":"wp","href":"https:\/\/api.w.org\/{rel}","templated":true}]}}