{"id":399312,"date":"2025-04-08T13:26:22","date_gmt":"2025-04-08T18:26:22","guid":{"rendered":"https:\/\/www.medellin.gov.co\/es\/?p=399312"},"modified":"2025-04-08T13:26:22","modified_gmt":"2025-04-08T18:26:22","slug":"ocho-construcciones-ilegales-fueron-removidas-en-san-antonio-de-prado","status":"publish","type":"post","link":"https:\/\/www.medellin.gov.co\/es\/sala-de-prensa\/noticias\/ocho-construcciones-ilegales-fueron-removidas-en-san-antonio-de-prado\/","title":{"rendered":"Ocho construcciones ilegales fueron removidas en San Antonio de Prado"},"content":{"rendered":"<ul>\n<li>Este a\u00f1o se han realizado 45 remociones en este corregimiento, lo que ha permitido recuperar 807 metros cuadrados de espacio p\u00fablico.<\/li>\n<li>En el procedimiento se encontraron m\u00e1s de 20 construcciones, todas sin los permisos de ley.<\/li>\n<\/ul>\n<!--[if lt IE 9]><script>document.createElement('audio');<\/script><![endif]-->\n\t<div class=\"wp-playlist wp-audio-playlist wp-playlist-light\">\n\t\t\t<div class=\"wp-playlist-current-item\"><\/div>\n\t\t<audio controls=\"controls\" preload=\"none\" width=\"640\"\n\t\t\t><\/audio>\n\t<div class=\"wp-playlist-next\"><\/div>\n\t<div class=\"wp-playlist-prev\"><\/div>\n\t<noscript>\n\t<ol>\n\t\t<li><a href='https:\/\/www.medellin.gov.co\/es\/wp-content\/uploads\/2025\/04\/Audio-Remocion-Construcciones-Ilegales-San-Antonio-de-Prado-01.mp3'>Audio Palabras de Carlos Alberto Trujillo Vergara, subsecretario de Control Urban\u00edstico<\/a><\/li>\t<\/ol>\n\t<\/noscript>\n\t<script type=\"application\/json\" class=\"wp-playlist-script\">{\"type\":\"audio\",\"tracklist\":true,\"tracknumbers\":true,\"images\":true,\"artists\":true,\"tracks\":[{\"src\":\"https:\\\/\\\/www.medellin.gov.co\\\/es\\\/wp-content\\\/uploads\\\/2025\\\/04\\\/Audio-Remocion-Construcciones-Ilegales-San-Antonio-de-Prado-01.mp3\",\"type\":\"audio\\\/mpeg\",\"title\":\"Audio Palabras de Carlos Alberto Trujillo Vergara, subsecretario de Control Urban\\u00edstico\",\"caption\":\"\",\"description\":\"\\u00abPalabras de Carlos Alberto Trujillo Vergara, subsecretario de Control Urban\\u00edstico\\u00bb.\",\"meta\":{\"genre\":\"Blues\",\"length_formatted\":\"0:47\"},\"image\":{\"src\":\"https:\\\/\\\/www.medellin.gov.co\\\/es\\\/wp-includes\\\/images\\\/media\\\/audio.png\",\"width\":48,\"height\":64},\"thumb\":{\"src\":\"https:\\\/\\\/www.medellin.gov.co\\\/es\\\/wp-includes\\\/images\\\/media\\\/audio.png\",\"width\":48,\"height\":64}}]}<\/script>\n<\/div>\n\t\n<p>Ocho construcciones ilegales, ubicadas en el corregimiento San Antonio de Prado, fueron removidas en operativo liderado por la Alcald\u00eda de Medell\u00edn, en pro de la verificaci\u00f3n del uso del suelo, la protecci\u00f3n ambiental y el cumplimiento de la normativa urban\u00edstica.<\/p>\n<p>En el recorrido se identificaron seis viviendas en el sector La Monta\u00f1ita, 14 en el de Acapulco y nueve en la zona conocida como La Florida, todas construidas sin licencias y en lugares no aptos para edificar, como retiros de quebrada. Tambi\u00e9n se evidenci\u00f3 la ocupaci\u00f3n de suelo rural suburbano, donde solo se supera el n\u00famero m\u00e1ximo de unidades de viviendas generando afectaciones a la estructura ecol\u00f3gica.<\/p>\n<p>Se intervinieron, aproximadamente, 4.400 metros cuadrados (media hect\u00e1rea), es decir, algo m\u00e1s de media cancha de f\u00fatbol profesional. All\u00ed solo se pueden edificar hasta cinco viviendas. Sin embargo, se encontraron m\u00e1s de 20 construcciones sin permisos legales.<\/p>\n<div id=\"attachment_399265\" style=\"width: 1151px\" class=\"wp-caption alignnone\"><a href=\"https:\/\/www.medellin.gov.co\/es\/wp-content\/uploads\/2025\/04\/Imagen-Funcionarios-Remueven-Construcciones-Ilegales-San-Antonio-de-Prado-2.jpg\" target=\"_blank\" rel=\"noopener\"><img aria-describedby=\"caption-attachment-399265\" loading=\"lazy\" class=\"wp-image-399265 size-full\" src=\"https:\/\/www.medellin.gov.co\/es\/wp-content\/uploads\/2025\/04\/Imagen-Funcionarios-Remueven-Construcciones-Ilegales-San-Antonio-de-Prado-2.jpg\" alt=\"Ocho construcciones ilegales fueron removidas en San Antonio de Prado\" width=\"1141\" height=\"760\" srcset=\"https:\/\/www.medellin.gov.co\/es\/wp-content\/uploads\/2025\/04\/Imagen-Funcionarios-Remueven-Construcciones-Ilegales-San-Antonio-de-Prado-2.jpg 1141w, https:\/\/www.medellin.gov.co\/es\/wp-content\/uploads\/2025\/04\/Imagen-Funcionarios-Remueven-Construcciones-Ilegales-San-Antonio-de-Prado-2-300x200.jpg 300w, https:\/\/www.medellin.gov.co\/es\/wp-content\/uploads\/2025\/04\/Imagen-Funcionarios-Remueven-Construcciones-Ilegales-San-Antonio-de-Prado-2-1024x682.jpg 1024w, https:\/\/www.medellin.gov.co\/es\/wp-content\/uploads\/2025\/04\/Imagen-Funcionarios-Remueven-Construcciones-Ilegales-San-Antonio-de-Prado-2-150x100.jpg 150w, https:\/\/www.medellin.gov.co\/es\/wp-content\/uploads\/2025\/04\/Imagen-Funcionarios-Remueven-Construcciones-Ilegales-San-Antonio-de-Prado-2-768x512.jpg 768w\" sizes=\"(max-width: 1141px) 100vw, 1141px\" \/><\/a><p id=\"caption-attachment-399265\" class=\"wp-caption-text\">Foto Alcald\u00eda de Medell\u00edn<\/p><\/div>\n<p>\u201c<em>Para el Distrito lo m\u00e1s importante es proteger la vida de las familias. En el marco de estos operativos se encontraron unas familias en territorios que no deb\u00edan ser ocupados, por el riesgo que implica para sus vidas. Este a\u00f1o en el corregimiento hemos desarrollado 45 remociones y recuperado alrededor de 800 metros cuadrados de espacio p\u00fablico, gracias a la articulaci\u00f3n con la Polic\u00eda Nacional, Ej\u00e9rcito y Fiscal\u00eda<\/em>\u201d, afirm\u00f3 el subsecretario de Control Urban\u00edstico, Carlos Alberto Trujillo Vergara.<\/p>\n<p>Adem\u00e1s de las remociones, durante el operativo se realizaron 100 informes t\u00e9cnicos, insumo para que la corregidur\u00eda inicie procedimientos sancionatorios a quienes construyen de forma ilegal, sin licencia o incumpliendo las normas\u00a0urban\u00edsticas.<\/p>\n<p>Tambi\u00e9n se identificaron construcciones levantadas bajo la figura de proindiviso (dos o m\u00e1s personas comparten una propiedad), una modalidad utilizada de forma irregular para vender y fragmentar terrenos sin cumplir los requisitos legales. Este tipo de pr\u00e1cticas alimenta la expansi\u00f3n informal y pone en riesgo a quienes compran o edifican en zonas no autorizadas.<\/p>\n<p>Las reglas para el aprovechamiento de la tierra, seg\u00fan su clasificaci\u00f3n, est\u00e1n contempladas en el Plan de Ordenamiento Territorial (POT). En el caso de los corregimientos predomina el uso rural y el suburbano, por lo cual se restringe las \u00e1reas para el desarrollo urban\u00edstico y el n\u00famero de unidades de vivienda, dado que son espacios para conservar la naturaleza, proteger fuentes h\u00eddricas y evitar riesgos geot\u00e9cnicos.<\/p>\n","protected":false},"excerpt":{"rendered":"<p>Este a\u00f1o se han realizado 45 remociones en este corregimiento, lo que ha permitido recuperar 807 metros cuadrados de espacio p\u00fablico. En el procedimiento se encontraron m\u00e1s de 20 construcciones, todas sin los permisos de &#8230;<\/p>\n","protected":false},"author":21,"featured_media":399268,"comment_status":"open","ping_status":"open","sticky":false,"template":"","format":"standard","meta":[],"categories":[7],"tags":[455],"formato_nota":[],"programas_tax":[],"acf":[],"_links":{"self":[{"href":"https:\/\/www.medellin.gov.co\/es\/wp-json\/wp\/v2\/posts\/399312"}],"collection":[{"href":"https:\/\/www.medellin.gov.co\/es\/wp-json\/wp\/v2\/posts"}],"about":[{"href":"https:\/\/www.medellin.gov.co\/es\/wp-json\/wp\/v2\/types\/post"}],"author":[{"embeddable":true,"href":"https:\/\/www.medellin.gov.co\/es\/wp-json\/wp\/v2\/users\/21"}],"replies":[{"embeddable":true,"href":"https:\/\/www.medellin.gov.co\/es\/wp-json\/wp\/v2\/comments?post=399312"}],"version-history":[{"count":1,"href":"https:\/\/www.medellin.gov.co\/es\/wp-json\/wp\/v2\/posts\/399312\/revisions"}],"predecessor-version":[{"id":399314,"href":"https:\/\/www.medellin.gov.co\/es\/wp-json\/wp\/v2\/posts\/399312\/revisions\/399314"}],"wp:featuredmedia":[{"embeddable":true,"href":"https:\/\/www.medellin.gov.co\/es\/wp-json\/wp\/v2\/media\/399268"}],"wp:attachment":[{"href":"https:\/\/www.medellin.gov.co\/es\/wp-json\/wp\/v2\/media?parent=399312"}],"wp:term":[{"taxonomy":"category","embeddable":true,"href":"https:\/\/www.medellin.gov.co\/es\/wp-json\/wp\/v2\/categories?post=399312"},{"taxonomy":"post_tag","embeddable":true,"href":"https:\/\/www.medellin.gov.co\/es\/wp-json\/wp\/v2\/tags?post=399312"},{"taxonomy":"formato_nota","embeddable":true,"href":"https:\/\/www.medellin.gov.co\/es\/wp-json\/wp\/v2\/formato_nota?post=399312"},{"taxonomy":"programas_tax","embeddable":true,"href":"https:\/\/www.medellin.gov.co\/es\/wp-json\/wp\/v2\/programas_tax?post=399312"}],"curies":[{"name":"wp","href":"https:\/\/api.w.org\/{rel}","templated":true}]}}