{"id":399316,"date":"2025-04-08T15:11:28","date_gmt":"2025-04-08T20:11:28","guid":{"rendered":"https:\/\/www.medellin.gov.co\/es\/?p=399316"},"modified":"2025-04-08T15:11:28","modified_gmt":"2025-04-08T20:11:28","slug":"la-alcaldia-de-medellin-intervino-el-ecoparque-la-perla-mas-de-20-m%c2%b3-de-basura-y-objetos-ordinarios-recolectados","status":"publish","type":"post","link":"https:\/\/www.medellin.gov.co\/es\/sala-de-prensa\/noticias\/la-alcaldia-de-medellin-intervino-el-ecoparque-la-perla-mas-de-20-m%c2%b3-de-basura-y-objetos-ordinarios-recolectados\/","title":{"rendered":"La alcald\u00eda de Medell\u00edn intervino el Ecoparque La Perla: m\u00e1s de 20 m\u00b3 de basura y objetos ordinarios recolectados"},"content":{"rendered":"<ul>\n<li>Entre los objetos se encontraron materiales de construcci\u00f3n y demolici\u00f3n, llantas y colchones.<\/li>\n<\/ul>\n<p>La Administraci\u00f3n Distrital dispuso de 23 trabajadores de las secretar\u00edas de Medio Ambiente y Gerencia de Corregimientos para realizar una jornada de ornato y aseo en el Ecoparque La Perla del <a href=\"https:\/\/www.medellin.gov.co\/es\/corregimientos\/gerencia\/altavista\/\">corregimiento de Altavista<\/a>, donde fueron retirados m\u00e1s de 20 m\u00b3 de residuos ordinarios y de construcci\u00f3n.<\/p>\n<div id=\"attachment_399324\" style=\"width: 2570px\" class=\"wp-caption alignnone\"><img aria-describedby=\"caption-attachment-399324\" loading=\"lazy\" class=\"wp-image-399324 size-full\" title=\"Imagen Ecoparque la perla 6\" src=\"https:\/\/www.medellin.gov.co\/es\/wp-content\/uploads\/2025\/04\/Imagen-Ecoparque-la-perla-6-scaled.jpeg\" alt=\"Imagen Ecoparque la perla 6\" width=\"2560\" height=\"1440\" srcset=\"https:\/\/www.medellin.gov.co\/es\/wp-content\/uploads\/2025\/04\/Imagen-Ecoparque-la-perla-6-scaled.jpeg 2560w, https:\/\/www.medellin.gov.co\/es\/wp-content\/uploads\/2025\/04\/Imagen-Ecoparque-la-perla-6-300x169.jpeg 300w, https:\/\/www.medellin.gov.co\/es\/wp-content\/uploads\/2025\/04\/Imagen-Ecoparque-la-perla-6-1024x576.jpeg 1024w, https:\/\/www.medellin.gov.co\/es\/wp-content\/uploads\/2025\/04\/Imagen-Ecoparque-la-perla-6-150x84.jpeg 150w, https:\/\/www.medellin.gov.co\/es\/wp-content\/uploads\/2025\/04\/Imagen-Ecoparque-la-perla-6-768x432.jpeg 768w, https:\/\/www.medellin.gov.co\/es\/wp-content\/uploads\/2025\/04\/Imagen-Ecoparque-la-perla-6-1536x864.jpeg 1536w, https:\/\/www.medellin.gov.co\/es\/wp-content\/uploads\/2025\/04\/Imagen-Ecoparque-la-perla-6-2048x1152.jpeg 2048w\" sizes=\"(max-width: 2560px) 100vw, 2560px\" \/><p id=\"caption-attachment-399324\" class=\"wp-caption-text\">Foto Alcald\u00eda de Medell\u00edn<\/p><\/div>\n<p>El Ecoparque La Perla es un punto de encuentro para las familias de la vereda Buga, donde se identific\u00f3 la necesidad de realizar labores de mantenimiento y fueron restaurados 60 m\u00b2 espacios que requer\u00edan una nueva capa de pintura para su adecuado embellecimiento y conservaci\u00f3n.<\/p>\n\n\t\t<style type=\"text\/css\">\n\t\t\t#gallery-1 {\n\t\t\t\tmargin: auto;\n\t\t\t}\n\t\t\t#gallery-1 .gallery-item {\n\t\t\t\tfloat: left;\n\t\t\t\tmargin-top: 10px;\n\t\t\t\ttext-align: center;\n\t\t\t\twidth: 50%;\n\t\t\t}\n\t\t\t#gallery-1 img {\n\t\t\t\tborder: 2px solid #cfcfcf;\n\t\t\t}\n\t\t\t#gallery-1 .gallery-caption {\n\t\t\t\tmargin-left: 0;\n\t\t\t}\n\t\t\t\/* see gallery_shortcode() in wp-includes\/media.php *\/\n\t\t<\/style>\n\t\t<div id='gallery-1' class='gallery galleryid-399316 gallery-columns-2 gallery-size-full'><dl class='gallery-item'>\n\t\t\t<dt class='gallery-icon landscape'>\n\t\t\t\t<a href='https:\/\/www.medellin.gov.co\/es\/sala-de-prensa\/noticias\/la-alcaldia-de-medellin-intervino-el-ecoparque-la-perla-mas-de-20-m%c2%b3-de-basura-y-objetos-ordinarios-recolectados\/imagen-ecoparque-la-perla-4\/'><img width=\"1280\" height=\"960\" src=\"https:\/\/www.medellin.gov.co\/es\/wp-content\/uploads\/2025\/04\/Imagen-Ecoparque-la-perla-4.jpeg\" class=\"attachment-full size-full\" alt=\"Imagen Ecoparque la perla 4\" loading=\"lazy\" aria-describedby=\"gallery-1-399320\" srcset=\"https:\/\/www.medellin.gov.co\/es\/wp-content\/uploads\/2025\/04\/Imagen-Ecoparque-la-perla-4.jpeg 1280w, https:\/\/www.medellin.gov.co\/es\/wp-content\/uploads\/2025\/04\/Imagen-Ecoparque-la-perla-4-300x225.jpeg 300w, https:\/\/www.medellin.gov.co\/es\/wp-content\/uploads\/2025\/04\/Imagen-Ecoparque-la-perla-4-1024x768.jpeg 1024w, https:\/\/www.medellin.gov.co\/es\/wp-content\/uploads\/2025\/04\/Imagen-Ecoparque-la-perla-4-150x113.jpeg 150w, https:\/\/www.medellin.gov.co\/es\/wp-content\/uploads\/2025\/04\/Imagen-Ecoparque-la-perla-4-768x576.jpeg 768w\" sizes=\"(max-width: 1280px) 100vw, 1280px\" \/><\/a>\n\t\t\t<\/dt>\n\t\t\t\t<dd class='wp-caption-text gallery-caption' id='gallery-1-399320'>\n\t\t\t\tFoto Alcald\u00eda de Medell\u00edn\n\t\t\t\t<\/dd><\/dl><dl class='gallery-item'>\n\t\t\t<dt class='gallery-icon landscape'>\n\t\t\t\t<a href='https:\/\/www.medellin.gov.co\/es\/sala-de-prensa\/noticias\/la-alcaldia-de-medellin-intervino-el-ecoparque-la-perla-mas-de-20-m%c2%b3-de-basura-y-objetos-ordinarios-recolectados\/imagen-ecoparque-la-perla-3\/'><img width=\"1280\" height=\"960\" src=\"https:\/\/www.medellin.gov.co\/es\/wp-content\/uploads\/2025\/04\/Imagen-Ecoparque-la-perla-3.jpeg\" class=\"attachment-full size-full\" alt=\"Imagen Ecoparque la perla 3\" loading=\"lazy\" aria-describedby=\"gallery-1-399319\" srcset=\"https:\/\/www.medellin.gov.co\/es\/wp-content\/uploads\/2025\/04\/Imagen-Ecoparque-la-perla-3.jpeg 1280w, https:\/\/www.medellin.gov.co\/es\/wp-content\/uploads\/2025\/04\/Imagen-Ecoparque-la-perla-3-300x225.jpeg 300w, https:\/\/www.medellin.gov.co\/es\/wp-content\/uploads\/2025\/04\/Imagen-Ecoparque-la-perla-3-1024x768.jpeg 1024w, https:\/\/www.medellin.gov.co\/es\/wp-content\/uploads\/2025\/04\/Imagen-Ecoparque-la-perla-3-150x113.jpeg 150w, https:\/\/www.medellin.gov.co\/es\/wp-content\/uploads\/2025\/04\/Imagen-Ecoparque-la-perla-3-768x576.jpeg 768w\" sizes=\"(max-width: 1280px) 100vw, 1280px\" \/><\/a>\n\t\t\t<\/dt>\n\t\t\t\t<dd class='wp-caption-text gallery-caption' id='gallery-1-399319'>\n\t\t\t\tFoto Alcald\u00eda de Medell\u00edn\n\t\t\t\t<\/dd><\/dl><br style=\"clear: both\" \/>\n\t\t<\/div>\n\n<p>A la jornada de limpieza se le sumaron 3 voluntarios de la comunidad, quienes recibieron por parte de la alcald\u00eda las llamadas Cultas, un reconocimiento a aquellas acciones que nos llenan de orgullo y que contribuyen al fortalecimiento de la convivencia y el bienestar colectivo.<\/p>\n<div id=\"attachment_399318\" style=\"width: 1210px\" class=\"wp-caption alignnone\"><img aria-describedby=\"caption-attachment-399318\" loading=\"lazy\" class=\"wp-image-399318 size-full\" title=\"Imagen Ecoparque la perla 2\" src=\"https:\/\/www.medellin.gov.co\/es\/wp-content\/uploads\/2025\/04\/Imagen-Ecoparque-la-perla-2.jpeg\" alt=\"Imagen Ecoparque la perla 2\" width=\"1200\" height=\"1600\" srcset=\"https:\/\/www.medellin.gov.co\/es\/wp-content\/uploads\/2025\/04\/Imagen-Ecoparque-la-perla-2.jpeg 1200w, https:\/\/www.medellin.gov.co\/es\/wp-content\/uploads\/2025\/04\/Imagen-Ecoparque-la-perla-2-225x300.jpeg 225w, https:\/\/www.medellin.gov.co\/es\/wp-content\/uploads\/2025\/04\/Imagen-Ecoparque-la-perla-2-768x1024.jpeg 768w, https:\/\/www.medellin.gov.co\/es\/wp-content\/uploads\/2025\/04\/Imagen-Ecoparque-la-perla-2-113x150.jpeg 113w, https:\/\/www.medellin.gov.co\/es\/wp-content\/uploads\/2025\/04\/Imagen-Ecoparque-la-perla-2-1152x1536.jpeg 1152w\" sizes=\"(max-width: 1200px) 100vw, 1200px\" \/><p id=\"caption-attachment-399318\" class=\"wp-caption-text\">Foto Alcald\u00eda de Medell\u00edn<\/p><\/div>\n<p>Adicionalmente y de forma paralela a la actividad, en la Casa de la Cultura La Perla se realiz\u00f3 una Feria Ser Saludable donde fueron atendidas 643 personas en diferentes servicios de salud del programa Medell\u00edn Te Quiere Saludable. Al finalizar la jornada de la mano del <a href=\"https:\/\/www.inder.gov.co\/\">Inder<\/a> se dispuso del Ecoparque La Perla para realizar actividades l\u00fadico recreativas con al menos 130 ni\u00f1os.<\/p>\n<p>La Alcald\u00eda de Medell\u00edn resalta el inter\u00e9s por recuperar estos lugares de encuentro y esparcimiento para las familias de los corregimientos, haciendo un llamado a la comunidad a mantener el orden y limpieza en estos espacios dispuestos para el disfrute de la ciudadan\u00eda. \u00a1Los corregimientos son Medell\u00edn!<\/p>\n<p>&nbsp;<\/p>\n","protected":false},"excerpt":{"rendered":"<p>Entre los objetos se encontraron materiales de construcci\u00f3n y demolici\u00f3n, llantas y colchones. La Administraci\u00f3n Distrital dispuso de 23 trabajadores de las secretar\u00edas de Medio Ambiente y Gerencia de Corregimientos para realizar una jornada de &#8230;<\/p>\n","protected":false},"author":95,"featured_media":399326,"comment_status":"open","ping_status":"open","sticky":false,"template":"","format":"standard","meta":[],"categories":[24],"tags":[455],"formato_nota":[],"programas_tax":[],"acf":[],"_links":{"self":[{"href":"https:\/\/www.medellin.gov.co\/es\/wp-json\/wp\/v2\/posts\/399316"}],"collection":[{"href":"https:\/\/www.medellin.gov.co\/es\/wp-json\/wp\/v2\/posts"}],"about":[{"href":"https:\/\/www.medellin.gov.co\/es\/wp-json\/wp\/v2\/types\/post"}],"author":[{"embeddable":true,"href":"https:\/\/www.medellin.gov.co\/es\/wp-json\/wp\/v2\/users\/95"}],"replies":[{"embeddable":true,"href":"https:\/\/www.medellin.gov.co\/es\/wp-json\/wp\/v2\/comments?post=399316"}],"version-history":[{"count":1,"href":"https:\/\/www.medellin.gov.co\/es\/wp-json\/wp\/v2\/posts\/399316\/revisions"}],"predecessor-version":[{"id":399329,"href":"https:\/\/www.medellin.gov.co\/es\/wp-json\/wp\/v2\/posts\/399316\/revisions\/399329"}],"wp:featuredmedia":[{"embeddable":true,"href":"https:\/\/www.medellin.gov.co\/es\/wp-json\/wp\/v2\/media\/399326"}],"wp:attachment":[{"href":"https:\/\/www.medellin.gov.co\/es\/wp-json\/wp\/v2\/media?parent=399316"}],"wp:term":[{"taxonomy":"category","embeddable":true,"href":"https:\/\/www.medellin.gov.co\/es\/wp-json\/wp\/v2\/categories?post=399316"},{"taxonomy":"post_tag","embeddable":true,"href":"https:\/\/www.medellin.gov.co\/es\/wp-json\/wp\/v2\/tags?post=399316"},{"taxonomy":"formato_nota","embeddable":true,"href":"https:\/\/www.medellin.gov.co\/es\/wp-json\/wp\/v2\/formato_nota?post=399316"},{"taxonomy":"programas_tax","embeddable":true,"href":"https:\/\/www.medellin.gov.co\/es\/wp-json\/wp\/v2\/programas_tax?post=399316"}],"curies":[{"name":"wp","href":"https:\/\/api.w.org\/{rel}","templated":true}]}}