{"id":399331,"date":"2025-04-08T16:21:09","date_gmt":"2025-04-08T21:21:09","guid":{"rendered":"https:\/\/www.medellin.gov.co\/es\/?p=399331"},"modified":"2025-04-08T16:21:09","modified_gmt":"2025-04-08T21:21:09","slug":"medellin-cada-dia-mejor-alcalde-federico-gutierrez-zuluaga-en-la-rendicion-de-cuentas-ante-el-concejo","status":"publish","type":"post","link":"https:\/\/www.medellin.gov.co\/es\/sala-de-prensa\/noticias\/medellin-cada-dia-mejor-alcalde-federico-gutierrez-zuluaga-en-la-rendicion-de-cuentas-ante-el-concejo\/","title":{"rendered":"\u201cMedell\u00edn, cada d\u00eda mejor\u201d: alcalde Federico Guti\u00e9rrez Zuluaga en la rendici\u00f3n de cuentas ante el Concejo"},"content":{"rendered":"<ul>\n<li>La inversi\u00f3n en 2024 fue de $8 billones, priorizados en los sectores educaci\u00f3n, salud, gesti\u00f3n territorial, Buen Comienzo, seguridad, Cero Hambre, entre otros.<\/li>\n<li>Se renovaron 91 escenarios deportivos, intervinieron 243 sedes educativas, tapado 10.600 huecos y sembrado 85.000 \u00e1rboles.<\/li>\n<li>Se entregaron 650 hallazgos de corrupci\u00f3n ocurridos entre 2020 y 2023.<\/li>\n<li>En 2025 se invertir\u00e1n 6.3 billones de pesos en la construcci\u00f3n de infraestructura f\u00edsica.<\/li>\n<\/ul>\n<!--[if lt IE 9]><script>document.createElement('audio');<\/script><![endif]-->\n\t<div class=\"wp-playlist wp-audio-playlist wp-playlist-light\">\n\t\t\t<div class=\"wp-playlist-current-item\"><\/div>\n\t\t<audio controls=\"controls\" preload=\"none\" width=\"640\"\n\t\t\t><\/audio>\n\t<div class=\"wp-playlist-next\"><\/div>\n\t<div class=\"wp-playlist-prev\"><\/div>\n\t<noscript>\n\t<ol>\n\t\t<li><a href='https:\/\/www.medellin.gov.co\/es\/wp-content\/uploads\/2025\/04\/Audio-Alcalde-Rendicion-de-Cuentas-Ante-el-Concejo-2025-01.mp3'>Audio Palabras de Federico Guti\u00e9rrez Zuluaga, alcalde de Medell\u00edn<\/a><\/li>\t<\/ol>\n\t<\/noscript>\n\t<script type=\"application\/json\" class=\"wp-playlist-script\">{\"type\":\"audio\",\"tracklist\":true,\"tracknumbers\":true,\"images\":true,\"artists\":true,\"tracks\":[{\"src\":\"https:\\\/\\\/www.medellin.gov.co\\\/es\\\/wp-content\\\/uploads\\\/2025\\\/04\\\/Audio-Alcalde-Rendicion-de-Cuentas-Ante-el-Concejo-2025-01.mp3\",\"type\":\"audio\\\/mpeg\",\"title\":\"Audio Palabras de Federico Guti\\u00e9rrez Zuluaga, alcalde de Medell\\u00edn\",\"caption\":\"\",\"description\":\"\\u00abPalabras de Federico Guti\\u00e9rrez Zuluaga, alcalde de Medell\\u00edn\\u00bb.\",\"meta\":{\"length_formatted\":\"2:28\"},\"image\":{\"src\":\"https:\\\/\\\/www.medellin.gov.co\\\/es\\\/wp-includes\\\/images\\\/media\\\/audio.png\",\"width\":48,\"height\":64},\"thumb\":{\"src\":\"https:\\\/\\\/www.medellin.gov.co\\\/es\\\/wp-includes\\\/images\\\/media\\\/audio.png\",\"width\":48,\"height\":64}}]}<\/script>\n<\/div>\n\t\n<p>El alcalde Federico Guti\u00e9rrez Zuluaga, en la audiencia p\u00fablica de rendici\u00f3n de cuentas ante el <a href=\"https:\/\/www.concejodemedellin.gov.co\/\" target=\"_blank\" rel=\"noopener\">Concejo de Medell\u00edn<\/a>, se refiri\u00f3 en primera instancia a <a href=\"https:\/\/www.epm.com.co\/\" target=\"_blank\" rel=\"noopener\">EPM<\/a> como el principal propulsor para lograr el cumplimiento del Plan de Desarrollo, que en 2024 comprendi\u00f3 una inversi\u00f3n de $8 billones, una ejecuci\u00f3n del 34 % y el cumplimiento del 98 % de las metas propuestas para la vigencia.<\/p>\n<p>\u201c<em>Empresas P\u00fablicas de Medell\u00edn es de todos, no es de Fico, como dicen algunos desde el Gobierno Nacional. Esta es la empresa de todos los antioque\u00f1os, de los medellinenses y los colombianos. EPM es una gran instituci\u00f3n que tenemos que seguir cuidando y defendiendo<\/em>\u201d, resalt\u00f3 el mandatario.<\/p>\n<p>En este primer a\u00f1o se han entregado importantes obras para la ciudad como el viaducto Media Ladera (comuna 13), el paseo urbano zona noroccidental, la conectividad Cerro de los Valores (Villa Hermosa), el Parque Fuente Clara y las intervenciones en la quebrada Malpaso (estas dos \u00faltimas en Robledo). De los 700 escenarios deportivos que se recibieron en mal estado, 91 ya fueron renovados.<\/p>\n<div id=\"attachment_399334\" style=\"width: 1151px\" class=\"wp-caption alignnone\"><a href=\"https:\/\/www.medellin.gov.co\/es\/wp-content\/uploads\/2025\/04\/Imagen-Alcalde-en-Rendicion-de-Cuentas-Ante-el-Concejo-2025-2.jpg\" target=\"_blank\" rel=\"noopener\"><img aria-describedby=\"caption-attachment-399334\" loading=\"lazy\" class=\"wp-image-399334 size-full\" src=\"https:\/\/www.medellin.gov.co\/es\/wp-content\/uploads\/2025\/04\/Imagen-Alcalde-en-Rendicion-de-Cuentas-Ante-el-Concejo-2025-2.jpg\" alt=\"\u201cMedell\u00edn, cada d\u00eda mejor\u201d: alcalde Federico Guti\u00e9rrez Zuluaga en la rendici\u00f3n de cuentas ante el Concejo\" width=\"1141\" height=\"760\" srcset=\"https:\/\/www.medellin.gov.co\/es\/wp-content\/uploads\/2025\/04\/Imagen-Alcalde-en-Rendicion-de-Cuentas-Ante-el-Concejo-2025-2.jpg 1141w, https:\/\/www.medellin.gov.co\/es\/wp-content\/uploads\/2025\/04\/Imagen-Alcalde-en-Rendicion-de-Cuentas-Ante-el-Concejo-2025-2-300x200.jpg 300w, https:\/\/www.medellin.gov.co\/es\/wp-content\/uploads\/2025\/04\/Imagen-Alcalde-en-Rendicion-de-Cuentas-Ante-el-Concejo-2025-2-1024x682.jpg 1024w, https:\/\/www.medellin.gov.co\/es\/wp-content\/uploads\/2025\/04\/Imagen-Alcalde-en-Rendicion-de-Cuentas-Ante-el-Concejo-2025-2-150x100.jpg 150w, https:\/\/www.medellin.gov.co\/es\/wp-content\/uploads\/2025\/04\/Imagen-Alcalde-en-Rendicion-de-Cuentas-Ante-el-Concejo-2025-2-768x512.jpg 768w\" sizes=\"(max-width: 1141px) 100vw, 1141px\" \/><\/a><p id=\"caption-attachment-399334\" class=\"wp-caption-text\">Foto Alcald\u00eda de Medell\u00edn<\/p><\/div>\n<p>\u201c<em>Solo este a\u00f1o vamos a entregar 282 escenarios renovados y terminando 2027 vamos a entregar los 700 totalmente nuevos<\/em>\u201d, afirm\u00f3 el alcalde.<\/p>\n<p>Otros de los logros m\u00e1s destacados son: la atenci\u00f3n de m\u00e1s de 10.600 huecos en las v\u00edas de la ciudad, el doble de las jornadas de ornato y aseo realizadas en el cuatrienio anterior y la inversi\u00f3n de $143.115 millones para la estabilizaci\u00f3n del relleno sanitario La Pradera. Tambi\u00e9n se han sembrado 85.000 \u00e1rboles lo que representa un 13 % m\u00e1s que en 2023. Gracias al programa Unidos por el agua y el gas, 5.479 hogares accedieron al agua potable y 5.130 al servicio de gas domiciliario. La meta es llegar a 75.230 familias. \u201c<em>Hemos aumentado las intervenciones con las cuadrillas, con los 700 jardineros, con los Guardaquebradas, venimos construyendo nuevos corredores verdes, recuperando puntos cr\u00edticos de basuras<\/em>\u201d.<\/p>\n<p>En 2024 se entregaron 650 hallazgos de corrupci\u00f3n correspondientes al cuatrienio anterior y la austeridad fue protagonista. Como muestra de lo anterior, los fondos fijos del despacho del alcalde bajaron 99,9 %, al pasar de 239 millones a 164.000 pesos. \u201cHoy, si no vuelven a dilatar, imputan al jefe de la banda y a 12 personas m\u00e1s. Con esos quedar\u00edan imputados 37. Si eso no es una estructura criminal que organizaron para robarse a Medell\u00edn, \u00bfc\u00f3mo se le puede llamar? Se robaron a Medell\u00edn y tienen que responder. Nosotros seguimos sacando a Medell\u00edn adelante\u201d.<\/p>\n<div id=\"attachment_399336\" style=\"width: 1151px\" class=\"wp-caption alignnone\"><a href=\"https:\/\/www.medellin.gov.co\/es\/wp-content\/uploads\/2025\/04\/Imagen-Rendicion-de-Cuentas-Ante-el-Concejo-2025-1.jpg\" target=\"_blank\" rel=\"noopener\"><img aria-describedby=\"caption-attachment-399336\" loading=\"lazy\" class=\"wp-image-399336 size-full\" src=\"https:\/\/www.medellin.gov.co\/es\/wp-content\/uploads\/2025\/04\/Imagen-Rendicion-de-Cuentas-Ante-el-Concejo-2025-1.jpg\" alt=\"\u201cMedell\u00edn, cada d\u00eda mejor\u201d: alcalde Federico Guti\u00e9rrez Zuluaga en la rendici\u00f3n de cuentas ante el Concejo\" width=\"1141\" height=\"760\" srcset=\"https:\/\/www.medellin.gov.co\/es\/wp-content\/uploads\/2025\/04\/Imagen-Rendicion-de-Cuentas-Ante-el-Concejo-2025-1.jpg 1141w, https:\/\/www.medellin.gov.co\/es\/wp-content\/uploads\/2025\/04\/Imagen-Rendicion-de-Cuentas-Ante-el-Concejo-2025-1-300x200.jpg 300w, https:\/\/www.medellin.gov.co\/es\/wp-content\/uploads\/2025\/04\/Imagen-Rendicion-de-Cuentas-Ante-el-Concejo-2025-1-1024x682.jpg 1024w, https:\/\/www.medellin.gov.co\/es\/wp-content\/uploads\/2025\/04\/Imagen-Rendicion-de-Cuentas-Ante-el-Concejo-2025-1-150x100.jpg 150w, https:\/\/www.medellin.gov.co\/es\/wp-content\/uploads\/2025\/04\/Imagen-Rendicion-de-Cuentas-Ante-el-Concejo-2025-1-768x512.jpg 768w\" sizes=\"(max-width: 1141px) 100vw, 1141px\" \/><\/a><p id=\"caption-attachment-399336\" class=\"wp-caption-text\">Foto Alcald\u00eda de Medell\u00edn<\/p><\/div>\n<p>En cuanto a educaci\u00f3n, el a\u00f1o pasado m\u00e1s de 22.000 ni\u00f1as, ni\u00f1os y j\u00f3venes volvieron a las aulas. Se logr\u00f3 a su vez disminuir la deserci\u00f3n escolar del punto m\u00e1s alto en 2023 (5,40%) al (3,18%). Adem\u00e1s, 179.437 estudiantes se beneficiaron con la intervenci\u00f3n de 243 sedes educativas con obras de mantenimiento.<\/p>\n<p>\u201c<em>Fuimos y los buscamos, puerta a puerta, con la estrategia \u2018El Colegio Cuenta con Vos\u2019. Este es el golpe m\u00e1s duro que uno le pueda dar a la ilegalidad, no son las capturas, no son el combate directo, es que nuestros ni\u00f1os y j\u00f3venes est\u00e9n en entornos protectores como la educaci\u00f3n, sus colegios, sus familias, es volver a la base, es entender que nada m\u00e1s importante que las oportunidades<\/em>\u201d, indic\u00f3 el alcalde.<\/p>\n<p>Por otro lado, a la fecha se ha logrado un aumento significativo en capturas de personas dedicadas a la explotaci\u00f3n sexual de ni\u00f1as, ni\u00f1os y adolescentes. Solo el a\u00f1o pasado se aument\u00f3 en un 1.100 % las capturas de extranjeros por explotaci\u00f3n sexual de menores. Con el Gobierno de Estados Unidos se logr\u00f3 compartir la base de datos Angel Watch que trae la informaci\u00f3n de personas que en Estados Unidos o en otras partes del mundo tienen antecedentes por delitos de pederastia o agresi\u00f3n sexual a mujeres.<\/p>\n<p>En temas de seguridad, gracias a operativos de la Polic\u00eda y el Ej\u00e9rcito, se capturaron 14.826 personas, se incautaron 675 armas, se recuperaron m\u00e1s de 1.700 motos y 2.000 celulares.<\/p>\n<div id=\"attachment_399338\" style=\"width: 1116px\" class=\"wp-caption alignnone\"><a href=\"https:\/\/www.medellin.gov.co\/es\/wp-content\/uploads\/2025\/04\/Imagen-Alcalde-en-Rendicion-de-Cuentas-Ante-el-Concejo-2025-4.jpg\" target=\"_blank\" rel=\"noopener\"><img aria-describedby=\"caption-attachment-399338\" loading=\"lazy\" class=\"wp-image-399338 size-full\" src=\"https:\/\/www.medellin.gov.co\/es\/wp-content\/uploads\/2025\/04\/Imagen-Alcalde-en-Rendicion-de-Cuentas-Ante-el-Concejo-2025-4.jpg\" alt=\"\u201cMedell\u00edn, cada d\u00eda mejor\u201d: alcalde Federico Guti\u00e9rrez Zuluaga en la rendici\u00f3n de cuentas ante el Concejo\" width=\"1106\" height=\"760\" srcset=\"https:\/\/www.medellin.gov.co\/es\/wp-content\/uploads\/2025\/04\/Imagen-Alcalde-en-Rendicion-de-Cuentas-Ante-el-Concejo-2025-4.jpg 1106w, https:\/\/www.medellin.gov.co\/es\/wp-content\/uploads\/2025\/04\/Imagen-Alcalde-en-Rendicion-de-Cuentas-Ante-el-Concejo-2025-4-300x206.jpg 300w, https:\/\/www.medellin.gov.co\/es\/wp-content\/uploads\/2025\/04\/Imagen-Alcalde-en-Rendicion-de-Cuentas-Ante-el-Concejo-2025-4-1024x704.jpg 1024w, https:\/\/www.medellin.gov.co\/es\/wp-content\/uploads\/2025\/04\/Imagen-Alcalde-en-Rendicion-de-Cuentas-Ante-el-Concejo-2025-4-150x103.jpg 150w, https:\/\/www.medellin.gov.co\/es\/wp-content\/uploads\/2025\/04\/Imagen-Alcalde-en-Rendicion-de-Cuentas-Ante-el-Concejo-2025-4-768x528.jpg 768w\" sizes=\"(max-width: 1106px) 100vw, 1106px\" \/><\/a><p id=\"caption-attachment-399338\" class=\"wp-caption-text\">Foto Alcald\u00eda de Medell\u00edn<\/p><\/div>\n<p>\u201c<em>Nada m\u00e1s importante que la vida. Lo que tenemos que entender es que, m\u00e1s all\u00e1 de las ideolog\u00edas que nos dividen, debemos trabajar alrededor de los valores que nos unen. A cierre del 31 de diciembre tuvimos la tasa de homicidios m\u00e1s baja de los \u00faltimos 40 a\u00f1os en Medell\u00edn. No es suficiente porque es que este es un delito y un indicador donde yo siempre he dicho que, por bien que vayamos, no es suficiente. La \u00fanica tasa aceptable es cero<\/em>\u201d, enfatiz\u00f3 el mandatario distrital.<\/p>\n<p>Es de destacar que la ciudad tambi\u00e9n avanz\u00f3 significativamente en salud y en la confianza de los habitantes hacia las instituciones p\u00fablicas respaldado en el aument\u00f3 en 2024, en m\u00e1s de 281.000 millones de pesos el recaudo de impuestos respecto a 2023. De igual manera, la transparencia en los procesos de contrataci\u00f3n se vieron reflejados en el incremento del 121 % de los proponentes que participan en los procesos de selecci\u00f3n p\u00fablica.<\/p>\n<p>Para este 2025 el Distrito seguir\u00e1 avanzando, por eso se tiene planeado invertir 6.3 billones de pesos en infraestructura f\u00edsica, lo cual generar\u00e1 180.000 empleos con la construcci\u00f3n de nuevos colegios, escenarios deportivos, nuevas sedes de Buen Comienzo, recuperaci\u00f3n de la malla vial, entre otros proyectos que mejorar\u00e1n la calidad de vida de la gente.<\/p>\n","protected":false},"excerpt":{"rendered":"<p>La inversi\u00f3n en 2024 fue de $8 billones, priorizados en los sectores educaci\u00f3n, salud, gesti\u00f3n territorial, Buen Comienzo, seguridad, Cero Hambre, entre otros. Se renovaron 91 escenarios deportivos, intervinieron 243 sedes educativas, tapado 10.600 huecos &#8230;<\/p>\n","protected":false},"author":21,"featured_media":399333,"comment_status":"open","ping_status":"open","sticky":false,"template":"","format":"standard","meta":[],"categories":[29],"tags":[455,443],"formato_nota":[],"programas_tax":[],"acf":[],"_links":{"self":[{"href":"https:\/\/www.medellin.gov.co\/es\/wp-json\/wp\/v2\/posts\/399331"}],"collection":[{"href":"https:\/\/www.medellin.gov.co\/es\/wp-json\/wp\/v2\/posts"}],"about":[{"href":"https:\/\/www.medellin.gov.co\/es\/wp-json\/wp\/v2\/types\/post"}],"author":[{"embeddable":true,"href":"https:\/\/www.medellin.gov.co\/es\/wp-json\/wp\/v2\/users\/21"}],"replies":[{"embeddable":true,"href":"https:\/\/www.medellin.gov.co\/es\/wp-json\/wp\/v2\/comments?post=399331"}],"version-history":[{"count":1,"href":"https:\/\/www.medellin.gov.co\/es\/wp-json\/wp\/v2\/posts\/399331\/revisions"}],"predecessor-version":[{"id":399341,"href":"https:\/\/www.medellin.gov.co\/es\/wp-json\/wp\/v2\/posts\/399331\/revisions\/399341"}],"wp:featuredmedia":[{"embeddable":true,"href":"https:\/\/www.medellin.gov.co\/es\/wp-json\/wp\/v2\/media\/399333"}],"wp:attachment":[{"href":"https:\/\/www.medellin.gov.co\/es\/wp-json\/wp\/v2\/media?parent=399331"}],"wp:term":[{"taxonomy":"category","embeddable":true,"href":"https:\/\/www.medellin.gov.co\/es\/wp-json\/wp\/v2\/categories?post=399331"},{"taxonomy":"post_tag","embeddable":true,"href":"https:\/\/www.medellin.gov.co\/es\/wp-json\/wp\/v2\/tags?post=399331"},{"taxonomy":"formato_nota","embeddable":true,"href":"https:\/\/www.medellin.gov.co\/es\/wp-json\/wp\/v2\/formato_nota?post=399331"},{"taxonomy":"programas_tax","embeddable":true,"href":"https:\/\/www.medellin.gov.co\/es\/wp-json\/wp\/v2\/programas_tax?post=399331"}],"curies":[{"name":"wp","href":"https:\/\/api.w.org\/{rel}","templated":true}]}}