{"id":399623,"date":"2025-04-09T15:08:15","date_gmt":"2025-04-09T20:08:15","guid":{"rendered":"https:\/\/www.medellin.gov.co\/es\/?p=399623"},"modified":"2025-04-09T15:08:15","modified_gmt":"2025-04-09T20:08:15","slug":"medellin-avanza-iniciativas-transformadoras-en-educacion-cultura-participacion-deporte-y-recreacion","status":"publish","type":"post","link":"https:\/\/www.medellin.gov.co\/es\/sala-de-prensa\/noticias\/medellin-avanza-iniciativas-transformadoras-en-educacion-cultura-participacion-deporte-y-recreacion\/","title":{"rendered":"Medell\u00edn avanza: iniciativas transformadoras en educaci\u00f3n, cultura, participaci\u00f3n, deporte y recreaci\u00f3n"},"content":{"rendered":"<p>El sector de educaci\u00f3n, cultura, participaci\u00f3n, recreaci\u00f3n y deporte de Medell\u00edn est\u00e1 cambiando vidas con iniciativas que abordan la desnutrici\u00f3n infantil, revitalizan la educaci\u00f3n, garantizan la participaci\u00f3n y celebran la diversidad cultural.<\/p>\n<p>El sector de educaci\u00f3n, cultura, participaci\u00f3n, recreaci\u00f3n y deporte asumi\u00f3 la misi\u00f3n de cambiar vidas con un enfoque en el bienestar integral, la inclusi\u00f3n y el acceso a oportunidades. Uno de los desaf\u00edos m\u00e1s cr\u00edticos es la desnutrici\u00f3n infantil. Desde las acciones de salud y nutrici\u00f3n, se vienen implementando programas y proyectos que devolvieron la sonrisa a cientos de ni\u00f1os, ni\u00f1as y adolescentes de nuestra ciudad.<\/p>\n\n\t\t<style type=\"text\/css\">\n\t\t\t#gallery-1 {\n\t\t\t\tmargin: auto;\n\t\t\t}\n\t\t\t#gallery-1 .gallery-item {\n\t\t\t\tfloat: left;\n\t\t\t\tmargin-top: 10px;\n\t\t\t\ttext-align: center;\n\t\t\t\twidth: 50%;\n\t\t\t}\n\t\t\t#gallery-1 img {\n\t\t\t\tborder: 2px solid #cfcfcf;\n\t\t\t}\n\t\t\t#gallery-1 .gallery-caption {\n\t\t\t\tmargin-left: 0;\n\t\t\t}\n\t\t\t\/* see gallery_shortcode() in wp-includes\/media.php *\/\n\t\t<\/style>\n\t\t<div id='gallery-1' class='gallery galleryid-399623 gallery-columns-2 gallery-size-large'><dl class='gallery-item'>\n\t\t\t<dt class='gallery-icon landscape'>\n\t\t\t\t<a href='https:\/\/www.medellin.gov.co\/es\/sala-de-prensa\/noticias\/medellin-avanza-iniciativas-transformadoras-en-educacion-cultura-participacion-deporte-y-recreacion\/imagen-arte-y-cultura-5\/'><img width=\"634\" height=\"634\" src=\"https:\/\/www.medellin.gov.co\/es\/wp-content\/uploads\/2025\/04\/Imagen-arte-y-cultura-5.jpg\" class=\"attachment-large size-large\" alt=\"Imagen arte y cultura 5\" loading=\"lazy\" aria-describedby=\"gallery-1-399630\" srcset=\"https:\/\/www.medellin.gov.co\/es\/wp-content\/uploads\/2025\/04\/Imagen-arte-y-cultura-5.jpg 634w, https:\/\/www.medellin.gov.co\/es\/wp-content\/uploads\/2025\/04\/Imagen-arte-y-cultura-5-300x300.jpg 300w, https:\/\/www.medellin.gov.co\/es\/wp-content\/uploads\/2025\/04\/Imagen-arte-y-cultura-5-150x150.jpg 150w\" sizes=\"(max-width: 634px) 100vw, 634px\" \/><\/a>\n\t\t\t<\/dt>\n\t\t\t\t<dd class='wp-caption-text gallery-caption' id='gallery-1-399630'>\n\t\t\t\tFoto Alcald\u00eda de Medell\u00edn\n\t\t\t\t<\/dd><\/dl><dl class='gallery-item'>\n\t\t\t<dt class='gallery-icon landscape'>\n\t\t\t\t<a href='https:\/\/www.medellin.gov.co\/es\/sala-de-prensa\/noticias\/medellin-avanza-iniciativas-transformadoras-en-educacion-cultura-participacion-deporte-y-recreacion\/imagen-arte-y-cultura-4\/'><img width=\"631\" height=\"631\" src=\"https:\/\/www.medellin.gov.co\/es\/wp-content\/uploads\/2025\/04\/Imagen-arte-y-cultura-4.jpg\" class=\"attachment-large size-large\" alt=\"Imagen arte y cultura 4\" loading=\"lazy\" aria-describedby=\"gallery-1-399629\" srcset=\"https:\/\/www.medellin.gov.co\/es\/wp-content\/uploads\/2025\/04\/Imagen-arte-y-cultura-4.jpg 631w, https:\/\/www.medellin.gov.co\/es\/wp-content\/uploads\/2025\/04\/Imagen-arte-y-cultura-4-300x300.jpg 300w, https:\/\/www.medellin.gov.co\/es\/wp-content\/uploads\/2025\/04\/Imagen-arte-y-cultura-4-150x150.jpg 150w\" sizes=\"(max-width: 631px) 100vw, 631px\" \/><\/a>\n\t\t\t<\/dt>\n\t\t\t\t<dd class='wp-caption-text gallery-caption' id='gallery-1-399629'>\n\t\t\t\tFoto Alcald\u00eda de Medell\u00edn\n\t\t\t\t<\/dd><\/dl><br style=\"clear: both\" \/>\n\t\t<\/div>\n\n<p>La educaci\u00f3n tambi\u00e9n encontr\u00f3 su renacer, donde m\u00e1s de 22 000 estudiantes volvieron a las aulas gracias a los esfuerzos de la Secretar\u00eda de Educaci\u00f3n. Estos ni\u00f1os, ni\u00f1as y adolescentes, que hab\u00edan perdido la esperanza, ahora ven las aulas como puertas hacia un proyecto de vida edificante, adem\u00e1s, las intervenciones en 133 sedes educativas no solo transformaron espacios f\u00edsicos, sino tambi\u00e9n el bienestar y sue\u00f1os de quienes los habitan y dan vida.<\/p>\n<p>En el \u00e1mbito cultural, los resultados fueron profundamente inspiradores, con m\u00e1s de 180 000 personas participando en eventos y actividades que no solo celebraban la diversidad, sino que tambi\u00e9n fomentan la confianza como pilares esenciales de la convivencia. Estos eventos culturales act\u00faan como catalizadores para el desarrollo de una ciudadan\u00eda comprometida y consciente, capaz de valorar y respetar la diversidad, mientras se construyen lazos de confianza y cooperaci\u00f3n que son fundamentales para el progreso y la estabilidad de cualquier comunidad.<\/p>\n\n\t\t<style type=\"text\/css\">\n\t\t\t#gallery-2 {\n\t\t\t\tmargin: auto;\n\t\t\t}\n\t\t\t#gallery-2 .gallery-item {\n\t\t\t\tfloat: left;\n\t\t\t\tmargin-top: 10px;\n\t\t\t\ttext-align: center;\n\t\t\t\twidth: 50%;\n\t\t\t}\n\t\t\t#gallery-2 img {\n\t\t\t\tborder: 2px solid #cfcfcf;\n\t\t\t}\n\t\t\t#gallery-2 .gallery-caption {\n\t\t\t\tmargin-left: 0;\n\t\t\t}\n\t\t\t\/* see gallery_shortcode() in wp-includes\/media.php *\/\n\t\t<\/style>\n\t\t<div id='gallery-2' class='gallery galleryid-399623 gallery-columns-2 gallery-size-large'><dl class='gallery-item'>\n\t\t\t<dt class='gallery-icon landscape'>\n\t\t\t\t<a href='https:\/\/www.medellin.gov.co\/es\/sala-de-prensa\/noticias\/medellin-avanza-iniciativas-transformadoras-en-educacion-cultura-participacion-deporte-y-recreacion\/imagen-arte-y-cultura\/'><img width=\"394\" height=\"394\" src=\"https:\/\/www.medellin.gov.co\/es\/wp-content\/uploads\/2025\/04\/Imagen-arte-y-cultura.jpg\" class=\"attachment-large size-large\" alt=\"Imagen arte y cultura\" loading=\"lazy\" aria-describedby=\"gallery-2-399635\" srcset=\"https:\/\/www.medellin.gov.co\/es\/wp-content\/uploads\/2025\/04\/Imagen-arte-y-cultura.jpg 394w, https:\/\/www.medellin.gov.co\/es\/wp-content\/uploads\/2025\/04\/Imagen-arte-y-cultura-300x300.jpg 300w, https:\/\/www.medellin.gov.co\/es\/wp-content\/uploads\/2025\/04\/Imagen-arte-y-cultura-150x150.jpg 150w\" sizes=\"(max-width: 394px) 100vw, 394px\" \/><\/a>\n\t\t\t<\/dt>\n\t\t\t\t<dd class='wp-caption-text gallery-caption' id='gallery-2-399635'>\n\t\t\t\tFoto Alcald\u00eda de Medell\u00edn\n\t\t\t\t<\/dd><\/dl><dl class='gallery-item'>\n\t\t\t<dt class='gallery-icon landscape'>\n\t\t\t\t<a href='https:\/\/www.medellin.gov.co\/es\/sala-de-prensa\/noticias\/medellin-avanza-iniciativas-transformadoras-en-educacion-cultura-participacion-deporte-y-recreacion\/imagen-arte-y-cultura-6\/'><img width=\"314\" height=\"314\" src=\"https:\/\/www.medellin.gov.co\/es\/wp-content\/uploads\/2025\/04\/Imagen-arte-y-cultura-6.jpg\" class=\"attachment-large size-large\" alt=\"Imagen arte y cultura 6\" loading=\"lazy\" aria-describedby=\"gallery-2-399632\" srcset=\"https:\/\/www.medellin.gov.co\/es\/wp-content\/uploads\/2025\/04\/Imagen-arte-y-cultura-6.jpg 314w, https:\/\/www.medellin.gov.co\/es\/wp-content\/uploads\/2025\/04\/Imagen-arte-y-cultura-6-300x300.jpg 300w, https:\/\/www.medellin.gov.co\/es\/wp-content\/uploads\/2025\/04\/Imagen-arte-y-cultura-6-150x150.jpg 150w\" sizes=\"(max-width: 314px) 100vw, 314px\" \/><\/a>\n\t\t\t<\/dt>\n\t\t\t\t<dd class='wp-caption-text gallery-caption' id='gallery-2-399632'>\n\t\t\t\tFoto Alcald\u00eda de Medell\u00edn\n\t\t\t\t<\/dd><\/dl><br style=\"clear: both\" \/>\n\t\t<\/div>\n\n<p>Sumado a lo anterior, el INDER ha reparado 175 escenarios deportivos, convirti\u00e9ndolos nuevamente en puntos de encuentro para comunidades enteras, donde las risas y los aplausos suenan m\u00e1s fuertes que nunca. M\u00e1s que reparaciones, estas intervenciones redefinieron estos espacios como epicentros comunitarios y de uni\u00f3n familiar.<\/p>\n<p>La participaci\u00f3n ciudadana fue otro gran logro. Modificar el Decreto de Presupuesto Participativo fue un acto de valent\u00eda que asegur\u00f3 que los recursos llegaran a quienes realmente los necesitan. As\u00ed, las voces de las comunidades fueron escuchadas, sentando las bases para una gobernanza participativa m\u00e1s inclusiva y transparente.<\/p>\n<p>&nbsp;<\/p>\n","protected":false},"excerpt":{"rendered":"<p>El sector de educaci\u00f3n, cultura, participaci\u00f3n, recreaci\u00f3n y deporte de Medell\u00edn est\u00e1 cambiando vidas con iniciativas que abordan la desnutrici\u00f3n infantil, revitalizan la educaci\u00f3n, garantizan la participaci\u00f3n y celebran la diversidad cultural. El sector de &#8230;<\/p>\n","protected":false},"author":95,"featured_media":379074,"comment_status":"open","ping_status":"open","sticky":false,"template":"","format":"standard","meta":[],"categories":[8],"tags":[455],"formato_nota":[],"programas_tax":[],"acf":[],"_links":{"self":[{"href":"https:\/\/www.medellin.gov.co\/es\/wp-json\/wp\/v2\/posts\/399623"}],"collection":[{"href":"https:\/\/www.medellin.gov.co\/es\/wp-json\/wp\/v2\/posts"}],"about":[{"href":"https:\/\/www.medellin.gov.co\/es\/wp-json\/wp\/v2\/types\/post"}],"author":[{"embeddable":true,"href":"https:\/\/www.medellin.gov.co\/es\/wp-json\/wp\/v2\/users\/95"}],"replies":[{"embeddable":true,"href":"https:\/\/www.medellin.gov.co\/es\/wp-json\/wp\/v2\/comments?post=399623"}],"version-history":[{"count":2,"href":"https:\/\/www.medellin.gov.co\/es\/wp-json\/wp\/v2\/posts\/399623\/revisions"}],"predecessor-version":[{"id":399638,"href":"https:\/\/www.medellin.gov.co\/es\/wp-json\/wp\/v2\/posts\/399623\/revisions\/399638"}],"wp:featuredmedia":[{"embeddable":true,"href":"https:\/\/www.medellin.gov.co\/es\/wp-json\/wp\/v2\/media\/379074"}],"wp:attachment":[{"href":"https:\/\/www.medellin.gov.co\/es\/wp-json\/wp\/v2\/media?parent=399623"}],"wp:term":[{"taxonomy":"category","embeddable":true,"href":"https:\/\/www.medellin.gov.co\/es\/wp-json\/wp\/v2\/categories?post=399623"},{"taxonomy":"post_tag","embeddable":true,"href":"https:\/\/www.medellin.gov.co\/es\/wp-json\/wp\/v2\/tags?post=399623"},{"taxonomy":"formato_nota","embeddable":true,"href":"https:\/\/www.medellin.gov.co\/es\/wp-json\/wp\/v2\/formato_nota?post=399623"},{"taxonomy":"programas_tax","embeddable":true,"href":"https:\/\/www.medellin.gov.co\/es\/wp-json\/wp\/v2\/programas_tax?post=399623"}],"curies":[{"name":"wp","href":"https:\/\/api.w.org\/{rel}","templated":true}]}}