{"id":401053,"date":"2025-04-15T09:19:22","date_gmt":"2025-04-15T14:19:22","guid":{"rendered":"https:\/\/www.medellin.gov.co\/es\/?p=401053"},"modified":"2025-04-15T09:19:22","modified_gmt":"2025-04-15T14:19:22","slug":"medellin-y-la-fuerza-aeroespacial-despliegan-ofensiva-aerea-contra-estructuras-criminales","status":"publish","type":"post","link":"https:\/\/www.medellin.gov.co\/es\/sala-de-prensa\/noticias\/medellin-y-la-fuerza-aeroespacial-despliegan-ofensiva-aerea-contra-estructuras-criminales\/","title":{"rendered":"Medell\u00edn y la Fuerza Aeroespacial despliegan ofensiva a\u00e9rea contra estructuras criminales"},"content":{"rendered":"<ul>\n<li>Durante la jornada se realizaron sobrevuelos y lanzamientos de volantes con los rostros de alias \u201cSebas\u201d, \u201cValde\u201d, \u201cChivo\u201d, \u201cKevin\u201d, \u201cMenor\u201d y \u201cChampeta\u201d, de las estructuras criminales Los Chivos y Las Independencias.<\/li>\n<\/ul>\n<!--[if lt IE 9]><script>document.createElement('audio');<\/script><![endif]-->\n\t<div class=\"wp-playlist wp-audio-playlist wp-playlist-light\">\n\t\t\t<div class=\"wp-playlist-current-item\"><\/div>\n\t\t<audio controls=\"controls\" preload=\"none\" width=\"640\"\n\t\t\t><\/audio>\n\t<div class=\"wp-playlist-next\"><\/div>\n\t<div class=\"wp-playlist-prev\"><\/div>\n\t<noscript>\n\t<ol>\n\t\t<li><a href='https:\/\/www.medellin.gov.co\/es\/wp-content\/uploads\/2025\/04\/Declaraciones-secretario-de-Seguridad-y-Convivencia-Manuel-Villa-Mejia..mp3'>Declaraciones secretario de Seguridad y Convivencia, Manuel\u00a0Villa\u00a0Mej\u00eda.<\/a><\/li><li><a href='https:\/\/www.medellin.gov.co\/es\/wp-content\/uploads\/2025\/04\/Declaraciones-Teniente-Coronel-Manuel-Ricardo-Riano-Pulido-comandante-del-Grupo-de-Seguridad-y-Defensa-de-Bases-N\u00b0-55..mp3'>Declaraciones Teniente Coronel Manuel Ricardo Ria\u00f1o Pulido, comandante del Grupo de Seguridad y Defensa\u00a0de\u00a0Bases\u00a0N\u00b0\u00a055.<\/a><\/li>\t<\/ol>\n\t<\/noscript>\n\t<script type=\"application\/json\" class=\"wp-playlist-script\">{\"type\":\"audio\",\"tracklist\":true,\"tracknumbers\":true,\"images\":true,\"artists\":true,\"tracks\":[{\"src\":\"https:\\\/\\\/www.medellin.gov.co\\\/es\\\/wp-content\\\/uploads\\\/2025\\\/04\\\/Declaraciones-secretario-de-Seguridad-y-Convivencia-Manuel-Villa-Mejia..mp3\",\"type\":\"audio\\\/mpeg\",\"title\":\"Declaraciones secretario de Seguridad y Convivencia, Manuel\\u00a0Villa\\u00a0Mej\\u00eda.\",\"caption\":\"\",\"description\":\"\\u00abDeclaraciones secretario de Seguridad y Convivencia, Manuel\\u00a0Villa\\u00a0Mej\\u00eda.\\u00bb.\",\"meta\":{\"length_formatted\":\"1:01\"},\"image\":{\"src\":\"https:\\\/\\\/www.medellin.gov.co\\\/es\\\/wp-content\\\/uploads\\\/2025\\\/04\\\/Declaraciones-secretario-de-Seguridad-y-Convivencia-Manuel-Villa-Mejia-mp3-image.jpg\",\"width\":1920,\"height\":1080},\"thumb\":{\"src\":\"https:\\\/\\\/www.medellin.gov.co\\\/es\\\/wp-content\\\/uploads\\\/2025\\\/04\\\/Declaraciones-secretario-de-Seguridad-y-Convivencia-Manuel-Villa-Mejia-mp3-image-150x84.jpg\",\"width\":150,\"height\":84}},{\"src\":\"https:\\\/\\\/www.medellin.gov.co\\\/es\\\/wp-content\\\/uploads\\\/2025\\\/04\\\/Declaraciones-Teniente-Coronel-Manuel-Ricardo-Riano-Pulido-comandante-del-Grupo-de-Seguridad-y-Defensa-de-Bases-N\\u00b0-55..mp3\",\"type\":\"audio\\\/mpeg\",\"title\":\"Declaraciones Teniente Coronel Manuel Ricardo Ria\\u00f1o Pulido, comandante del Grupo de Seguridad y Defensa\\u00a0de\\u00a0Bases\\u00a0N\\u00b0\\u00a055.\",\"caption\":\"Declaraciones: Teniente Coronel Manuel Ricardo Ria\\u00f1o Pulido, comandante del Grupo de Seguridad y Defensa\\u00a0de\\u00a0Bases\\u00a0N\\u00b0\\u00a055.\",\"description\":\"\\u00abDeclaraciones Teniente Coronel Manuel Ricardo Ria\\u00f1o Pulido, comandante del Grupo de Seguridad y Defensa\\u00a0de\\u00a0Bases\\u00a0N\\u00b0\\u00a055.\\u00bb.\",\"meta\":{\"length_formatted\":\"0:28\"},\"image\":{\"src\":\"https:\\\/\\\/www.medellin.gov.co\\\/es\\\/wp-content\\\/uploads\\\/2025\\\/04\\\/Declaraciones-Teniente-Coronel-Manuel-Ricardo-Riano-Pulido-comandante-del-Grupo-de-Seguridad-y-Defensa-de-Bases-N\\u00b0-55-mp3-image.jpg\",\"width\":1920,\"height\":1080},\"thumb\":{\"src\":\"https:\\\/\\\/www.medellin.gov.co\\\/es\\\/wp-content\\\/uploads\\\/2025\\\/04\\\/Declaraciones-Teniente-Coronel-Manuel-Ricardo-Riano-Pulido-comandante-del-Grupo-de-Seguridad-y-Defensa-de-Bases-N\\u00b0-55-mp3-image-150x84.jpg\",\"width\":150,\"height\":84}}]}<\/script>\n<\/div>\n\t\n<p>En un esfuerzo conjunto por fortalecer la seguridad en el territorio, la Alcald\u00eda de Medell\u00edn, a trav\u00e9s de la <a href=\"http:\/\/www.medellin.gov.co\/es\/secretaria-seguridad\/\" target=\"_blank\" rel=\"noopener\">Secretar\u00eda de Seguridad y Convivencia<\/a>, en articulaci\u00f3n con la Fuerza Aeroespacial Colombiana, despleg\u00f3 este una operaci\u00f3n especial de vigilancia y disuasi\u00f3n a\u00e9rea en distintos sectores estrat\u00e9gicos de la ciudad y el corredor seguro de oriente.<\/p>\n<p>La jornada incluy\u00f3 sobrevuelos en helic\u00f3ptero por diferentes comunas de Medell\u00edn, acompa\u00f1ados del lanzamiento de volantes con informaci\u00f3n clave sobre integrantes de estructuras criminales que delinquen en la ciudad. Estos volantes contienen los rostros y alias de algunos de los m\u00e1s buscados pertenecientes a las estructuras delincuenciales Los Chivos y Las Independencias, entre ellos: alias \u00abSebas\u00bb, alias \u00abValde\u00bb, alias \u00abChivo\u00bb, alias \u00abKevin\u00bb, alias \u00abMenor\u00bb y alias \u00abChampeta\u00bb.<\/p>\n<p><img loading=\"lazy\" class=\"alignnone size-large wp-image-401058\" src=\"https:\/\/www.medellin.gov.co\/es\/wp-content\/uploads\/2025\/04\/Imagen-funcionario-repartiendo-volantes-en-helicoptero--1024x682.jpg\" alt=\"Imagen funcionario repartiendo volantes en helic\u00f3ptero\" width=\"1024\" height=\"682\" srcset=\"https:\/\/www.medellin.gov.co\/es\/wp-content\/uploads\/2025\/04\/Imagen-funcionario-repartiendo-volantes-en-helicoptero--1024x682.jpg 1024w, https:\/\/www.medellin.gov.co\/es\/wp-content\/uploads\/2025\/04\/Imagen-funcionario-repartiendo-volantes-en-helicoptero--300x200.jpg 300w, https:\/\/www.medellin.gov.co\/es\/wp-content\/uploads\/2025\/04\/Imagen-funcionario-repartiendo-volantes-en-helicoptero--150x100.jpg 150w, https:\/\/www.medellin.gov.co\/es\/wp-content\/uploads\/2025\/04\/Imagen-funcionario-repartiendo-volantes-en-helicoptero--768x512.jpg 768w, https:\/\/www.medellin.gov.co\/es\/wp-content\/uploads\/2025\/04\/Imagen-funcionario-repartiendo-volantes-en-helicoptero--1536x1023.jpg 1536w, https:\/\/www.medellin.gov.co\/es\/wp-content\/uploads\/2025\/04\/Imagen-funcionario-repartiendo-volantes-en-helicoptero-.jpg 1600w\" sizes=\"(max-width: 1024px) 100vw, 1024px\" \/><\/p>\n<p>\u201cNos encontramos aqu\u00ed pr\u00f3ximos a unos sobrevuelos de vigilancia a\u00e9rea en las distintas comunas de la ciudad de Medell\u00edn. Tambi\u00e9n haremos lanzamientos de algunos volantes donde est\u00e1n algunos de los m\u00e1s buscados de las estructuras criminales que delinquen precisamente en algunas comunas de la ciudad. Esto demuestra que estamos trabajando en equipo. Somos un mismo Estado y como Estado estamos organizados para estar tanto en tierra y en aire y llevarle seguridad a la ciudadan\u00eda y al mismo tiempo estar detr\u00e1s de los ilegales\u201d, afirm\u00f3 el secretario de Seguridad y Convivencia, Manuel Villa Mej\u00eda.<\/p>\n<p>Desde la <a href=\"https:\/\/www.fac.mil.co\/\" target=\"_blank\" rel=\"noopener\">Fuerza Aeroespacial Colombiana<\/a>, el Grupo de Seguridad y Defensa de Bases No. 55, con sede en Rionegro, ha sido pieza fundamental en el desarrollo de esta estrategia. Las operaciones realizadas consistieron en el lanzamiento de volantes informativos a lo largo del corredor seguro de oriente, abarcando varios municipios cercanos al Comando A\u00e9reo de Combate No. 5.<\/p>\n<p>\u201cEl objetivo es claro: estamos realizando operaciones de informaci\u00f3n, las cuales consisten en el lanzamiento de volantes en todo el corredor seguro de oriente, donde est\u00e1n todos los municipios cercanos al comando a\u00e9reo de combate n\u00famero cinco. Esto como una de las estrategias planteadas en los consejos de seguridad\u201d, explic\u00f3 el comandante del Grupo de Seguridad y Defensa de Bases #5, teniente coronel Manuel Ricardo Ria\u00f1o Pulido.<\/p>\n<p><img loading=\"lazy\" class=\"alignnone size-large wp-image-401059\" src=\"https:\/\/www.medellin.gov.co\/es\/wp-content\/uploads\/2025\/04\/Imagen-funcionario-repartiendo-volantes-en-helicoptero-2-1024x682.jpg\" alt=\"Imagen funcionario repartiendo volantes en helic\u00f3ptero 2\" width=\"1024\" height=\"682\" srcset=\"https:\/\/www.medellin.gov.co\/es\/wp-content\/uploads\/2025\/04\/Imagen-funcionario-repartiendo-volantes-en-helicoptero-2-1024x682.jpg 1024w, https:\/\/www.medellin.gov.co\/es\/wp-content\/uploads\/2025\/04\/Imagen-funcionario-repartiendo-volantes-en-helicoptero-2-300x200.jpg 300w, https:\/\/www.medellin.gov.co\/es\/wp-content\/uploads\/2025\/04\/Imagen-funcionario-repartiendo-volantes-en-helicoptero-2-150x100.jpg 150w, https:\/\/www.medellin.gov.co\/es\/wp-content\/uploads\/2025\/04\/Imagen-funcionario-repartiendo-volantes-en-helicoptero-2-768x512.jpg 768w, https:\/\/www.medellin.gov.co\/es\/wp-content\/uploads\/2025\/04\/Imagen-funcionario-repartiendo-volantes-en-helicoptero-2-1536x1023.jpg 1536w, https:\/\/www.medellin.gov.co\/es\/wp-content\/uploads\/2025\/04\/Imagen-funcionario-repartiendo-volantes-en-helicoptero-2.jpg 1600w\" sizes=\"(max-width: 1024px) 100vw, 1024px\" \/><\/p>\n<p>Estas acciones conjuntas reflejan el compromiso de las instituciones del Estado por hacer frente a las estructuras criminales que amenazan la tranquilidad ciudadana. El uso de capacidades a\u00e9reas permite ampliar el radio de acci\u00f3n, fortalecer la inteligencia operacional y hacer presencia efectiva en territorios de dif\u00edcil acceso.<\/p>\n<p>La Alcald\u00eda de Medell\u00edn contin\u00faa trabajando de la mano con las fuerzas militares y de polic\u00eda, articulando esfuerzos con la Fiscal\u00eda General de la Naci\u00f3n y dem\u00e1s entidades, para garantizar que los operativos tengan resultados efectivos en t\u00e9rminos de capturas y prevenci\u00f3n del delito.<\/p>\n","protected":false},"excerpt":{"rendered":"<p>Durante la jornada se realizaron sobrevuelos y lanzamientos de volantes con los rostros de alias \u201cSebas\u201d, \u201cValde\u201d, \u201cChivo\u201d, \u201cKevin\u201d, \u201cMenor\u201d y \u201cChampeta\u201d, de las estructuras criminales Los Chivos y Las Independencias. En un esfuerzo conjunto &#8230;<\/p>\n","protected":false},"author":97,"featured_media":401055,"comment_status":"open","ping_status":"open","sticky":false,"template":"","format":"standard","meta":[],"categories":[21],"tags":[451,619],"formato_nota":[],"programas_tax":[],"acf":[],"_links":{"self":[{"href":"https:\/\/www.medellin.gov.co\/es\/wp-json\/wp\/v2\/posts\/401053"}],"collection":[{"href":"https:\/\/www.medellin.gov.co\/es\/wp-json\/wp\/v2\/posts"}],"about":[{"href":"https:\/\/www.medellin.gov.co\/es\/wp-json\/wp\/v2\/types\/post"}],"author":[{"embeddable":true,"href":"https:\/\/www.medellin.gov.co\/es\/wp-json\/wp\/v2\/users\/97"}],"replies":[{"embeddable":true,"href":"https:\/\/www.medellin.gov.co\/es\/wp-json\/wp\/v2\/comments?post=401053"}],"version-history":[{"count":1,"href":"https:\/\/www.medellin.gov.co\/es\/wp-json\/wp\/v2\/posts\/401053\/revisions"}],"predecessor-version":[{"id":401071,"href":"https:\/\/www.medellin.gov.co\/es\/wp-json\/wp\/v2\/posts\/401053\/revisions\/401071"}],"wp:featuredmedia":[{"embeddable":true,"href":"https:\/\/www.medellin.gov.co\/es\/wp-json\/wp\/v2\/media\/401055"}],"wp:attachment":[{"href":"https:\/\/www.medellin.gov.co\/es\/wp-json\/wp\/v2\/media?parent=401053"}],"wp:term":[{"taxonomy":"category","embeddable":true,"href":"https:\/\/www.medellin.gov.co\/es\/wp-json\/wp\/v2\/categories?post=401053"},{"taxonomy":"post_tag","embeddable":true,"href":"https:\/\/www.medellin.gov.co\/es\/wp-json\/wp\/v2\/tags?post=401053"},{"taxonomy":"formato_nota","embeddable":true,"href":"https:\/\/www.medellin.gov.co\/es\/wp-json\/wp\/v2\/formato_nota?post=401053"},{"taxonomy":"programas_tax","embeddable":true,"href":"https:\/\/www.medellin.gov.co\/es\/wp-json\/wp\/v2\/programas_tax?post=401053"}],"curies":[{"name":"wp","href":"https:\/\/api.w.org\/{rel}","templated":true}]}}