{"id":401190,"date":"2025-04-15T17:56:44","date_gmt":"2025-04-15T22:56:44","guid":{"rendered":"https:\/\/www.medellin.gov.co\/es\/?p=401190"},"modified":"2025-04-15T18:04:04","modified_gmt":"2025-04-15T23:04:04","slug":"complejo-acuatico-de-la-unidad-atanasio-girardot-muestra-una-nueva-cara-y-se-pone-a-punto-para-los-panamericanos","status":"publish","type":"post","link":"https:\/\/www.medellin.gov.co\/es\/sala-de-prensa\/noticias\/complejo-acuatico-de-la-unidad-atanasio-girardot-muestra-una-nueva-cara-y-se-pone-a-punto-para-los-panamericanos\/","title":{"rendered":"Complejo Acu\u00e1tico de la Unidad Atanasio Girardot muestra una nueva cara y se pone a punto para los Panamericanos"},"content":{"rendered":"<ul>\n<li>La inversi\u00f3n de la Administraci\u00f3n Distrital supera los $5.200 millones.<\/li>\n<li>En mayo de 2025, Medell\u00edn acoger\u00e1 los Panamericanos Junior de Nataci\u00f3n.<\/li>\n<\/ul>\n<!--[if lt IE 9]><script>document.createElement('audio');<\/script><![endif]-->\n\t<div class=\"wp-playlist wp-audio-playlist wp-playlist-light\">\n\t\t\t<div class=\"wp-playlist-current-item\"><\/div>\n\t\t<audio controls=\"controls\" preload=\"none\" width=\"640\"\n\t\t\t><\/audio>\n\t<div class=\"wp-playlist-next\"><\/div>\n\t<div class=\"wp-playlist-prev\"><\/div>\n\t<noscript>\n\t<ol>\n\t\t<li><a href='https:\/\/www.medellin.gov.co\/es\/wp-content\/uploads\/2025\/04\/Declaraciones-director-del-Inder-Eduardo-Silva-Meluk.mp3'>Declaraciones director del Inder, Eduardo Silva\u00a0Meluk<\/a><\/li><li><a href='https:\/\/www.medellin.gov.co\/es\/wp-content\/uploads\/2025\/04\/Declaraciones-gerente-de-la-EDU-Emiro-Valdes-Lopez.mp3'>Declaraciones gerente de la EDU, Emiro Vald\u00e9s\u00a0L\u00f3pez<\/a><\/li>\t<\/ol>\n\t<\/noscript>\n\t<script type=\"application\/json\" class=\"wp-playlist-script\">{\"type\":\"audio\",\"tracklist\":true,\"tracknumbers\":true,\"images\":true,\"artists\":true,\"tracks\":[{\"src\":\"https:\\\/\\\/www.medellin.gov.co\\\/es\\\/wp-content\\\/uploads\\\/2025\\\/04\\\/Declaraciones-director-del-Inder-Eduardo-Silva-Meluk.mp3\",\"type\":\"audio\\\/mpeg\",\"title\":\"Declaraciones director del Inder, Eduardo Silva\\u00a0Meluk\",\"caption\":\"Declaraciones: director del Inder, Eduardo Silva\\u00a0Meluk\",\"description\":\"\\u00abDeclaraciones director del Inder, Eduardo Silva\\u00a0Meluk\\u00bb.\",\"meta\":{\"length_formatted\":\"1:37\"},\"image\":{\"src\":\"https:\\\/\\\/www.medellin.gov.co\\\/es\\\/wp-includes\\\/images\\\/media\\\/audio.png\",\"width\":48,\"height\":64},\"thumb\":{\"src\":\"https:\\\/\\\/www.medellin.gov.co\\\/es\\\/wp-includes\\\/images\\\/media\\\/audio.png\",\"width\":48,\"height\":64}},{\"src\":\"https:\\\/\\\/www.medellin.gov.co\\\/es\\\/wp-content\\\/uploads\\\/2025\\\/04\\\/Declaraciones-gerente-de-la-EDU-Emiro-Valdes-Lopez.mp3\",\"type\":\"audio\\\/mpeg\",\"title\":\"Declaraciones gerente de la EDU, Emiro Vald\\u00e9s\\u00a0L\\u00f3pez\",\"caption\":\"Declaraciones: gerente de la EDU, Emiro Vald\\u00e9s\\u00a0L\\u00f3pez\",\"description\":\"\\u00abDeclaraciones gerente de la EDU, Emiro Vald\\u00e9s\\u00a0L\\u00f3pez\\u00bb.\",\"meta\":{\"length_formatted\":\"0:52\"},\"image\":{\"src\":\"https:\\\/\\\/www.medellin.gov.co\\\/es\\\/wp-includes\\\/images\\\/media\\\/audio.png\",\"width\":48,\"height\":64},\"thumb\":{\"src\":\"https:\\\/\\\/www.medellin.gov.co\\\/es\\\/wp-includes\\\/images\\\/media\\\/audio.png\",\"width\":48,\"height\":64}}]}<\/script>\n<\/div>\n\t\n<p>Con varios frentes activos de obra y jornadas diurnas y nocturnas, la Alcald\u00eda de Medell\u00edn avanza con la construcci\u00f3n de la nueva plataforma de clavados y el mantenimiento de las grader\u00edas, piscina ol\u00edmpica y otros espacios en el Complejo Acu\u00e1tico de la <a href=\"https:\/\/filmedellin.com\/es\/locaciones\/unidad-deportiva-atanasio-girardot-2\/\" target=\"_blank\" rel=\"noopener\">Unidad Deportiva Atanasio Girardot<\/a>, que se prepara para recibir los Panamericanos Junior de Nataci\u00f3n 2025, en mayo pr\u00f3ximo.<\/p>\n<p><img loading=\"lazy\" class=\"alignnone size-large wp-image-401195\" src=\"https:\/\/www.medellin.gov.co\/es\/wp-content\/uploads\/2025\/04\/Imagen-complejo-acuatico-renovacion-3-1024x682.jpg\" alt=\"Imagen complejo acu\u00e1tico renovaci\u00f3n 3\" width=\"1024\" height=\"682\" srcset=\"https:\/\/www.medellin.gov.co\/es\/wp-content\/uploads\/2025\/04\/Imagen-complejo-acuatico-renovacion-3-1024x682.jpg 1024w, https:\/\/www.medellin.gov.co\/es\/wp-content\/uploads\/2025\/04\/Imagen-complejo-acuatico-renovacion-3-300x200.jpg 300w, https:\/\/www.medellin.gov.co\/es\/wp-content\/uploads\/2025\/04\/Imagen-complejo-acuatico-renovacion-3-150x100.jpg 150w, https:\/\/www.medellin.gov.co\/es\/wp-content\/uploads\/2025\/04\/Imagen-complejo-acuatico-renovacion-3-768x512.jpg 768w, https:\/\/www.medellin.gov.co\/es\/wp-content\/uploads\/2025\/04\/Imagen-complejo-acuatico-renovacion-3-1536x1023.jpg 1536w, https:\/\/www.medellin.gov.co\/es\/wp-content\/uploads\/2025\/04\/Imagen-complejo-acuatico-renovacion-3.jpg 1600w\" sizes=\"(max-width: 1024px) 100vw, 1024px\" \/><\/p>\n<p>\u201cDe d\u00eda y de noche seguimos trabajando para cumplirle a la ciudad, entendiendo los retos que tenemos para estar a punto con los Panamericanos. Esta inversi\u00f3n nos va a permitir, no solo contar con este importante evento deportivo de car\u00e1cter internacional sino brindarle a Medell\u00edn infraestructura deportiva de la m\u00e1s alta calidad\u201d, se\u00f1al\u00f3 el gerente de la EDU, Emiro Vald\u00e9s L\u00f3pez.<\/p>\n<p><img loading=\"lazy\" class=\"alignnone size-large wp-image-401200\" src=\"https:\/\/www.medellin.gov.co\/es\/wp-content\/uploads\/2025\/04\/Imagen-complejo-acuatico-renovacion-2-1024x768.jpg\" alt=\"Imagen complejo acu\u00e1tico renovaci\u00f3n 2\" width=\"1024\" height=\"768\" srcset=\"https:\/\/www.medellin.gov.co\/es\/wp-content\/uploads\/2025\/04\/Imagen-complejo-acuatico-renovacion-2-1024x768.jpg 1024w, https:\/\/www.medellin.gov.co\/es\/wp-content\/uploads\/2025\/04\/Imagen-complejo-acuatico-renovacion-2-300x225.jpg 300w, https:\/\/www.medellin.gov.co\/es\/wp-content\/uploads\/2025\/04\/Imagen-complejo-acuatico-renovacion-2-150x113.jpg 150w, https:\/\/www.medellin.gov.co\/es\/wp-content\/uploads\/2025\/04\/Imagen-complejo-acuatico-renovacion-2-768x576.jpg 768w, https:\/\/www.medellin.gov.co\/es\/wp-content\/uploads\/2025\/04\/Imagen-complejo-acuatico-renovacion-2-1536x1152.jpg 1536w, https:\/\/www.medellin.gov.co\/es\/wp-content\/uploads\/2025\/04\/Imagen-complejo-acuatico-renovacion-2.jpg 1600w\" sizes=\"(max-width: 1024px) 100vw, 1024px\" \/><\/p>\n<p>La inversi\u00f3n Distrital en el mantenimiento de este escenario deportivo es de m\u00e1s de $5.200 millones. \u201cEstamos convirtiendo nuestro complejo en uno de los mejores del mundo, por eso PanAm Aquatics se fija en nuestra ciudad. Todo el mundo quiere venir a Medell\u00edn a disfrutar de esta infraestructura deportiva, de talla internacional\u201d, destac\u00f3 el director del Inder, Eduardo Silva Meluk.<\/p>\n<p><img loading=\"lazy\" class=\"alignnone size-large wp-image-401198\" src=\"https:\/\/www.medellin.gov.co\/es\/wp-content\/uploads\/2025\/04\/Imagen-complejo-acuatico-renovacion-1024x768.jpg\" alt=\"Imagen complejo acu\u00e1tico renovaci\u00f3n\" width=\"1024\" height=\"768\" srcset=\"https:\/\/www.medellin.gov.co\/es\/wp-content\/uploads\/2025\/04\/Imagen-complejo-acuatico-renovacion-1024x768.jpg 1024w, https:\/\/www.medellin.gov.co\/es\/wp-content\/uploads\/2025\/04\/Imagen-complejo-acuatico-renovacion-300x225.jpg 300w, https:\/\/www.medellin.gov.co\/es\/wp-content\/uploads\/2025\/04\/Imagen-complejo-acuatico-renovacion-150x113.jpg 150w, https:\/\/www.medellin.gov.co\/es\/wp-content\/uploads\/2025\/04\/Imagen-complejo-acuatico-renovacion-768x576.jpg 768w, https:\/\/www.medellin.gov.co\/es\/wp-content\/uploads\/2025\/04\/Imagen-complejo-acuatico-renovacion-1536x1152.jpg 1536w, https:\/\/www.medellin.gov.co\/es\/wp-content\/uploads\/2025\/04\/Imagen-complejo-acuatico-renovacion.jpg 1600w\" sizes=\"(max-width: 1024px) 100vw, 1024px\" \/><\/p>\n<p>Adem\u00e1s de la nueva plataforma de clavados, esta intervenci\u00f3n tambi\u00e9n contempla la construcci\u00f3n de un cuarto de juzgamiento para nado sincronizado, el cambio de los vidrios en bater\u00edas de ba\u00f1os, la instalaci\u00f3n de grifer\u00eda antivand\u00e1lica, la renovaci\u00f3n de los pisos en piscinas de clavados y ol\u00edmpica, la impermeabilizaci\u00f3n y pintura de las grader\u00edas de la piscina ol\u00edmpica y la remodelaci\u00f3n de los ba\u00f1os cercanos a la entrada 2.<\/p>\n","protected":false},"excerpt":{"rendered":"<p>La inversi\u00f3n de la Administraci\u00f3n Distrital supera los $5.200 millones. En mayo de 2025, Medell\u00edn acoger\u00e1 los Panamericanos Junior de Nataci\u00f3n. Con varios frentes activos de obra y jornadas diurnas y nocturnas, la Alcald\u00eda de &#8230;<\/p>\n","protected":false},"author":97,"featured_media":401193,"comment_status":"open","ping_status":"open","sticky":false,"template":"","format":"standard","meta":[],"categories":[17],"tags":[689,428,442],"formato_nota":[],"programas_tax":[],"acf":[],"_links":{"self":[{"href":"https:\/\/www.medellin.gov.co\/es\/wp-json\/wp\/v2\/posts\/401190"}],"collection":[{"href":"https:\/\/www.medellin.gov.co\/es\/wp-json\/wp\/v2\/posts"}],"about":[{"href":"https:\/\/www.medellin.gov.co\/es\/wp-json\/wp\/v2\/types\/post"}],"author":[{"embeddable":true,"href":"https:\/\/www.medellin.gov.co\/es\/wp-json\/wp\/v2\/users\/97"}],"replies":[{"embeddable":true,"href":"https:\/\/www.medellin.gov.co\/es\/wp-json\/wp\/v2\/comments?post=401190"}],"version-history":[{"count":2,"href":"https:\/\/www.medellin.gov.co\/es\/wp-json\/wp\/v2\/posts\/401190\/revisions"}],"predecessor-version":[{"id":401211,"href":"https:\/\/www.medellin.gov.co\/es\/wp-json\/wp\/v2\/posts\/401190\/revisions\/401211"}],"wp:featuredmedia":[{"embeddable":true,"href":"https:\/\/www.medellin.gov.co\/es\/wp-json\/wp\/v2\/media\/401193"}],"wp:attachment":[{"href":"https:\/\/www.medellin.gov.co\/es\/wp-json\/wp\/v2\/media?parent=401190"}],"wp:term":[{"taxonomy":"category","embeddable":true,"href":"https:\/\/www.medellin.gov.co\/es\/wp-json\/wp\/v2\/categories?post=401190"},{"taxonomy":"post_tag","embeddable":true,"href":"https:\/\/www.medellin.gov.co\/es\/wp-json\/wp\/v2\/tags?post=401190"},{"taxonomy":"formato_nota","embeddable":true,"href":"https:\/\/www.medellin.gov.co\/es\/wp-json\/wp\/v2\/formato_nota?post=401190"},{"taxonomy":"programas_tax","embeddable":true,"href":"https:\/\/www.medellin.gov.co\/es\/wp-json\/wp\/v2\/programas_tax?post=401190"}],"curies":[{"name":"wp","href":"https:\/\/api.w.org\/{rel}","templated":true}]}}