{"id":401753,"date":"2025-04-21T12:27:05","date_gmt":"2025-04-21T17:27:05","guid":{"rendered":"https:\/\/www.medellin.gov.co\/es\/?p=401753"},"modified":"2025-04-21T12:27:05","modified_gmt":"2025-04-21T17:27:05","slug":"el-primer-concierto-de-temporada-de-la-red-de-musicas-rinde-homenaje-a-medellin-entre-porros-y-tambores","status":"publish","type":"post","link":"https:\/\/www.medellin.gov.co\/es\/sala-de-prensa\/noticias\/el-primer-concierto-de-temporada-de-la-red-de-musicas-rinde-homenaje-a-medellin-entre-porros-y-tambores\/","title":{"rendered":"El primer concierto de temporada de la Red de M\u00fasicas rinde homenaje a Medell\u00edn entre porros y tambores"},"content":{"rendered":"<ul>\n<li>Este mi\u00e9rcoles 23 de abril inicia un ciclo de presentaciones para conmemorar los 350 a\u00f1os de la capital antioque\u00f1a.<\/li>\n<li>El viaje sonoro estar\u00e1 a cargo de 150 artistas del Ensamble y el Semillero de M\u00fasicas Populares.<\/li>\n<li>Ser\u00e1 un homenaje al folclor colombiano y a grandes artistas como Lucho Berm\u00fadez, Pacho Gal\u00e1n, Edmundo Arias y la Orquesta Sonolux.<\/li>\n<\/ul>\n<!--[if lt IE 9]><script>document.createElement('audio');<\/script><![endif]-->\n\t<div class=\"wp-playlist wp-audio-playlist wp-playlist-light\">\n\t\t\t<div class=\"wp-playlist-current-item\"><\/div>\n\t\t<audio controls=\"controls\" preload=\"none\" width=\"640\"\n\t\t\t><\/audio>\n\t<div class=\"wp-playlist-next\"><\/div>\n\t<div class=\"wp-playlist-prev\"><\/div>\n\t<noscript>\n\t<ol>\n\t\t<li><a href='https:\/\/www.medellin.gov.co\/es\/wp-content\/uploads\/2025\/04\/Audio-Primer-Concierto-Red-de-Musicas-01.mp3'>Audio Palabras de Cristian Cartagena, subsecretario de Arte y Cultura<\/a><\/li><li><a href='https:\/\/www.medellin.gov.co\/es\/wp-content\/uploads\/2025\/04\/Audio-Primer-Concierto-Red-de-Musicas-02.mp3'>Audio Palabras de Luciana Marulanda, participante del Ensamble de M\u00fasicas Populares<\/a><\/li>\t<\/ol>\n\t<\/noscript>\n\t<script type=\"application\/json\" class=\"wp-playlist-script\">{\"type\":\"audio\",\"tracklist\":true,\"tracknumbers\":true,\"images\":true,\"artists\":true,\"tracks\":[{\"src\":\"https:\\\/\\\/www.medellin.gov.co\\\/es\\\/wp-content\\\/uploads\\\/2025\\\/04\\\/Audio-Primer-Concierto-Red-de-Musicas-01.mp3\",\"type\":\"audio\\\/mpeg\",\"title\":\"Audio Palabras de Cristian Cartagena, subsecretario de Arte y Cultura\",\"caption\":\"\",\"description\":\"\\u00abAudio Primer Concierto Red de M\\u00fasicas 01\\u00bb. G\\u00e9nero: Blues.\",\"meta\":{\"genre\":\"Blues\",\"length_formatted\":\"0:56\"},\"image\":{\"src\":\"https:\\\/\\\/www.medellin.gov.co\\\/es\\\/wp-includes\\\/images\\\/media\\\/audio.png\",\"width\":48,\"height\":64},\"thumb\":{\"src\":\"https:\\\/\\\/www.medellin.gov.co\\\/es\\\/wp-includes\\\/images\\\/media\\\/audio.png\",\"width\":48,\"height\":64}},{\"src\":\"https:\\\/\\\/www.medellin.gov.co\\\/es\\\/wp-content\\\/uploads\\\/2025\\\/04\\\/Audio-Primer-Concierto-Red-de-Musicas-02.mp3\",\"type\":\"audio\\\/mpeg\",\"title\":\"Audio Palabras de Luciana Marulanda, participante del Ensamble de M\\u00fasicas Populares\",\"caption\":\"\",\"description\":\"\\u00abPalabras de Luciana Marulanda, participante del Ensamble de M\\u00fasicas Populares\\u00bb.\",\"meta\":{\"genre\":\"Blues\",\"length_formatted\":\"0:44\"},\"image\":{\"src\":\"https:\\\/\\\/www.medellin.gov.co\\\/es\\\/wp-includes\\\/images\\\/media\\\/audio.png\",\"width\":48,\"height\":64},\"thumb\":{\"src\":\"https:\\\/\\\/www.medellin.gov.co\\\/es\\\/wp-includes\\\/images\\\/media\\\/audio.png\",\"width\":48,\"height\":64}}]}<\/script>\n<\/div>\n\t\n<p>Un grupo de 150 ni\u00f1as, ni\u00f1os, j\u00f3venes y adolescentes de la Red de M\u00fasicas regresar\u00e1n a los escenarios de la ciudad el 23 de abril con el inicio de su ciclo de conciertos de temporada, que tendr\u00e1 lugar en el teatro de la Universidad de Medell\u00edn a las 6:00 p. m.<\/p>\n<p>A partir de esa fecha, las presentaciones, con entrada libre y previa inscripci\u00f3n, se realizar\u00e1n mensualmente, destacando la diversidad y el talento de las Agrupaciones Integradas y celebrando, junto a todos, la melodiosa tradici\u00f3n de la m\u00fasica colombiana.<\/p>\n<p>En esta ocasi\u00f3n, el escenario se llenar\u00e1 de historia con la Red de Escuelas de M\u00fasicas Populares. Sus integrantes ser\u00e1n los encargados de guiar al p\u00fablico por un viaje sonoro, con la propuesta Entre Porros y Tambores, una experiencia que destaca c\u00f3mo estos ritmos han vivido durante generaciones.<\/p>\n<div id=\"attachment_401770\" style=\"width: 1151px\" class=\"wp-caption alignnone\"><a href=\"https:\/\/www.medellin.gov.co\/es\/wp-content\/uploads\/2025\/04\/Imagen-Cantante-en-Concierto-con-Red-de-Musicas-2.jpg\" target=\"_blank\" rel=\"noopener\"><img aria-describedby=\"caption-attachment-401770\" loading=\"lazy\" class=\"wp-image-401770 size-full\" src=\"https:\/\/www.medellin.gov.co\/es\/wp-content\/uploads\/2025\/04\/Imagen-Cantante-en-Concierto-con-Red-de-Musicas-2.jpg\" alt=\"El primer concierto de temporada de la Red de M\u00fasicas rinde homenaje a Medell\u00edn entre porros y tambores\" width=\"1141\" height=\"760\" srcset=\"https:\/\/www.medellin.gov.co\/es\/wp-content\/uploads\/2025\/04\/Imagen-Cantante-en-Concierto-con-Red-de-Musicas-2.jpg 1141w, https:\/\/www.medellin.gov.co\/es\/wp-content\/uploads\/2025\/04\/Imagen-Cantante-en-Concierto-con-Red-de-Musicas-2-300x200.jpg 300w, https:\/\/www.medellin.gov.co\/es\/wp-content\/uploads\/2025\/04\/Imagen-Cantante-en-Concierto-con-Red-de-Musicas-2-1024x682.jpg 1024w, https:\/\/www.medellin.gov.co\/es\/wp-content\/uploads\/2025\/04\/Imagen-Cantante-en-Concierto-con-Red-de-Musicas-2-150x100.jpg 150w, https:\/\/www.medellin.gov.co\/es\/wp-content\/uploads\/2025\/04\/Imagen-Cantante-en-Concierto-con-Red-de-Musicas-2-768x512.jpg 768w\" sizes=\"(max-width: 1141px) 100vw, 1141px\" \/><\/a><p id=\"caption-attachment-401770\" class=\"wp-caption-text\">Foto Alcald\u00eda de Medell\u00edn<\/p><\/div>\n<p>\u201c<em>Estos son espacios donde los chicos muestran todos sus aprendizajes y los nuevos ritmos que est\u00e1n construyendo. En esta oportunidad, en el teatro de la Universidad de Medell\u00edn, estaremos con la presentaci\u00f3n de Entre Porros y Tambores, un ensamble de nuestra Red de Escuelas de M\u00fasicas Populares con el que vamos a disfrutar de diferentes ritmos<\/em>\u201d, manifest\u00f3 el subsecretario de Arte y Cultura, Cristian Cartagena.<\/p>\n<p>En la conmemoraci\u00f3n de los 350 a\u00f1os de la ciudad, el concierto de temporada de la Red de M\u00fasicas de Medell\u00edn rinde homenaje a la riqueza musical y su influencia en el patrimonio cultural de la capital antioque\u00f1a. Adem\u00e1s, esta presentaci\u00f3n\u00a0explorar\u00e1 la evoluci\u00f3n de este g\u00e9nero tradicional y su arraigo en la cultura.<\/p>\n<p>Bajo la direcci\u00f3n de Andr\u00e9s Felipe Renter\u00eda Hurtado y Alexis Gaviria, las presentaciones har\u00e1n un recorrido que fusiona el legado de grandes exponentes del folclor colombiano, como Lucho Berm\u00fadez, Pacho Gal\u00e1n, Edmundo Arias y la Orquesta Sonolux, con nuevas expresiones musicales.<\/p>\n<div id=\"attachment_401769\" style=\"width: 1151px\" class=\"wp-caption alignnone\"><a href=\"https:\/\/www.medellin.gov.co\/es\/wp-content\/uploads\/2025\/04\/Imagen-Cantante-en-Concierto-con-Red-de-Musicas-3.jpg\" target=\"_blank\" rel=\"noopener\"><img aria-describedby=\"caption-attachment-401769\" loading=\"lazy\" class=\"wp-image-401769 size-full\" src=\"https:\/\/www.medellin.gov.co\/es\/wp-content\/uploads\/2025\/04\/Imagen-Cantante-en-Concierto-con-Red-de-Musicas-3.jpg\" alt=\"El primer concierto de temporada de la Red de M\u00fasicas rinde homenaje a Medell\u00edn entre porros y tambores\" width=\"1141\" height=\"760\" srcset=\"https:\/\/www.medellin.gov.co\/es\/wp-content\/uploads\/2025\/04\/Imagen-Cantante-en-Concierto-con-Red-de-Musicas-3.jpg 1141w, https:\/\/www.medellin.gov.co\/es\/wp-content\/uploads\/2025\/04\/Imagen-Cantante-en-Concierto-con-Red-de-Musicas-3-300x200.jpg 300w, https:\/\/www.medellin.gov.co\/es\/wp-content\/uploads\/2025\/04\/Imagen-Cantante-en-Concierto-con-Red-de-Musicas-3-1024x682.jpg 1024w, https:\/\/www.medellin.gov.co\/es\/wp-content\/uploads\/2025\/04\/Imagen-Cantante-en-Concierto-con-Red-de-Musicas-3-150x100.jpg 150w, https:\/\/www.medellin.gov.co\/es\/wp-content\/uploads\/2025\/04\/Imagen-Cantante-en-Concierto-con-Red-de-Musicas-3-768x512.jpg 768w\" sizes=\"(max-width: 1141px) 100vw, 1141px\" \/><\/a><p id=\"caption-attachment-401769\" class=\"wp-caption-text\">Foto Alcald\u00eda de Medell\u00edn<\/p><\/div>\n<p>A trav\u00e9s de la interpretaci\u00f3n de estos g\u00e9neros, el ensamble y el semillero no solo celebran el pasado y el presente de la ciudad, sino que tambi\u00e9n proyectan su sonido hacia el futuro, reafirmando as\u00ed la importancia de la m\u00fasica como un legado vivo, que evoluciona con las nuevas generaciones y que sigue escribiendo la historia y la cotidianidad de una ciudad como Medell\u00edn, que vibra con la vida y sus ritmos.<\/p>\n<p>\u00ab<em>Me siento muy emocionada por volver, este 2025, a disfrutar de los conciertos en la Universidad de Medell\u00edn. Realmente, siento que es un reto muy grande este a\u00f1o. S\u00e9 que toda la agrupaci\u00f3n comparte el objetivo de llenar el teatro y que todas y todos disfrutemos de lo que nos apasiona, que es la m\u00fasica<\/em>\u201d, expres\u00f3 la participante del Ensamble de M\u00fasicas Populares, Luciana Marulanda.<\/p>\n<p>Las Agrupaciones Integradas de la Red de M\u00fasicas de Medell\u00edn incluyen la Orquesta Sinf\u00f3nica Inicial, la Orquesta Sinf\u00f3nica Intermedia, la Orquesta Sinf\u00f3nica Juvenil, la Banda Sinf\u00f3nica Juvenil, el Coro Inicial, el Coro Juvenil, el Coro de Familias, el Semillero de M\u00fasicas Populares, el Ensamble de M\u00fasicas Populares, el Semillero de Tango y la Orquesta de Tango.<\/p>\n<p>La entrada a las presentaciones es libre y requiere inscripci\u00f3n previa. Los interesados deben registrarse en: <a href=\"https:\/\/redmusicamedellin.org\/concierto-de-temporada\/\" target=\"_blank\" rel=\"noopener\">https:\/\/redmusicamedellin.org\/concierto-de-temporada\/<\/a>. Para m\u00e1s informaci\u00f3n, se puede visitar <a href=\"http:\/\/www.redmusicamedellin.org\" target=\"_blank\" rel=\"noopener\">www.redmusicamedellin.org<\/a> o consultar las redes sociales de @cultura.med.<\/p>\n","protected":false},"excerpt":{"rendered":"<p>Este mi\u00e9rcoles 23 de abril inicia un ciclo de presentaciones para conmemorar los 350 a\u00f1os de la capital antioque\u00f1a. El viaje sonoro estar\u00e1 a cargo de 150 artistas del Ensamble y el Semillero de M\u00fasicas &#8230;<\/p>\n","protected":false},"author":21,"featured_media":401772,"comment_status":"open","ping_status":"open","sticky":false,"template":"","format":"standard","meta":[],"categories":[31],"tags":[444,428],"formato_nota":[],"programas_tax":[],"acf":[],"_links":{"self":[{"href":"https:\/\/www.medellin.gov.co\/es\/wp-json\/wp\/v2\/posts\/401753"}],"collection":[{"href":"https:\/\/www.medellin.gov.co\/es\/wp-json\/wp\/v2\/posts"}],"about":[{"href":"https:\/\/www.medellin.gov.co\/es\/wp-json\/wp\/v2\/types\/post"}],"author":[{"embeddable":true,"href":"https:\/\/www.medellin.gov.co\/es\/wp-json\/wp\/v2\/users\/21"}],"replies":[{"embeddable":true,"href":"https:\/\/www.medellin.gov.co\/es\/wp-json\/wp\/v2\/comments?post=401753"}],"version-history":[{"count":1,"href":"https:\/\/www.medellin.gov.co\/es\/wp-json\/wp\/v2\/posts\/401753\/revisions"}],"predecessor-version":[{"id":401812,"href":"https:\/\/www.medellin.gov.co\/es\/wp-json\/wp\/v2\/posts\/401753\/revisions\/401812"}],"wp:featuredmedia":[{"embeddable":true,"href":"https:\/\/www.medellin.gov.co\/es\/wp-json\/wp\/v2\/media\/401772"}],"wp:attachment":[{"href":"https:\/\/www.medellin.gov.co\/es\/wp-json\/wp\/v2\/media?parent=401753"}],"wp:term":[{"taxonomy":"category","embeddable":true,"href":"https:\/\/www.medellin.gov.co\/es\/wp-json\/wp\/v2\/categories?post=401753"},{"taxonomy":"post_tag","embeddable":true,"href":"https:\/\/www.medellin.gov.co\/es\/wp-json\/wp\/v2\/tags?post=401753"},{"taxonomy":"formato_nota","embeddable":true,"href":"https:\/\/www.medellin.gov.co\/es\/wp-json\/wp\/v2\/formato_nota?post=401753"},{"taxonomy":"programas_tax","embeddable":true,"href":"https:\/\/www.medellin.gov.co\/es\/wp-json\/wp\/v2\/programas_tax?post=401753"}],"curies":[{"name":"wp","href":"https:\/\/api.w.org\/{rel}","templated":true}]}}