{"id":401823,"date":"2025-04-21T12:34:43","date_gmt":"2025-04-21T17:34:43","guid":{"rendered":"https:\/\/www.medellin.gov.co\/es\/?p=401823"},"modified":"2025-04-21T12:34:43","modified_gmt":"2025-04-21T17:34:43","slug":"feria-de-servicios-del-distrito-llego-a-la-primera-de-las-cuatro-comunas-en-las-que-se-hara-la-actualizacion-catastral-en-2025","status":"publish","type":"post","link":"https:\/\/www.medellin.gov.co\/es\/sala-de-prensa\/noticias\/feria-de-servicios-del-distrito-llego-a-la-primera-de-las-cuatro-comunas-en-las-que-se-hara-la-actualizacion-catastral-en-2025\/","title":{"rendered":"Feria de Servicios del Distrito lleg\u00f3 a la primera de las cuatro comunas en las que se har\u00e1 la actualizaci\u00f3n catastral en 2025"},"content":{"rendered":"<ul>\n<li>La comuna Buenos Aires recibi\u00f3 los servicios de catastro, control urban\u00edstico y servicios p\u00fablicos, en una jornada que reafirma la apuesta de una administraci\u00f3n de puertas abiertas y cercana a la ciudadan\u00eda.<\/li>\n<\/ul>\n<!--[if lt IE 9]><script>document.createElement('audio');<\/script><![endif]-->\n\t<div class=\"wp-playlist wp-audio-playlist wp-playlist-light\">\n\t\t\t<div class=\"wp-playlist-current-item\"><\/div>\n\t\t<audio controls=\"controls\" preload=\"none\" width=\"640\"\n\t\t\t><\/audio>\n\t<div class=\"wp-playlist-next\"><\/div>\n\t<div class=\"wp-playlist-prev\"><\/div>\n\t<noscript>\n\t<ol>\n\t\t<li><a href='https:\/\/www.medellin.gov.co\/es\/wp-content\/uploads\/2025\/04\/Audio-Feria-de-Servicios-por-Actualizacion-Catastral-01.mp3'>Audio Palabras de Juan Manuel Vel\u00e1squez Correa, secretario de Gesti\u00f3n y Control Territorial<\/a><\/li>\t<\/ol>\n\t<\/noscript>\n\t<script type=\"application\/json\" class=\"wp-playlist-script\">{\"type\":\"audio\",\"tracklist\":true,\"tracknumbers\":true,\"images\":true,\"artists\":true,\"tracks\":[{\"src\":\"https:\\\/\\\/www.medellin.gov.co\\\/es\\\/wp-content\\\/uploads\\\/2025\\\/04\\\/Audio-Feria-de-Servicios-por-Actualizacion-Catastral-01.mp3\",\"type\":\"audio\\\/mpeg\",\"title\":\"Audio Palabras de Juan Manuel Vel\\u00e1squez Correa, secretario de Gesti\\u00f3n y Control Territorial\",\"caption\":\"\",\"description\":\"\\u00abPalabras de Juan Manuel Vel\\u00e1squez Correa, secretario de Gesti\\u00f3n y Control Territorial\\u00bb.\",\"meta\":{\"genre\":\"Blues\",\"length_formatted\":\"1:02\"},\"image\":{\"src\":\"https:\\\/\\\/www.medellin.gov.co\\\/es\\\/wp-includes\\\/images\\\/media\\\/audio.png\",\"width\":48,\"height\":64},\"thumb\":{\"src\":\"https:\\\/\\\/www.medellin.gov.co\\\/es\\\/wp-includes\\\/images\\\/media\\\/audio.png\",\"width\":48,\"height\":64}}]}<\/script>\n<\/div>\n\t\n<p>Con la participaci\u00f3n activa de la comunidad, la <a href=\"https:\/\/www.medellin.gov.co\/es\/\" target=\"_blank\" rel=\"noopener\">Alcald\u00eda de Medell\u00edn<\/a> realiz\u00f3 la segunda feria de servicios catastrales del a\u00f1o, esta vez en Buenos Aires, la primera comuna a la que se llega con esta actividad de las cuatro en donde se efectuar\u00e1 la actualizaci\u00f3n catastral 2025. Esta jornada acerc\u00f3 la oferta institucional a la ciudadan\u00eda, permitiendo que 84 habitantes accedieran a tr\u00e1mites y asesor\u00eda personalizada, sin necesidad de trasladarse al Centro.<\/p>\n<p>\u201c<em>Seguimos descentralizando nuestros servicios en el territorio. La Secretar\u00eda de Gesti\u00f3n y Control Territorial y sus equipos, acompa\u00f1ada por la Secretar\u00eda de Hacienda, llegan a la comuna 9 con todos los servicios y la institucionalidad, para resolver inquietudes de los ciudadanos, para dar respuesta a tr\u00e1mites que ten\u00edamos en cada una de las subsecretar\u00edas, adem\u00e1s para generar confianza y acercarnos a la gente<\/em>\u201d, afirm\u00f3 el secretario de Gesti\u00f3n y Control Territorial, Juan Manuel Vel\u00e1squez Correa.<\/p>\n<div id=\"attachment_401758\" style=\"width: 1151px\" class=\"wp-caption alignnone\"><a href=\"https:\/\/www.medellin.gov.co\/es\/wp-content\/uploads\/2025\/04\/Imagen-Funcionaria-atiende-Ciudadana-2.jpg\" target=\"_blank\" rel=\"noopener\"><img aria-describedby=\"caption-attachment-401758\" loading=\"lazy\" class=\"wp-image-401758 size-full\" src=\"https:\/\/www.medellin.gov.co\/es\/wp-content\/uploads\/2025\/04\/Imagen-Funcionaria-atiende-Ciudadana-2.jpg\" alt=\"Feria de Servicios del Distrito lleg\u00f3 a la primera de las cuatro comunas en las que se har\u00e1 la actualizaci\u00f3n catastral en 2025\" width=\"1141\" height=\"760\" srcset=\"https:\/\/www.medellin.gov.co\/es\/wp-content\/uploads\/2025\/04\/Imagen-Funcionaria-atiende-Ciudadana-2.jpg 1141w, https:\/\/www.medellin.gov.co\/es\/wp-content\/uploads\/2025\/04\/Imagen-Funcionaria-atiende-Ciudadana-2-300x200.jpg 300w, https:\/\/www.medellin.gov.co\/es\/wp-content\/uploads\/2025\/04\/Imagen-Funcionaria-atiende-Ciudadana-2-1024x682.jpg 1024w, https:\/\/www.medellin.gov.co\/es\/wp-content\/uploads\/2025\/04\/Imagen-Funcionaria-atiende-Ciudadana-2-150x100.jpg 150w, https:\/\/www.medellin.gov.co\/es\/wp-content\/uploads\/2025\/04\/Imagen-Funcionaria-atiende-Ciudadana-2-768x512.jpg 768w\" sizes=\"(max-width: 1141px) 100vw, 1141px\" \/><\/a><p id=\"caption-attachment-401758\" class=\"wp-caption-text\">Foto Alcald\u00eda de Medell\u00edn<\/p><\/div>\n<p>De otro lado, Mariela de Jes\u00fas Espinosa Murillo, habitante del sector, manifest\u00f3: \u201cLa informaci\u00f3n que me dieron me llen\u00f3, me dio mucho gusto haber venido ac\u00e1, porque esto es una oportunidad que nos dan a la comuna para enterarnos de todo y estar al d\u00eda con nuestros documentos. Todo lo que se trate de nuestras viviendas, me pareci\u00f3 muy importante, y que hubieran generado este encuentro, me parece especial\u201d.<\/p>\n<p>Uberney Zavala, l\u00edder comunitario, agreg\u00f3: \u201c<em>Hoy descentralizaron los servicios y en el territorio est\u00e1n atendiendo a la comunidad. Ideas que nosotros tenemos, que creemos que es muy, muy dif\u00edcil resolverlas, hoy no est\u00e1n. Estamos interactuando con funcionarios de la Alcald\u00eda que tienen mucho conocimiento en el \u00e1rea. Nos est\u00e1n orientando, nos asesoran para que cada caso se resuelva y el que no se pueda resolver hoy, igual le indican a d\u00f3nde ir o con qui\u00e9n hablar<\/em>\u201d.<\/p>\n<div id=\"attachment_401767\" style=\"width: 1151px\" class=\"wp-caption alignnone\"><a href=\"https:\/\/www.medellin.gov.co\/es\/wp-content\/uploads\/2025\/04\/Imagen-Funcionaria-atiende-Ciudadana-3.jpg\" target=\"_blank\" rel=\"noopener\"><img aria-describedby=\"caption-attachment-401767\" loading=\"lazy\" class=\"wp-image-401767 size-full\" src=\"https:\/\/www.medellin.gov.co\/es\/wp-content\/uploads\/2025\/04\/Imagen-Funcionaria-atiende-Ciudadana-3.jpg\" alt=\"Feria de Servicios del Distrito lleg\u00f3 a la primera de las cuatro comunas en las que se har\u00e1 la actualizaci\u00f3n catastral en 2025\" width=\"1141\" height=\"760\" srcset=\"https:\/\/www.medellin.gov.co\/es\/wp-content\/uploads\/2025\/04\/Imagen-Funcionaria-atiende-Ciudadana-3.jpg 1141w, https:\/\/www.medellin.gov.co\/es\/wp-content\/uploads\/2025\/04\/Imagen-Funcionaria-atiende-Ciudadana-3-300x200.jpg 300w, https:\/\/www.medellin.gov.co\/es\/wp-content\/uploads\/2025\/04\/Imagen-Funcionaria-atiende-Ciudadana-3-1024x682.jpg 1024w, https:\/\/www.medellin.gov.co\/es\/wp-content\/uploads\/2025\/04\/Imagen-Funcionaria-atiende-Ciudadana-3-150x100.jpg 150w, https:\/\/www.medellin.gov.co\/es\/wp-content\/uploads\/2025\/04\/Imagen-Funcionaria-atiende-Ciudadana-3-768x512.jpg 768w\" sizes=\"(max-width: 1141px) 100vw, 1141px\" \/><\/a><p id=\"caption-attachment-401767\" class=\"wp-caption-text\">Foto Alcald\u00eda de Medell\u00edn<\/p><\/div>\n<p>La comunidad pudo acceder a la expedici\u00f3n de fichas catastrales, orientaci\u00f3n sobre enajenaciones, procesos relacionados con curadur\u00edas, asesor\u00eda para obtener el\u00a0M\u00ednimo Vital de Agua Potable y pedagog\u00eda sobre la factura de servicios o la campa\u00f1a \u201c<em>T\u00fa separas, yo reciclo\u201d.<\/em> Adem\u00e1s, la Secretar\u00eda de Hacienda resolvi\u00f3 inquietudes y asesor\u00f3 a contribuyentes sobre la liquidaci\u00f3n del impuesto predial, un servicio clave para mantener al d\u00eda los aportes tributarios y evitar retrasos en el pago.<\/p>\n<p>La estrategia de Ferias de Servicios continuar\u00e1 recorriendo comunas y corregimientos de Medell\u00edn, especialmente, aquellas donde se adelanta el proceso de actualizaci\u00f3n catastral, con el prop\u00f3sito de descongestionar la atenci\u00f3n presencial, resolver tr\u00e1mites de forma \u00e1gil y fortalecer la relaci\u00f3n entre ciudadan\u00eda e institucionalidad.<\/p>\n","protected":false},"excerpt":{"rendered":"<p>La comuna Buenos Aires recibi\u00f3 los servicios de catastro, control urban\u00edstico y servicios p\u00fablicos, en una jornada que reafirma la apuesta de una administraci\u00f3n de puertas abiertas y cercana a la ciudadan\u00eda. Con la participaci\u00f3n &#8230;<\/p>\n","protected":false},"author":21,"featured_media":401761,"comment_status":"open","ping_status":"open","sticky":false,"template":"","format":"standard","meta":[],"categories":[7],"tags":[455],"formato_nota":[],"programas_tax":[],"acf":[],"_links":{"self":[{"href":"https:\/\/www.medellin.gov.co\/es\/wp-json\/wp\/v2\/posts\/401823"}],"collection":[{"href":"https:\/\/www.medellin.gov.co\/es\/wp-json\/wp\/v2\/posts"}],"about":[{"href":"https:\/\/www.medellin.gov.co\/es\/wp-json\/wp\/v2\/types\/post"}],"author":[{"embeddable":true,"href":"https:\/\/www.medellin.gov.co\/es\/wp-json\/wp\/v2\/users\/21"}],"replies":[{"embeddable":true,"href":"https:\/\/www.medellin.gov.co\/es\/wp-json\/wp\/v2\/comments?post=401823"}],"version-history":[{"count":1,"href":"https:\/\/www.medellin.gov.co\/es\/wp-json\/wp\/v2\/posts\/401823\/revisions"}],"predecessor-version":[{"id":401825,"href":"https:\/\/www.medellin.gov.co\/es\/wp-json\/wp\/v2\/posts\/401823\/revisions\/401825"}],"wp:featuredmedia":[{"embeddable":true,"href":"https:\/\/www.medellin.gov.co\/es\/wp-json\/wp\/v2\/media\/401761"}],"wp:attachment":[{"href":"https:\/\/www.medellin.gov.co\/es\/wp-json\/wp\/v2\/media?parent=401823"}],"wp:term":[{"taxonomy":"category","embeddable":true,"href":"https:\/\/www.medellin.gov.co\/es\/wp-json\/wp\/v2\/categories?post=401823"},{"taxonomy":"post_tag","embeddable":true,"href":"https:\/\/www.medellin.gov.co\/es\/wp-json\/wp\/v2\/tags?post=401823"},{"taxonomy":"formato_nota","embeddable":true,"href":"https:\/\/www.medellin.gov.co\/es\/wp-json\/wp\/v2\/formato_nota?post=401823"},{"taxonomy":"programas_tax","embeddable":true,"href":"https:\/\/www.medellin.gov.co\/es\/wp-json\/wp\/v2\/programas_tax?post=401823"}],"curies":[{"name":"wp","href":"https:\/\/api.w.org\/{rel}","templated":true}]}}