{"id":402982,"date":"2025-04-24T12:58:20","date_gmt":"2025-04-24T17:58:20","guid":{"rendered":"https:\/\/www.medellin.gov.co\/es\/?p=402982"},"modified":"2025-04-24T12:58:20","modified_gmt":"2025-04-24T17:58:20","slug":"voluntariado-apasionados-por-medellin-suma-esfuerzos-para-que-la-ciudad-recupere-su-brillo-con-el-apoyo-de-la-gente","status":"publish","type":"post","link":"https:\/\/www.medellin.gov.co\/es\/sala-de-prensa\/noticias\/voluntariado-apasionados-por-medellin-suma-esfuerzos-para-que-la-ciudad-recupere-su-brillo-con-el-apoyo-de-la-gente\/","title":{"rendered":"Voluntariado Apasionados por Medell\u00edn suma esfuerzos para que la ciudad recupere su brillo con el apoyo de la gente"},"content":{"rendered":"<ul>\n<li>Esta estrategia impulsa la transformaci\u00f3n social a trav\u00e9s de cinco l\u00edneas de acci\u00f3n que fortalecen la participaci\u00f3n ciudadana y el vivir bien juntos.<\/li>\n<li>A la fecha, se han registrado 150 voluntarios y voluntarias, quienes estar\u00e1n participando en este programa formativo y pedag\u00f3gico durante todo el a\u00f1o.<\/li>\n<\/ul>\n<!--[if lt IE 9]><script>document.createElement('audio');<\/script><![endif]-->\n\t<div class=\"wp-playlist wp-audio-playlist wp-playlist-light\">\n\t\t\t<div class=\"wp-playlist-current-item\"><\/div>\n\t\t<audio controls=\"controls\" preload=\"none\" width=\"640\"\n\t\t\t><\/audio>\n\t<div class=\"wp-playlist-next\"><\/div>\n\t<div class=\"wp-playlist-prev\"><\/div>\n\t<noscript>\n\t<ol>\n\t\t<li><a href='https:\/\/www.medellin.gov.co\/es\/wp-content\/uploads\/2025\/04\/Audio-Declaraciones-de-la-subsecretaria-de-Ciudadania-Cultural-Natalia-Londono.mp3'>Audio Declaraciones de la subsecretaria de Ciudadan\u00eda Cultural Natalia Londo\u00f1o<\/a><\/li>\t<\/ol>\n\t<\/noscript>\n\t<script type=\"application\/json\" class=\"wp-playlist-script\">{\"type\":\"audio\",\"tracklist\":true,\"tracknumbers\":true,\"images\":true,\"artists\":true,\"tracks\":[{\"src\":\"https:\\\/\\\/www.medellin.gov.co\\\/es\\\/wp-content\\\/uploads\\\/2025\\\/04\\\/Audio-Declaraciones-de-la-subsecretaria-de-Ciudadania-Cultural-Natalia-Londono.mp3\",\"type\":\"audio\\\/mpeg\",\"title\":\"Audio Declaraciones de la subsecretaria de Ciudadan\\u00eda Cultural Natalia Londo\\u00f1o\",\"caption\":\"Audio Declaraciones de la subsecretaria de Ciudadan\\u00eda Cultural, Natalia Londo\\u00f1o\",\"description\":\"\\u00abVoluntariado Apasionados por Medell\\u00edn \\u00bb. \",\"meta\":{\"genre\":\"Blues\",\"length_formatted\":\"0:51\"},\"image\":{\"src\":\"https:\\\/\\\/www.medellin.gov.co\\\/es\\\/wp-includes\\\/images\\\/media\\\/audio.png\",\"width\":48,\"height\":64},\"thumb\":{\"src\":\"https:\\\/\\\/www.medellin.gov.co\\\/es\\\/wp-includes\\\/images\\\/media\\\/audio.png\",\"width\":48,\"height\":64}}]}<\/script>\n<\/div>\n\t\n<p>Apasionados por Medell\u00edn, la iniciativa de voluntariado liderada por la Administraci\u00f3n Distrital, contin\u00faa transformando vidas y promoviendo el cuidado de la \u2018tacita de plata\u2019 a trav\u00e9s de la cultura ciudadana y el amor por la capital antioque\u00f1a. Con el trabajo en campo de 150 personas inscritas hasta la fecha, se han efectuado encuentros de formaci\u00f3n y pedagog\u00eda para generar un impacto positivo entre los medellinenses. Con la participaci\u00f3n de la ciudadan\u00eda, el programa avanza en el fortalecimiento de la corresponsabilidad social mediante alianzas estrat\u00e9gicas con otras dependencias de la Alcald\u00eda, priorizando la uni\u00f3n y los esfuerzos colectivos para que Medell\u00edn recupere su brillo con el apoyo de su gente.<\/p>\n<p>\u201c<em>Buscamos contribuir al desarrollo social para promover la solidaridad, la educaci\u00f3n y la cultura ciudadana a trav\u00e9s del voluntariado. Hemos definido y trabajado de manera constante en diversas l\u00edneas de acci\u00f3n que buscan aportar positivamente en la vida de los habitantes de las comunas y corregimientos<\/em>\u201d, se\u00f1al\u00f3 la subsecretaria de Ciudadan\u00eda Cultural, Natalia Londo\u00f1o.<\/p>\n<p><a href=\"https:\/\/www.medellin.gov.co\/es\/wp-content\/uploads\/2025\/04\/Imagen-Nina-con-Voluntaria-Juegan-en-Parque.jpg\" target=\"_blank\" rel=\"noopener\"><img loading=\"lazy\" class=\"alignnone wp-image-402945 size-full\" src=\"https:\/\/www.medellin.gov.co\/es\/wp-content\/uploads\/2025\/04\/Imagen-Nina-con-Voluntaria-Juegan-en-Parque.jpg\" alt=\"Imagen Ni\u00f1a con Voluntaria Juegan en Parque\" width=\"1140\" height=\"760\" srcset=\"https:\/\/www.medellin.gov.co\/es\/wp-content\/uploads\/2025\/04\/Imagen-Nina-con-Voluntaria-Juegan-en-Parque.jpg 1140w, https:\/\/www.medellin.gov.co\/es\/wp-content\/uploads\/2025\/04\/Imagen-Nina-con-Voluntaria-Juegan-en-Parque-300x200.jpg 300w, https:\/\/www.medellin.gov.co\/es\/wp-content\/uploads\/2025\/04\/Imagen-Nina-con-Voluntaria-Juegan-en-Parque-1024x683.jpg 1024w, https:\/\/www.medellin.gov.co\/es\/wp-content\/uploads\/2025\/04\/Imagen-Nina-con-Voluntaria-Juegan-en-Parque-150x100.jpg 150w, https:\/\/www.medellin.gov.co\/es\/wp-content\/uploads\/2025\/04\/Imagen-Nina-con-Voluntaria-Juegan-en-Parque-768x512.jpg 768w\" sizes=\"(max-width: 1140px) 100vw, 1140px\" \/><\/a><\/p>\n<p>Para la l\u00ednea Ambiental, se concret\u00f3 una alianza entre la <a href=\"https:\/\/www.ces.edu.co\/\" target=\"_blank\" rel=\"noopener\">Universidad CES<\/a> para ofrecer un curso de 16 horas sobre protecci\u00f3n animal, el cual permitir\u00e1 a los voluntarios obtener una certificaci\u00f3n. Adem\u00e1s, se particip\u00f3 en una jornada de adopci\u00f3n organizada por el Centro de Bienestar Animal La Perla y se proyecta iniciar procesos pedag\u00f3gicos en las instituciones educativas para fomentar el cuidado de la fauna silvestre y la preservaci\u00f3n del h\u00e1bitat natural.<\/p>\n<p>De igual forma, Apasionados por Medell\u00edn puso en marcha un programa formativo enfocado en el trabajo con personas en proceso de resocializaci\u00f3n. Esta iniciativa de inclusi\u00f3n integra iniciativas art\u00edsticas y acompa\u00f1amiento mediante visitas al territorio para apoyar a la poblaci\u00f3n vulnerable. Por su parte, la l\u00ednea Juguemos en el Parque, del programa Tejiendo Hogares liderado por la Primera Dama, Margarita Mar\u00eda G\u00f3mez, ha permitido la recuperaci\u00f3n de espacios p\u00fablicos en diversas comunas y corregimientos mediante actividades l\u00fadicas dirigidas a ni\u00f1as, ni\u00f1os y familias.<\/p>\n<p>En el caso de los eventos de ciudad, los voluntarios tuvieron una participaci\u00f3n destacada en el Primer Festival del Libro Infantil, realizado a principios de este a\u00f1o. Este encuentro literario y cultural brind\u00f3 actividades a m\u00e1s de 300 ni\u00f1as y ni\u00f1os, con el objetivo de resaltar la relevancia del servicio voluntario y fomentar el crecimiento y desarrollo de ciudadanos comprometidos con el progreso social de Medell\u00edn.<\/p>\n<p><a href=\"https:\/\/www.medellin.gov.co\/es\/wp-content\/uploads\/2025\/04\/Imagen-Ninos-Juegan-en-Parque.jpg\" target=\"_blank\" rel=\"noopener\"><img loading=\"lazy\" class=\"alignnone wp-image-402943 size-full\" src=\"https:\/\/www.medellin.gov.co\/es\/wp-content\/uploads\/2025\/04\/Imagen-Ninos-Juegan-en-Parque.jpg\" alt=\"Imagen Ni\u00f1os Juegan en Parque\" width=\"1140\" height=\"760\" srcset=\"https:\/\/www.medellin.gov.co\/es\/wp-content\/uploads\/2025\/04\/Imagen-Ninos-Juegan-en-Parque.jpg 1140w, https:\/\/www.medellin.gov.co\/es\/wp-content\/uploads\/2025\/04\/Imagen-Ninos-Juegan-en-Parque-300x200.jpg 300w, https:\/\/www.medellin.gov.co\/es\/wp-content\/uploads\/2025\/04\/Imagen-Ninos-Juegan-en-Parque-1024x683.jpg 1024w, https:\/\/www.medellin.gov.co\/es\/wp-content\/uploads\/2025\/04\/Imagen-Ninos-Juegan-en-Parque-150x100.jpg 150w, https:\/\/www.medellin.gov.co\/es\/wp-content\/uploads\/2025\/04\/Imagen-Ninos-Juegan-en-Parque-768x512.jpg 768w\" sizes=\"(max-width: 1140px) 100vw, 1140px\" \/><\/a><\/p>\n<p>Desde Isvimed, se comenz\u00f3 la gesti\u00f3n de donaciones para familias beneficiarias de vivienda, con voluntarios que lideran el acompa\u00f1amiento y la entrega de implementos de hogar, con el fin de mejorar la calidad de vida de las personas.<\/p>\n<p>Finalmente, la l\u00ednea de Juventud se encuentra en la etapa de planificaci\u00f3n para articular acciones c\u00edvicas con grupos juveniles que hacen parte de la cohesi\u00f3n y la innovaci\u00f3n social del territorio de la capital antioque\u00f1a.<\/p>\n<p>Los voluntarios, adem\u00e1s, fueron capacitados en liderazgo como herramienta clave para su desarrollo personal y el fortalecimiento del trabajo comunitario. En 2025, Apasionados por Medell\u00edn sigue impulsando una ciudad m\u00e1s inclusiva, solidaria y comprometida con su gente.<\/p>\n<p>Las inscripciones para el voluntariado estar\u00e1n abiertas durante todo el a\u00f1o. Para m\u00e1s informaci\u00f3n, se puede escribir a <a href=\"mailto:voluntariado@medellin.gov.co\">voluntariado@medellin.gov.co<\/a> o al n\u00famero de WhatsApp 333 284 4319.<\/p>\n","protected":false},"excerpt":{"rendered":"<p>Esta estrategia impulsa la transformaci\u00f3n social a trav\u00e9s de cinco l\u00edneas de acci\u00f3n que fortalecen la participaci\u00f3n ciudadana y el vivir bien juntos. A la fecha, se han registrado 150 voluntarios y voluntarias, quienes estar\u00e1n &#8230;<\/p>\n","protected":false},"author":21,"featured_media":402941,"comment_status":"open","ping_status":"open","sticky":false,"template":"","format":"standard","meta":[],"categories":[31],"tags":[444,622],"formato_nota":[],"programas_tax":[],"acf":[],"_links":{"self":[{"href":"https:\/\/www.medellin.gov.co\/es\/wp-json\/wp\/v2\/posts\/402982"}],"collection":[{"href":"https:\/\/www.medellin.gov.co\/es\/wp-json\/wp\/v2\/posts"}],"about":[{"href":"https:\/\/www.medellin.gov.co\/es\/wp-json\/wp\/v2\/types\/post"}],"author":[{"embeddable":true,"href":"https:\/\/www.medellin.gov.co\/es\/wp-json\/wp\/v2\/users\/21"}],"replies":[{"embeddable":true,"href":"https:\/\/www.medellin.gov.co\/es\/wp-json\/wp\/v2\/comments?post=402982"}],"version-history":[{"count":1,"href":"https:\/\/www.medellin.gov.co\/es\/wp-json\/wp\/v2\/posts\/402982\/revisions"}],"predecessor-version":[{"id":402986,"href":"https:\/\/www.medellin.gov.co\/es\/wp-json\/wp\/v2\/posts\/402982\/revisions\/402986"}],"wp:featuredmedia":[{"embeddable":true,"href":"https:\/\/www.medellin.gov.co\/es\/wp-json\/wp\/v2\/media\/402941"}],"wp:attachment":[{"href":"https:\/\/www.medellin.gov.co\/es\/wp-json\/wp\/v2\/media?parent=402982"}],"wp:term":[{"taxonomy":"category","embeddable":true,"href":"https:\/\/www.medellin.gov.co\/es\/wp-json\/wp\/v2\/categories?post=402982"},{"taxonomy":"post_tag","embeddable":true,"href":"https:\/\/www.medellin.gov.co\/es\/wp-json\/wp\/v2\/tags?post=402982"},{"taxonomy":"formato_nota","embeddable":true,"href":"https:\/\/www.medellin.gov.co\/es\/wp-json\/wp\/v2\/formato_nota?post=402982"},{"taxonomy":"programas_tax","embeddable":true,"href":"https:\/\/www.medellin.gov.co\/es\/wp-json\/wp\/v2\/programas_tax?post=402982"}],"curies":[{"name":"wp","href":"https:\/\/api.w.org\/{rel}","templated":true}]}}