{"id":402998,"date":"2025-04-24T13:07:05","date_gmt":"2025-04-24T18:07:05","guid":{"rendered":"https:\/\/www.medellin.gov.co\/es\/?p=402998"},"modified":"2025-04-24T13:07:05","modified_gmt":"2025-04-24T18:07:05","slug":"operativo-en-manrique-deja-mas-de-190-comparendos-una-captura-y-vehiculos-recuperados","status":"publish","type":"post","link":"https:\/\/www.medellin.gov.co\/es\/sala-de-prensa\/noticias\/operativo-en-manrique-deja-mas-de-190-comparendos-una-captura-y-vehiculos-recuperados\/","title":{"rendered":"Operativo en Manrique deja m\u00e1s de 190 comparendos, una captura y veh\u00edculos recuperados"},"content":{"rendered":"<ul>\n<li>M\u00e1s de 80 uniformados y funcionarios de la Alcald\u00eda de Medell\u00edn participaron en las acciones.<\/li>\n<\/ul>\n<!--[if lt IE 9]><script>document.createElement('audio');<\/script><![endif]-->\n\t<div class=\"wp-playlist wp-audio-playlist wp-playlist-light\">\n\t\t\t<div class=\"wp-playlist-current-item\"><\/div>\n\t\t<audio controls=\"controls\" preload=\"none\" width=\"640\"\n\t\t\t><\/audio>\n\t<div class=\"wp-playlist-next\"><\/div>\n\t<div class=\"wp-playlist-prev\"><\/div>\n\t<noscript>\n\t<ol>\n\t\t<li><a href='https:\/\/www.medellin.gov.co\/es\/wp-content\/uploads\/2025\/04\/Audio-Declaraciones-secretario-de-Seguridad-y-Convivencia-Manuel-Villa-Mejia.mp3'>Audio Declaraciones secretario de Seguridad y Convivencia Manuel Villa Mej\u00eda<\/a><\/li>\t<\/ol>\n\t<\/noscript>\n\t<script type=\"application\/json\" class=\"wp-playlist-script\">{\"type\":\"audio\",\"tracklist\":true,\"tracknumbers\":true,\"images\":true,\"artists\":true,\"tracks\":[{\"src\":\"https:\\\/\\\/www.medellin.gov.co\\\/es\\\/wp-content\\\/uploads\\\/2025\\\/04\\\/Audio-Declaraciones-secretario-de-Seguridad-y-Convivencia-Manuel-Villa-Mejia.mp3\",\"type\":\"audio\\\/mpeg\",\"title\":\"Audio Declaraciones secretario de Seguridad y Convivencia Manuel Villa Mej\\u00eda\",\"caption\":\"Audio Declaraciones secretario de Seguridad y Convivencia, Manuel Villa Mej\\u00eda\",\"description\":\"\\u00abOperativo en Manrique\\u00bb.\",\"meta\":{\"genre\":\"Blues\",\"length_formatted\":\"1:51\"},\"image\":{\"src\":\"https:\\\/\\\/www.medellin.gov.co\\\/es\\\/wp-includes\\\/images\\\/media\\\/audio.png\",\"width\":48,\"height\":64},\"thumb\":{\"src\":\"https:\\\/\\\/www.medellin.gov.co\\\/es\\\/wp-includes\\\/images\\\/media\\\/audio.png\",\"width\":48,\"height\":64}}]}<\/script>\n<\/div>\n\t\n<p>En una acci\u00f3n articulada entre la Secretar\u00eda de Seguridad y Convivencia, la Secretar\u00eda de Movilidad y la <a href=\"https:\/\/www.policia.gov.co\/contenido\/metropolitana-del-valle-aburra-1\" target=\"_blank\" rel=\"noopener\">Polic\u00eda Metropolitana del Valle de Aburr\u00e1<\/a>, se adelant\u00f3 un operativo de seguridad y control en la comuna 3-Manrique, con resultados en materia de convivencia, movilidad y contra el delito.<\/p>\n<p>La intervenci\u00f3n permiti\u00f3 la imposici\u00f3n de 10 comparendos por violaciones al C\u00f3digo Nacional de Seguridad y Convivencia Ciudadana (Ley 1801) y 128 por infracciones de tr\u00e1nsito. Como parte del procedimiento, fueron inmovilizadas 54 motocicletas y 2 veh\u00edculos, al tiempo que se incautaron 8 armas blancas.<\/p>\n<p><a href=\"https:\/\/www.medellin.gov.co\/es\/wp-content\/uploads\/2025\/04\/Imagen-Policia-del-GOES-en-Barrio.jpg\" target=\"_blank\" rel=\"noopener\"><img loading=\"lazy\" class=\"alignnone wp-image-402936 size-full\" src=\"https:\/\/www.medellin.gov.co\/es\/wp-content\/uploads\/2025\/04\/Imagen-Policia-del-GOES-en-Barrio.jpg\" alt=\"Imagen Polic\u00eda del GOES en Barrio\" width=\"1280\" height=\"720\" srcset=\"https:\/\/www.medellin.gov.co\/es\/wp-content\/uploads\/2025\/04\/Imagen-Policia-del-GOES-en-Barrio.jpg 1280w, https:\/\/www.medellin.gov.co\/es\/wp-content\/uploads\/2025\/04\/Imagen-Policia-del-GOES-en-Barrio-300x169.jpg 300w, https:\/\/www.medellin.gov.co\/es\/wp-content\/uploads\/2025\/04\/Imagen-Policia-del-GOES-en-Barrio-1024x576.jpg 1024w, https:\/\/www.medellin.gov.co\/es\/wp-content\/uploads\/2025\/04\/Imagen-Policia-del-GOES-en-Barrio-150x84.jpg 150w, https:\/\/www.medellin.gov.co\/es\/wp-content\/uploads\/2025\/04\/Imagen-Policia-del-GOES-en-Barrio-768x432.jpg 768w\" sizes=\"(max-width: 1280px) 100vw, 1280px\" \/><\/a><\/p>\n<p>Durante el operativo tambi\u00e9n se logr\u00f3 la captura de una persona, adem\u00e1s, la recuperaci\u00f3n de tres motocicletas que figuraban como robadas. Estas acciones se llevaron a cabo gracias a los controles en v\u00eda p\u00fablica, la verificaci\u00f3n de antecedentes y el acompa\u00f1amiento institucional en puntos estrat\u00e9gicos del territorio.<\/p>\n<p>\u201c<em>El trabajo coordinado entre la institucionalidad y la fuerza p\u00fablica nos sigue dando resultados. Seguimos enfocados en llegar a los barrios con controles, pedagog\u00eda y presencia permanente. Lo que buscamos es recuperar la confianza ciudadana y garantizar entornos m\u00e1s seguros<\/em>\u201d, afirm\u00f3 el secretario de Seguridad y Convivencia, Manuel Villa Mej\u00eda.<\/p>\n<p><a href=\"https:\/\/www.medellin.gov.co\/es\/wp-content\/uploads\/2025\/04\/Imagen-Policia-y-Agente-de-Transito-en-Operativo-1.jpg\" target=\"_blank\" rel=\"noopener\"><img loading=\"lazy\" class=\"alignnone wp-image-402979 size-full\" src=\"https:\/\/www.medellin.gov.co\/es\/wp-content\/uploads\/2025\/04\/Imagen-Policia-y-Agente-de-Transito-en-Operativo-1.jpg\" alt=\"Imagen Polic\u00eda y Agente de Tr\u00e1nsito en Operativo\" width=\"1280\" height=\"720\" srcset=\"https:\/\/www.medellin.gov.co\/es\/wp-content\/uploads\/2025\/04\/Imagen-Policia-y-Agente-de-Transito-en-Operativo-1.jpg 1280w, https:\/\/www.medellin.gov.co\/es\/wp-content\/uploads\/2025\/04\/Imagen-Policia-y-Agente-de-Transito-en-Operativo-1-300x169.jpg 300w, https:\/\/www.medellin.gov.co\/es\/wp-content\/uploads\/2025\/04\/Imagen-Policia-y-Agente-de-Transito-en-Operativo-1-1024x576.jpg 1024w, https:\/\/www.medellin.gov.co\/es\/wp-content\/uploads\/2025\/04\/Imagen-Policia-y-Agente-de-Transito-en-Operativo-1-150x84.jpg 150w, https:\/\/www.medellin.gov.co\/es\/wp-content\/uploads\/2025\/04\/Imagen-Policia-y-Agente-de-Transito-en-Operativo-1-768x432.jpg 768w\" sizes=\"(max-width: 1280px) 100vw, 1280px\" \/><\/a><\/p>\n<p>El despliegue incluy\u00f3 m\u00e1s de 80 uniformados y funcionarios, quienes ejecutaron patrullajes, registros e inspecciones en zonas priorizadas de la comuna. Esta estrategia hace parte del plan territorial para la reducci\u00f3n de delitos y el fortalecimiento del control institucional.<\/p>\n<p>\u201c<em>No cederemos espacios al delito. Seguimos avanzando en las comunas, llevando presencia del Estado, fortaleciendo la seguridad y mejorando la calidad de vida de los habitantes<\/em>\u201d, agreg\u00f3 el secretario Villa Mej\u00eda.<\/p>\n<p>Este operativo se suma a una serie de intervenciones que la Alcald\u00eda de Medell\u00edn viene liderando en diferentes comunas, enmarcadas en su pol\u00edtica de seguridad urbana basada en inteligencia, articulaci\u00f3n interinstitucional y control estrat\u00e9gico.<\/p>\n","protected":false},"excerpt":{"rendered":"<p>M\u00e1s de 80 uniformados y funcionarios de la Alcald\u00eda de Medell\u00edn participaron en las acciones. En una acci\u00f3n articulada entre la Secretar\u00eda de Seguridad y Convivencia, la Secretar\u00eda de Movilidad y la Polic\u00eda Metropolitana del &#8230;<\/p>\n","protected":false},"author":21,"featured_media":402978,"comment_status":"open","ping_status":"open","sticky":false,"template":"","format":"standard","meta":[],"categories":[14,21],"tags":[447,619],"formato_nota":[],"programas_tax":[],"acf":[],"_links":{"self":[{"href":"https:\/\/www.medellin.gov.co\/es\/wp-json\/wp\/v2\/posts\/402998"}],"collection":[{"href":"https:\/\/www.medellin.gov.co\/es\/wp-json\/wp\/v2\/posts"}],"about":[{"href":"https:\/\/www.medellin.gov.co\/es\/wp-json\/wp\/v2\/types\/post"}],"author":[{"embeddable":true,"href":"https:\/\/www.medellin.gov.co\/es\/wp-json\/wp\/v2\/users\/21"}],"replies":[{"embeddable":true,"href":"https:\/\/www.medellin.gov.co\/es\/wp-json\/wp\/v2\/comments?post=402998"}],"version-history":[{"count":1,"href":"https:\/\/www.medellin.gov.co\/es\/wp-json\/wp\/v2\/posts\/402998\/revisions"}],"predecessor-version":[{"id":403004,"href":"https:\/\/www.medellin.gov.co\/es\/wp-json\/wp\/v2\/posts\/402998\/revisions\/403004"}],"wp:featuredmedia":[{"embeddable":true,"href":"https:\/\/www.medellin.gov.co\/es\/wp-json\/wp\/v2\/media\/402978"}],"wp:attachment":[{"href":"https:\/\/www.medellin.gov.co\/es\/wp-json\/wp\/v2\/media?parent=402998"}],"wp:term":[{"taxonomy":"category","embeddable":true,"href":"https:\/\/www.medellin.gov.co\/es\/wp-json\/wp\/v2\/categories?post=402998"},{"taxonomy":"post_tag","embeddable":true,"href":"https:\/\/www.medellin.gov.co\/es\/wp-json\/wp\/v2\/tags?post=402998"},{"taxonomy":"formato_nota","embeddable":true,"href":"https:\/\/www.medellin.gov.co\/es\/wp-json\/wp\/v2\/formato_nota?post=402998"},{"taxonomy":"programas_tax","embeddable":true,"href":"https:\/\/www.medellin.gov.co\/es\/wp-json\/wp\/v2\/programas_tax?post=402998"}],"curies":[{"name":"wp","href":"https:\/\/api.w.org\/{rel}","templated":true}]}}