{"id":403005,"date":"2025-04-24T13:17:38","date_gmt":"2025-04-24T18:17:38","guid":{"rendered":"https:\/\/www.medellin.gov.co\/es\/?p=403005"},"modified":"2025-04-24T13:17:38","modified_gmt":"2025-04-24T18:17:38","slug":"medellin-reconoce-el-poder-de-las-mujeres-se-abre-convocatoria-de-estimulos-a-sus-talentos-y-liderazgos","status":"publish","type":"post","link":"https:\/\/www.medellin.gov.co\/es\/sala-de-prensa\/noticias\/medellin-reconoce-el-poder-de-las-mujeres-se-abre-convocatoria-de-estimulos-a-sus-talentos-y-liderazgos\/","title":{"rendered":"Medell\u00edn reconoce el poder de las mujeres: se abre convocatoria de est\u00edmulos a sus talentos y liderazgos"},"content":{"rendered":"<ul>\n<li>Cada seleccionada recibir\u00e1 un est\u00edmulo econ\u00f3mico de $9.500.000 y las menores de edad un bono para viajar por ese mismo valor.<\/li>\n<li>La convocatoria estar\u00e1 abierta hasta el 21 de junio y las ganadoras ser\u00e1n reconocidas en un evento p\u00fablico en octubre.<\/li>\n<li>En 2024 creci\u00f3 el n\u00famero de postulaciones a 483 inscritas.<\/li>\n<\/ul>\n<!--[if lt IE 9]><script>document.createElement('audio');<\/script><![endif]-->\n\t<div class=\"wp-playlist wp-audio-playlist wp-playlist-light\">\n\t\t\t<div class=\"wp-playlist-current-item\"><\/div>\n\t\t<audio controls=\"controls\" preload=\"none\" width=\"640\"\n\t\t\t><\/audio>\n\t<div class=\"wp-playlist-next\"><\/div>\n\t<div class=\"wp-playlist-prev\"><\/div>\n\t<noscript>\n\t<ol>\n\t\t<li><a href='https:\/\/www.medellin.gov.co\/es\/wp-content\/uploads\/2025\/04\/Audio-Declaraciones-de-la-secretaria-de-las-Mujeres-Valeria-Molina.mp3'>Audio Declaraciones de la secretaria de las Mujeres Valeria Molina<\/a><\/li><li><a href='https:\/\/www.medellin.gov.co\/es\/wp-content\/uploads\/2025\/04\/Audio-Declaraciones-de-la-directora-Fundacion-EPM-Lina-Victoria-Hoyos.mp3'>Audio Declaraciones de la directora Fundaci\u00f3n EPM Lina Victoria Hoyos<\/a><\/li><li><a href='https:\/\/www.medellin.gov.co\/es\/wp-content\/uploads\/2025\/04\/Audio-Declaraciones-de-la-ganadora-categoria-Servicio-Publico-ano-2024-Marcela-Londono.mp3'>Audio Declaraciones de la ganadora categor\u00eda Servicio P\u00fablico a\u00f1o 2024 Marcela Londo\u00f1o<\/a><\/li>\t<\/ol>\n\t<\/noscript>\n\t<script type=\"application\/json\" class=\"wp-playlist-script\">{\"type\":\"audio\",\"tracklist\":true,\"tracknumbers\":true,\"images\":true,\"artists\":true,\"tracks\":[{\"src\":\"https:\\\/\\\/www.medellin.gov.co\\\/es\\\/wp-content\\\/uploads\\\/2025\\\/04\\\/Audio-Declaraciones-de-la-secretaria-de-las-Mujeres-Valeria-Molina.mp3\",\"type\":\"audio\\\/mpeg\",\"title\":\"Audio Declaraciones de la secretaria de las Mujeres Valeria Molina\",\"caption\":\"Declaraciones de la secretaria de las Mujeres, Valeria Molina\",\"description\":\"\\u00abEst\\u00edmulos a los Talentos y Liderazgos de las Mujeres 2025\\u00bb.\",\"meta\":{\"genre\":\"Blues\",\"length_formatted\":\"4:12\"},\"image\":{\"src\":\"https:\\\/\\\/www.medellin.gov.co\\\/es\\\/wp-includes\\\/images\\\/media\\\/audio.png\",\"width\":48,\"height\":64},\"thumb\":{\"src\":\"https:\\\/\\\/www.medellin.gov.co\\\/es\\\/wp-includes\\\/images\\\/media\\\/audio.png\",\"width\":48,\"height\":64}},{\"src\":\"https:\\\/\\\/www.medellin.gov.co\\\/es\\\/wp-content\\\/uploads\\\/2025\\\/04\\\/Audio-Declaraciones-de-la-directora-Fundacion-EPM-Lina-Victoria-Hoyos.mp3\",\"type\":\"audio\\\/mpeg\",\"title\":\"Audio Declaraciones de la directora Fundaci\\u00f3n EPM Lina Victoria Hoyos\",\"caption\":\"Declaraciones de la directora Fundaci\\u00f3n EPM, Lina Victoria Hoyos\",\"description\":\"\\u00abEst\\u00edmulos a los Talentos y Liderazgos de las Mujeres 2025\\u00bb.\",\"meta\":{\"genre\":\"Blues\",\"length_formatted\":\"2:16\"},\"image\":{\"src\":\"https:\\\/\\\/www.medellin.gov.co\\\/es\\\/wp-includes\\\/images\\\/media\\\/audio.png\",\"width\":48,\"height\":64},\"thumb\":{\"src\":\"https:\\\/\\\/www.medellin.gov.co\\\/es\\\/wp-includes\\\/images\\\/media\\\/audio.png\",\"width\":48,\"height\":64}},{\"src\":\"https:\\\/\\\/www.medellin.gov.co\\\/es\\\/wp-content\\\/uploads\\\/2025\\\/04\\\/Audio-Declaraciones-de-la-ganadora-categoria-Servicio-Publico-ano-2024-Marcela-Londono.mp3\",\"type\":\"audio\\\/mpeg\",\"title\":\"Audio Declaraciones de la ganadora categor\\u00eda Servicio P\\u00fablico a\\u00f1o 2024 Marcela Londo\\u00f1o\",\"caption\":\"Audio Declaraciones de la ganadora categor\\u00eda Servicio P\\u00fablico, a\\u00f1o 2024, Marcela Londo\\u00f1o\",\"description\":\"\\u00abEst\\u00edmulos a los Talentos y Liderazgos de las Mujeres 2025\\u00bb. \",\"meta\":{\"genre\":\"Blues\",\"length_formatted\":\"1:54\"},\"image\":{\"src\":\"https:\\\/\\\/www.medellin.gov.co\\\/es\\\/wp-includes\\\/images\\\/media\\\/audio.png\",\"width\":48,\"height\":64},\"thumb\":{\"src\":\"https:\\\/\\\/www.medellin.gov.co\\\/es\\\/wp-includes\\\/images\\\/media\\\/audio.png\",\"width\":48,\"height\":64}}]}<\/script>\n<\/div>\n\t\n<p>Con el prop\u00f3sito de visibilizar, valorar e impulsar los liderazgos, la Alcald\u00eda de Medell\u00edn abre la convocatoria Est\u00edmulos a los Talentos y Liderazgos de las Mujeres 2025. Esta iniciativa busca reconocer a quienes est\u00e1n generando cambios reales en sus comunidades o que lideran procesos sociales, culturales, cient\u00edficos, ambientales o institucionales y que, con su ejemplo, transforman a la ciudad.<\/p>\n<p>\u201c<em>Este reconocimiento es una apuesta por la transformaci\u00f3n cultural, para que reconozcamos a las mujeres de Medell\u00edn por sus talentos, por la fuerza que hay en ellas para transformar el territorio, a trav\u00e9s de esas capacidades que tienen, de sus proyectos sociales, de su incidencia pol\u00edtica, del deporte, de la cultura, de c\u00f3mo se conectan con la ciencia, la tecnolog\u00eda y la innovaci\u00f3n<\/em>\u201d, dijo la secretaria de las Mujeres, Valeria Molina.<\/p>\n<p>La convocatoria cuenta con tres l\u00edneas: La primera es el Concurso Mujeres J\u00f3venes Talento, que incluye una categor\u00eda Junior, dirigida a adolescentes entre los 14 y 17 a\u00f1os; y otra desde los 18 y hasta los 28 a\u00f1os, que tengan liderazgos en lo social, pol\u00edtico y comunitario, artes, deporte y recreaci\u00f3n, ciencias sociales, ciencias exactas, medio ambiente, sostenibilidad y emprendimiento.<\/p>\n<p><a href=\"https:\/\/www.medellin.gov.co\/es\/wp-content\/uploads\/2025\/04\/Imagen-Tarima-del-Evento-Noches-de-las-Mujeres.jpg\" target=\"_blank\" rel=\"noopener\"><img loading=\"lazy\" class=\"alignnone wp-image-402974 size-full\" src=\"https:\/\/www.medellin.gov.co\/es\/wp-content\/uploads\/2025\/04\/Imagen-Tarima-del-Evento-Noches-de-las-Mujeres.jpg\" alt=\"Imagen Tarima con Ganadoras del Evento Noches de las Mujeres\" width=\"1141\" height=\"760\" srcset=\"https:\/\/www.medellin.gov.co\/es\/wp-content\/uploads\/2025\/04\/Imagen-Tarima-del-Evento-Noches-de-las-Mujeres.jpg 1141w, https:\/\/www.medellin.gov.co\/es\/wp-content\/uploads\/2025\/04\/Imagen-Tarima-del-Evento-Noches-de-las-Mujeres-300x200.jpg 300w, https:\/\/www.medellin.gov.co\/es\/wp-content\/uploads\/2025\/04\/Imagen-Tarima-del-Evento-Noches-de-las-Mujeres-1024x682.jpg 1024w, https:\/\/www.medellin.gov.co\/es\/wp-content\/uploads\/2025\/04\/Imagen-Tarima-del-Evento-Noches-de-las-Mujeres-150x100.jpg 150w, https:\/\/www.medellin.gov.co\/es\/wp-content\/uploads\/2025\/04\/Imagen-Tarima-del-Evento-Noches-de-las-Mujeres-768x512.jpg 768w\" sizes=\"(max-width: 1141px) 100vw, 1141px\" \/><\/a><\/p>\n<p>La segunda l\u00ednea es el Reconocimiento al Liderazgo de las Mujeres de Medell\u00edn 2025, dirigido a mayores de 29 a\u00f1os con trayectoria en liderazgo pol\u00edtico, social o investigativo. Esta permite visibilizar a quienes, desde la experiencia y el trabajo de base, han impulsado procesos de transformaci\u00f3n profunda en sus comunidades.<\/p>\n<p>Finalmente, la tercera l\u00ednea destaca el Liderazgo en el Servicio P\u00fablico y est\u00e1 enfocada en exaltar a las servidoras p\u00fablicas que, desde su labor en las entidades distritales, han hecho una diferencia con su compromiso por el bienestar y el desarrollo de la ciudad.<\/p>\n<p>Las interesadas podr\u00e1n postularse hasta el 21 de junio a las 5:00 p. m., a trav\u00e9s de la plataforma oficial de Est\u00edmulos de la Alcald\u00eda de Medell\u00edn y encontrar\u00e1n toda la informaci\u00f3n y el formulario de inscripci\u00f3n en <a href=\"http:\/\/www.medellin.gov.co\/estimuloscultura\/mujeres\">www.medellin.gov.co\/estimuloscultura\/mujeres<\/a> \u201c<em>Nos emociona acompa\u00f1ar a las mujeres y qu\u00e9 mejor forma que hacerlas visibles, que darles la oportunidad de que se la crean. El solo hecho de aspirar y concursar, prepararse, preparar la informaci\u00f3n, los videos, la documentaci\u00f3n, foguearse para presentar sus proyectos, sus trayectorias, sus capacidades, ya es una gran ganancia<\/em>\u201d, se\u00f1al\u00f3 la directora ejecutiva de la <a href=\"https:\/\/www.grupo-epm.com\/site\/fundacionepm\/\" target=\"_blank\" rel=\"noopener\">Fundaci\u00f3n EPM<\/a>, aliada de los\u00a0est\u00edmulos, Lina Victoria Hoyos Jaramillo.<\/p>\n<p><a href=\"https:\/\/www.medellin.gov.co\/es\/wp-content\/uploads\/2025\/04\/Imagen-Alcalde-Abraza-Ganadora-del-Evento-Noches-de-las-Mujeres.jpg\" target=\"_blank\" rel=\"noopener\"><img loading=\"lazy\" class=\"alignnone wp-image-402953 size-full\" src=\"https:\/\/www.medellin.gov.co\/es\/wp-content\/uploads\/2025\/04\/Imagen-Alcalde-Abraza-Ganadora-del-Evento-Noches-de-las-Mujeres.jpg\" alt=\"Imagen Alcalde Abraza Ganadora del Evento Noches de las Mujeres\" width=\"1141\" height=\"760\" srcset=\"https:\/\/www.medellin.gov.co\/es\/wp-content\/uploads\/2025\/04\/Imagen-Alcalde-Abraza-Ganadora-del-Evento-Noches-de-las-Mujeres.jpg 1141w, https:\/\/www.medellin.gov.co\/es\/wp-content\/uploads\/2025\/04\/Imagen-Alcalde-Abraza-Ganadora-del-Evento-Noches-de-las-Mujeres-300x200.jpg 300w, https:\/\/www.medellin.gov.co\/es\/wp-content\/uploads\/2025\/04\/Imagen-Alcalde-Abraza-Ganadora-del-Evento-Noches-de-las-Mujeres-1024x682.jpg 1024w, https:\/\/www.medellin.gov.co\/es\/wp-content\/uploads\/2025\/04\/Imagen-Alcalde-Abraza-Ganadora-del-Evento-Noches-de-las-Mujeres-150x100.jpg 150w, https:\/\/www.medellin.gov.co\/es\/wp-content\/uploads\/2025\/04\/Imagen-Alcalde-Abraza-Ganadora-del-Evento-Noches-de-las-Mujeres-768x512.jpg 768w\" sizes=\"(max-width: 1141px) 100vw, 1141px\" \/><\/a><\/p>\n<p>El proceso tendr\u00e1 varias etapas: la lista de inscritas se publicar\u00e1 el 27 de junio, seguido por la verificaci\u00f3n documental el 4 de julio. Quienes necesiten subsanar documentos, podr\u00e1n hacerlo entre el 5 y el 7 de julio. El informe final de verificaci\u00f3n se conocer\u00e1 el 14 de julio y el 20 de agosto se publicar\u00e1n los resultados de esta primera etapa.<\/p>\n<p>Las seleccionadas ser\u00e1n invitadas a vivir un proceso de formaci\u00f3n y construir un pitch que ser\u00e1 presentado en espacios p\u00fablicos de ciudad, entre el 8 y el 20 de septiembre. El evento de reconocimiento se celebrar\u00e1 el 19 de octubre y la adjudicaci\u00f3n oficial de est\u00edmulos ser\u00e1 anunciada el 20 de octubre.<\/p>\n<p>Esta estrategia hace parte del programa para la Promoci\u00f3n de la Igualdad de G\u00e9nero del Plan de Desarrollo 2024\u20132027, y busca, adem\u00e1s, resignificar los imaginarios sociales que a\u00fan limitan el goce efectivo de los derechos de las mujeres.<\/p>\n","protected":false},"excerpt":{"rendered":"<p>Cada seleccionada recibir\u00e1 un est\u00edmulo econ\u00f3mico de $9.500.000 y las menores de edad un bono para viajar por ese mismo valor. La convocatoria estar\u00e1 abierta hasta el 21 de junio y las ganadoras ser\u00e1n reconocidas &#8230;<\/p>\n","protected":false},"author":21,"featured_media":402977,"comment_status":"open","ping_status":"open","sticky":false,"template":"","format":"standard","meta":[],"categories":[15],"tags":[428],"formato_nota":[],"programas_tax":[],"acf":[],"_links":{"self":[{"href":"https:\/\/www.medellin.gov.co\/es\/wp-json\/wp\/v2\/posts\/403005"}],"collection":[{"href":"https:\/\/www.medellin.gov.co\/es\/wp-json\/wp\/v2\/posts"}],"about":[{"href":"https:\/\/www.medellin.gov.co\/es\/wp-json\/wp\/v2\/types\/post"}],"author":[{"embeddable":true,"href":"https:\/\/www.medellin.gov.co\/es\/wp-json\/wp\/v2\/users\/21"}],"replies":[{"embeddable":true,"href":"https:\/\/www.medellin.gov.co\/es\/wp-json\/wp\/v2\/comments?post=403005"}],"version-history":[{"count":1,"href":"https:\/\/www.medellin.gov.co\/es\/wp-json\/wp\/v2\/posts\/403005\/revisions"}],"predecessor-version":[{"id":403007,"href":"https:\/\/www.medellin.gov.co\/es\/wp-json\/wp\/v2\/posts\/403005\/revisions\/403007"}],"wp:featuredmedia":[{"embeddable":true,"href":"https:\/\/www.medellin.gov.co\/es\/wp-json\/wp\/v2\/media\/402977"}],"wp:attachment":[{"href":"https:\/\/www.medellin.gov.co\/es\/wp-json\/wp\/v2\/media?parent=403005"}],"wp:term":[{"taxonomy":"category","embeddable":true,"href":"https:\/\/www.medellin.gov.co\/es\/wp-json\/wp\/v2\/categories?post=403005"},{"taxonomy":"post_tag","embeddable":true,"href":"https:\/\/www.medellin.gov.co\/es\/wp-json\/wp\/v2\/tags?post=403005"},{"taxonomy":"formato_nota","embeddable":true,"href":"https:\/\/www.medellin.gov.co\/es\/wp-json\/wp\/v2\/formato_nota?post=403005"},{"taxonomy":"programas_tax","embeddable":true,"href":"https:\/\/www.medellin.gov.co\/es\/wp-json\/wp\/v2\/programas_tax?post=403005"}],"curies":[{"name":"wp","href":"https:\/\/api.w.org\/{rel}","templated":true}]}}