{"id":403060,"date":"2025-04-24T15:18:05","date_gmt":"2025-04-24T20:18:05","guid":{"rendered":"https:\/\/www.medellin.gov.co\/es\/?p=403060"},"modified":"2025-04-24T15:18:05","modified_gmt":"2025-04-24T20:18:05","slug":"un-ciudadano-extranjero-fue-capturado-en-laureles-por-explotacion-sexual-de-menor-de-edad","status":"publish","type":"post","link":"https:\/\/www.medellin.gov.co\/es\/sala-de-prensa\/noticias\/un-ciudadano-extranjero-fue-capturado-en-laureles-por-explotacion-sexual-de-menor-de-edad\/","title":{"rendered":"Un ciudadano extranjero fue capturado en Laureles por explotaci\u00f3n sexual de menor de edad"},"content":{"rendered":"<ul>\n<li>Se trata de un hombre de nacionalidad estadounidense, que fue sorprendido en flagrancia con una adolescente de 15 a\u00f1os.<\/li>\n<li>En el procedimiento se incautaron un mill\u00f3n de pesos en efectivo y un celular que ser\u00e1 clave en la investigaci\u00f3n.<\/li>\n<\/ul>\n<!--[if lt IE 9]><script>document.createElement('audio');<\/script><![endif]-->\n\t<div class=\"wp-playlist wp-audio-playlist wp-playlist-light\">\n\t\t\t<div class=\"wp-playlist-current-item\"><\/div>\n\t\t<audio controls=\"controls\" preload=\"none\" width=\"640\"\n\t\t\t><\/audio>\n\t<div class=\"wp-playlist-next\"><\/div>\n\t<div class=\"wp-playlist-prev\"><\/div>\n\t<noscript>\n\t<ol>\n\t\t<li><a href='https:\/\/www.medellin.gov.co\/es\/wp-content\/uploads\/2025\/04\/Audio-Declaraciones-secretario-de-Seguridad-y-Convivencia-Manuel-Villa-Mejia-1.mp3'>Audio Declaraciones secretario de Seguridad y Convivencia, Manuel Villa Mejia<\/a><\/li>\t<\/ol>\n\t<\/noscript>\n\t<script type=\"application\/json\" class=\"wp-playlist-script\">{\"type\":\"audio\",\"tracklist\":true,\"tracknumbers\":true,\"images\":true,\"artists\":true,\"tracks\":[{\"src\":\"https:\\\/\\\/www.medellin.gov.co\\\/es\\\/wp-content\\\/uploads\\\/2025\\\/04\\\/Audio-Declaraciones-secretario-de-Seguridad-y-Convivencia-Manuel-Villa-Mejia-1.mp3\",\"type\":\"audio\\\/mpeg\",\"title\":\"Audio Declaraciones secretario de Seguridad y Convivencia, Manuel Villa Mejia\",\"caption\":\"Audio Declaraciones secretario de Seguridad y Convivencia, Manuel Villa Mejia\",\"description\":\"\\u00abExtranjero capturado en Laureles por explotaci\\u00f3n sexual de menor de edad\\u00bb. \",\"meta\":{\"genre\":\"Blues\",\"length_formatted\":\"1:54\"},\"image\":{\"src\":\"https:\\\/\\\/www.medellin.gov.co\\\/es\\\/wp-includes\\\/images\\\/media\\\/audio.png\",\"width\":48,\"height\":64},\"thumb\":{\"src\":\"https:\\\/\\\/www.medellin.gov.co\\\/es\\\/wp-includes\\\/images\\\/media\\\/audio.png\",\"width\":48,\"height\":64}}]}<\/script>\n<\/div>\n\t\n<p>La <a href=\"https:\/\/www.policia.gov.co\/index.php\/ciudades\/medellin\" target=\"_blank\" rel=\"noopener\">Polic\u00eda Nacional<\/a>, en coordinaci\u00f3n con la Alcald\u00eda de Medell\u00edn, captur\u00f3 en flagrancia a un ciudadano estadounidense por el delito de explotaci\u00f3n sexual comercial de menor de 18 a\u00f1os. La acci\u00f3n se desarroll\u00f3 en un edificio residencial del barrio San Joaqu\u00edn, en la comuna 11 \u2013 Laureles, tras una alerta oportuna de la comunidad.<\/p>\n<p>Seg\u00fan el reporte oficial, los vecinos reportaron el ingreso sospechoso de una joven que, aunque afirm\u00f3 ser mayor de edad, ten\u00eda rasgos f\u00edsicos y apariencia de una menor. Al intervenir, los uniformados encontraron al extranjero, de 60 a\u00f1os, en compa\u00f1\u00eda de la adolescente de 15 a\u00f1os. Las primeras investigaciones indican que el hombre habr\u00eda pactado con ella un encuentro sexual <em>por el valor de un mill\u00f3n de pesos.<\/em><\/p>\n<p><em>\u201cEn Medell\u00edn no hay espacio para el abuso, ni para quienes vienen a vulnerar a nuestros menores. Gracias a la ciudadan\u00eda, que no fue indiferente, y a la reacci\u00f3n de nuestra Polic\u00eda logramos evitar un da\u00f1o irreparable. Seguimos comprometidos con proteger lo m\u00e1s valioso: nuestros ni\u00f1os y ni\u00f1as<\/em>\u201d, afirm\u00f3 el secretario de Seguridad y Convivencia, Manuel Villa Mej\u00eda.<\/p>\n<p><a href=\"https:\/\/www.medellin.gov.co\/es\/wp-content\/uploads\/2025\/04\/Imagen-policias-presentan-a-capturado.jpeg\" target=\"_blank\" rel=\"noopener\"><img loading=\"lazy\" class=\"alignnone wp-image-403063 size-full\" src=\"https:\/\/www.medellin.gov.co\/es\/wp-content\/uploads\/2025\/04\/Imagen-policias-presentan-a-capturado.jpeg\" alt=\"Imagen polic\u00edas presentan a capturado\" width=\"1333\" height=\"739\" srcset=\"https:\/\/www.medellin.gov.co\/es\/wp-content\/uploads\/2025\/04\/Imagen-policias-presentan-a-capturado.jpeg 1333w, https:\/\/www.medellin.gov.co\/es\/wp-content\/uploads\/2025\/04\/Imagen-policias-presentan-a-capturado-300x166.jpeg 300w, https:\/\/www.medellin.gov.co\/es\/wp-content\/uploads\/2025\/04\/Imagen-policias-presentan-a-capturado-1024x568.jpeg 1024w, https:\/\/www.medellin.gov.co\/es\/wp-content\/uploads\/2025\/04\/Imagen-policias-presentan-a-capturado-150x83.jpeg 150w, https:\/\/www.medellin.gov.co\/es\/wp-content\/uploads\/2025\/04\/Imagen-policias-presentan-a-capturado-768x426.jpeg 768w\" sizes=\"(max-width: 1333px) 100vw, 1333px\" \/><\/a><\/p>\n<p>Durante el procedimiento fueron incautados el dinero acordado y un tel\u00e9fono celular, el cual ser\u00e1 analizado por las autoridades para determinar si el capturado estar\u00eda vinculado a otros hechos de explotaci\u00f3n o a una red criminal. El hombre y los elementos incautados fueron dejados a disposici\u00f3n de la Fiscal\u00eda General de la Naci\u00f3n.<\/p>\n<p>\u201c<em>El mensaje es claro: en la Alcald\u00eda de la gente, bajo el liderazgo del alcalde Federico Guti\u00e9rrez, actuamos con firmeza contra la explotaci\u00f3n sexual. Este tipo<\/em><\/p>\n<p><em>de delitos no quedar\u00e1n impunes en Medell\u00edn. Seguiremos trabajando sin descanso para identificar, capturar y judicializar a estos delincuentes<\/em>\u201d, a\u00f1adi\u00f3 Villa Mej\u00eda.<\/p>\n<p>Como parte del protocolo de atenci\u00f3n, la adolescente fue trasladada a un centro asistencial para activar la ruta de salud y, posteriormente, puesta a disposici\u00f3n del sistema de restablecimiento de derechos garantizando su atenci\u00f3n integral y protecci\u00f3n por parte del Estado.<\/p>\n","protected":false},"excerpt":{"rendered":"<p>Se trata de un hombre de nacionalidad estadounidense, que fue sorprendido en flagrancia con una adolescente de 15 a\u00f1os. En el procedimiento se incautaron un mill\u00f3n de pesos en efectivo y un celular que ser\u00e1 &#8230;<\/p>\n","protected":false},"author":21,"featured_media":403063,"comment_status":"open","ping_status":"open","sticky":false,"template":"","format":"standard","meta":[],"categories":[21],"tags":[619],"formato_nota":[],"programas_tax":[],"acf":[],"_links":{"self":[{"href":"https:\/\/www.medellin.gov.co\/es\/wp-json\/wp\/v2\/posts\/403060"}],"collection":[{"href":"https:\/\/www.medellin.gov.co\/es\/wp-json\/wp\/v2\/posts"}],"about":[{"href":"https:\/\/www.medellin.gov.co\/es\/wp-json\/wp\/v2\/types\/post"}],"author":[{"embeddable":true,"href":"https:\/\/www.medellin.gov.co\/es\/wp-json\/wp\/v2\/users\/21"}],"replies":[{"embeddable":true,"href":"https:\/\/www.medellin.gov.co\/es\/wp-json\/wp\/v2\/comments?post=403060"}],"version-history":[{"count":1,"href":"https:\/\/www.medellin.gov.co\/es\/wp-json\/wp\/v2\/posts\/403060\/revisions"}],"predecessor-version":[{"id":403068,"href":"https:\/\/www.medellin.gov.co\/es\/wp-json\/wp\/v2\/posts\/403060\/revisions\/403068"}],"wp:featuredmedia":[{"embeddable":true,"href":"https:\/\/www.medellin.gov.co\/es\/wp-json\/wp\/v2\/media\/403063"}],"wp:attachment":[{"href":"https:\/\/www.medellin.gov.co\/es\/wp-json\/wp\/v2\/media?parent=403060"}],"wp:term":[{"taxonomy":"category","embeddable":true,"href":"https:\/\/www.medellin.gov.co\/es\/wp-json\/wp\/v2\/categories?post=403060"},{"taxonomy":"post_tag","embeddable":true,"href":"https:\/\/www.medellin.gov.co\/es\/wp-json\/wp\/v2\/tags?post=403060"},{"taxonomy":"formato_nota","embeddable":true,"href":"https:\/\/www.medellin.gov.co\/es\/wp-json\/wp\/v2\/formato_nota?post=403060"},{"taxonomy":"programas_tax","embeddable":true,"href":"https:\/\/www.medellin.gov.co\/es\/wp-json\/wp\/v2\/programas_tax?post=403060"}],"curies":[{"name":"wp","href":"https:\/\/api.w.org\/{rel}","templated":true}]}}