{"id":403324,"date":"2025-04-26T09:49:26","date_gmt":"2025-04-26T14:49:26","guid":{"rendered":"https:\/\/www.medellin.gov.co\/es\/?p=403324"},"modified":"2025-04-26T09:49:26","modified_gmt":"2025-04-26T14:49:26","slug":"la-carrera-corre-mi-tierra-que-se-realiza-manana-en-medellin-dejara-a-la-ciudad-39-millones-de-dolares","status":"publish","type":"post","link":"https:\/\/www.medellin.gov.co\/es\/sala-de-prensa\/noticias\/la-carrera-corre-mi-tierra-que-se-realiza-manana-en-medellin-dejara-a-la-ciudad-39-millones-de-dolares\/","title":{"rendered":"La carrera Corre Mi Tierra, que se realiza ma\u00f1ana en Medell\u00edn, dejar\u00e1 a la ciudad 3,9 millones de d\u00f3lares"},"content":{"rendered":"<ul>\n<li>En esta edici\u00f3n de este evento deportivo participar\u00e1n 17.000 corredores.<\/li>\n<li>Se estima que el 54,2 % de los deportistas ser\u00e1n locales, 40,0 % nacionales y 5,8 % extranjeros.<\/li>\n<\/ul>\n<!--[if lt IE 9]><script>document.createElement('audio');<\/script><![endif]-->\n\t<div class=\"wp-playlist wp-audio-playlist wp-playlist-light\">\n\t\t\t<div class=\"wp-playlist-current-item\"><\/div>\n\t\t<audio controls=\"controls\" preload=\"none\" width=\"640\"\n\t\t\t><\/audio>\n\t<div class=\"wp-playlist-next\"><\/div>\n\t<div class=\"wp-playlist-prev\"><\/div>\n\t<noscript>\n\t<ol>\n\t\t<li><a href='https:\/\/www.medellin.gov.co\/es\/wp-content\/uploads\/2025\/04\/Declaraciones-secretaria-de-Desarrollo-Economico-Maria-Fernanda-Galeano..mp3'>Declaraciones secretaria de Desarrollo Econ\u00f3mico, Mar\u00eda Fernanda\u00a0Galeano.<\/a><\/li><li><a href='https:\/\/www.medellin.gov.co\/es\/wp-content\/uploads\/2025\/04\/Declaraciones-secretaria-e-de-Turismo-y-Entretenimiento-Ana-Maria-Mejia..mp3'>Declaraciones secretaria (e) de Turismo y Entretenimiento, Ana\u00a0Mar\u00eda\u00a0Mej\u00eda.<\/a><\/li>\t<\/ol>\n\t<\/noscript>\n\t<script type=\"application\/json\" class=\"wp-playlist-script\">{\"type\":\"audio\",\"tracklist\":true,\"tracknumbers\":true,\"images\":true,\"artists\":true,\"tracks\":[{\"src\":\"https:\\\/\\\/www.medellin.gov.co\\\/es\\\/wp-content\\\/uploads\\\/2025\\\/04\\\/Declaraciones-secretaria-de-Desarrollo-Economico-Maria-Fernanda-Galeano..mp3\",\"type\":\"audio\\\/mpeg\",\"title\":\"Declaraciones secretaria de Desarrollo Econ\\u00f3mico, Mar\\u00eda Fernanda\\u00a0Galeano.\",\"caption\":\"Declaraciones de la secretaria de Desarrollo Econ\\u00f3mico, Mar\\u00eda Fernanda\\u00a0Galeano.\",\"description\":\"\\u00abDeclaraciones secretaria de Desarrollo Econ\\u00f3mico, Mar\\u00eda Fernanda\\u00a0Galeano.\\u00bb.\",\"meta\":{\"length_formatted\":\"0:57\"},\"image\":{\"src\":\"https:\\\/\\\/www.medellin.gov.co\\\/es\\\/wp-includes\\\/images\\\/media\\\/audio.png\",\"width\":48,\"height\":64},\"thumb\":{\"src\":\"https:\\\/\\\/www.medellin.gov.co\\\/es\\\/wp-includes\\\/images\\\/media\\\/audio.png\",\"width\":48,\"height\":64}},{\"src\":\"https:\\\/\\\/www.medellin.gov.co\\\/es\\\/wp-content\\\/uploads\\\/2025\\\/04\\\/Declaraciones-secretaria-e-de-Turismo-y-Entretenimiento-Ana-Maria-Mejia..mp3\",\"type\":\"audio\\\/mpeg\",\"title\":\"Declaraciones secretaria (e) de Turismo y Entretenimiento, Ana\\u00a0Mar\\u00eda\\u00a0Mej\\u00eda.\",\"caption\":\"Declaraciones de la secretaria (e) de Turismo y Entretenimiento, Ana\\u00a0Mar\\u00eda\\u00a0Mej\\u00eda.\",\"description\":\"\\u00abCarrera Corre Mi Tierra\\u00bb.\",\"meta\":{\"length_formatted\":\"0:27\"},\"image\":{\"src\":\"https:\\\/\\\/www.medellin.gov.co\\\/es\\\/wp-includes\\\/images\\\/media\\\/audio.png\",\"width\":48,\"height\":64},\"thumb\":{\"src\":\"https:\\\/\\\/www.medellin.gov.co\\\/es\\\/wp-includes\\\/images\\\/media\\\/audio.png\",\"width\":48,\"height\":64}}]}<\/script>\n<\/div>\n\t\n<p>Este domingo 27 de abril, Medell\u00edn celebra 15 a\u00f1os de Corre Mi Tierra, certamen deportivo que espera reunir 17.000 corredores de todos los niveles. Este es un gran evento de ciudad que busca fomentar la vida saludable, promoviendo la actividad f\u00edsica y los h\u00e1bitos sanos.<\/p>\n<p>Los corredores tendr\u00e1n como punto de encuentro el puente de la 4 Sur, Gilberto Echeverri Mej\u00eda, desde all\u00ed podr\u00e1n unirse a las distancias de 10 kil\u00f3metros para deportistas recreativos,15k y 21k para deportistas de alto rendimiento y 5k en la que se espera la participaci\u00f3n de grupos familiares y deportistas recreativos. El apoyo a este evento hace parte de la apuesta decidida de la Administraci\u00f3n Distrital por el deporte como motor de transformaci\u00f3n social y desarrollo.<\/p>\n<p><img loading=\"lazy\" class=\"alignnone size-large wp-image-403331\" src=\"https:\/\/www.medellin.gov.co\/es\/wp-content\/uploads\/2025\/04\/Imagen-evento-corre-mi-tierra-1024x682.jpg\" alt=\"Imagen evento corre mi tierra\" width=\"1024\" height=\"682\" srcset=\"https:\/\/www.medellin.gov.co\/es\/wp-content\/uploads\/2025\/04\/Imagen-evento-corre-mi-tierra-1024x682.jpg 1024w, https:\/\/www.medellin.gov.co\/es\/wp-content\/uploads\/2025\/04\/Imagen-evento-corre-mi-tierra-300x200.jpg 300w, https:\/\/www.medellin.gov.co\/es\/wp-content\/uploads\/2025\/04\/Imagen-evento-corre-mi-tierra-150x100.jpg 150w, https:\/\/www.medellin.gov.co\/es\/wp-content\/uploads\/2025\/04\/Imagen-evento-corre-mi-tierra-768x512.jpg 768w, https:\/\/www.medellin.gov.co\/es\/wp-content\/uploads\/2025\/04\/Imagen-evento-corre-mi-tierra.jpg 1081w\" sizes=\"(max-width: 1024px) 100vw, 1024px\" \/><\/p>\n<p>\u201cMedell\u00edn le sigue apostando a eventos que le generan gran impacto econ\u00f3mico, posicionamiento y sobre todo que le permite resaltar todo lo que tiene que ver con el deporte, la vida saludable y el bienestar. En esta ocasi\u00f3n tendremos Corre Mi Tierra, uno de eso grandes eventos que tiene Medell\u00edn, que va a impactar positivamente la econom\u00eda de la ciudad, a trav\u00e9s de un impacto esperado de 3,9 millones de d\u00f3lares, esto significa gasto en diferentes sectores asociados al turismo deportivo\u201d, dijo la secretaria de Desarrollo Econ\u00f3mico, Mar\u00eda Fernanda Galeano Rojo.<\/p>\n<p>Corre Mi Tierra genera un impacto positivo en la econom\u00eda local, gracias a que re\u00fane corredores de todas partes, de las cuales se estima que el 54,2 % ser\u00e1n locales, un 40,0 % de otras ciudades del pa\u00eds y un 5,8 % de participantes de m\u00e1s de 35 pa\u00edses. Este certamen dinamiza sectores como transporte, restaurantes, hoteles, servicios audiovisuales, centros deportivos, clubes de corredores, entre otros.<\/p>\n<p><img loading=\"lazy\" class=\"alignnone size-large wp-image-403329\" src=\"https:\/\/www.medellin.gov.co\/es\/wp-content\/uploads\/2025\/04\/Imagen-de-participantes-corro-mi-tierra-2-1024x683.jpg\" alt=\"Imagen de participantes corro mi tierra 2\" width=\"1024\" height=\"683\" srcset=\"https:\/\/www.medellin.gov.co\/es\/wp-content\/uploads\/2025\/04\/Imagen-de-participantes-corro-mi-tierra-2-1024x683.jpg 1024w, https:\/\/www.medellin.gov.co\/es\/wp-content\/uploads\/2025\/04\/Imagen-de-participantes-corro-mi-tierra-2-300x200.jpg 300w, https:\/\/www.medellin.gov.co\/es\/wp-content\/uploads\/2025\/04\/Imagen-de-participantes-corro-mi-tierra-2-150x100.jpg 150w, https:\/\/www.medellin.gov.co\/es\/wp-content\/uploads\/2025\/04\/Imagen-de-participantes-corro-mi-tierra-2-768x512.jpg 768w, https:\/\/www.medellin.gov.co\/es\/wp-content\/uploads\/2025\/04\/Imagen-de-participantes-corro-mi-tierra-2.jpg 1080w\" sizes=\"(max-width: 1024px) 100vw, 1024px\" \/><\/p>\n<p>\u201cEventos como Corre Mi Tierra tienen un impacto significativo en la dinamizaci\u00f3n del turismo en Medell\u00edn, ya que atraen a visitantes nacionales y extranjeros, quienes, adem\u00e1s de participar en la carrera, aprovechan para recorrer la ciudad y posicionan la capital antioque\u00f1a como un destino atractivo para el turismo deportivo y cultural, fortaleciendo su imagen a nivel local, nacional e internacional\u201d, indic\u00f3 la secretaria de Turismo (e), Ana Mar\u00eda Mej\u00eda.<\/p>\n<p>Adicionalmente, desde 2011, este evento ha creado m\u00e1s de 3.500 empleos directos y 2.500 empleos indirectos, fortaleciendo el desarrollo local y el crecimiento de sectores clave en Medell\u00edn y Colombia.<\/p>\n<p><img loading=\"lazy\" class=\"alignnone size-large wp-image-403332\" src=\"https:\/\/www.medellin.gov.co\/es\/wp-content\/uploads\/2025\/04\/Imagen-participantes-corro-mi-tierra-1024x682.jpg\" alt=\"Imagen participantes corro mi tierra\" width=\"1024\" height=\"682\" srcset=\"https:\/\/www.medellin.gov.co\/es\/wp-content\/uploads\/2025\/04\/Imagen-participantes-corro-mi-tierra-1024x682.jpg 1024w, https:\/\/www.medellin.gov.co\/es\/wp-content\/uploads\/2025\/04\/Imagen-participantes-corro-mi-tierra-300x200.jpg 300w, https:\/\/www.medellin.gov.co\/es\/wp-content\/uploads\/2025\/04\/Imagen-participantes-corro-mi-tierra-150x100.jpg 150w, https:\/\/www.medellin.gov.co\/es\/wp-content\/uploads\/2025\/04\/Imagen-participantes-corro-mi-tierra-768x512.jpg 768w, https:\/\/www.medellin.gov.co\/es\/wp-content\/uploads\/2025\/04\/Imagen-participantes-corro-mi-tierra.jpg 1081w\" sizes=\"(max-width: 1024px) 100vw, 1024px\" \/><\/p>\n<p>Corre Mi Tierra ratifica a Medell\u00edn como un excelente escenario de turismo deportivo en la regi\u00f3n, referente en organizaci\u00f3n de eventos de impacto nacional e internacional.<\/p>\n","protected":false},"excerpt":{"rendered":"<p>En esta edici\u00f3n de este evento deportivo participar\u00e1n 17.000 corredores. Se estima que el 54,2 % de los deportistas ser\u00e1n locales, 40,0 % nacionales y 5,8 % extranjeros. Este domingo 27 de abril, Medell\u00edn celebra &#8230;<\/p>\n","protected":false},"author":97,"featured_media":403327,"comment_status":"open","ping_status":"open","sticky":false,"template":"","format":"standard","meta":[],"categories":[3],"tags":[689,691,428],"formato_nota":[],"programas_tax":[],"acf":[],"_links":{"self":[{"href":"https:\/\/www.medellin.gov.co\/es\/wp-json\/wp\/v2\/posts\/403324"}],"collection":[{"href":"https:\/\/www.medellin.gov.co\/es\/wp-json\/wp\/v2\/posts"}],"about":[{"href":"https:\/\/www.medellin.gov.co\/es\/wp-json\/wp\/v2\/types\/post"}],"author":[{"embeddable":true,"href":"https:\/\/www.medellin.gov.co\/es\/wp-json\/wp\/v2\/users\/97"}],"replies":[{"embeddable":true,"href":"https:\/\/www.medellin.gov.co\/es\/wp-json\/wp\/v2\/comments?post=403324"}],"version-history":[{"count":3,"href":"https:\/\/www.medellin.gov.co\/es\/wp-json\/wp\/v2\/posts\/403324\/revisions"}],"predecessor-version":[{"id":403338,"href":"https:\/\/www.medellin.gov.co\/es\/wp-json\/wp\/v2\/posts\/403324\/revisions\/403338"}],"wp:featuredmedia":[{"embeddable":true,"href":"https:\/\/www.medellin.gov.co\/es\/wp-json\/wp\/v2\/media\/403327"}],"wp:attachment":[{"href":"https:\/\/www.medellin.gov.co\/es\/wp-json\/wp\/v2\/media?parent=403324"}],"wp:term":[{"taxonomy":"category","embeddable":true,"href":"https:\/\/www.medellin.gov.co\/es\/wp-json\/wp\/v2\/categories?post=403324"},{"taxonomy":"post_tag","embeddable":true,"href":"https:\/\/www.medellin.gov.co\/es\/wp-json\/wp\/v2\/tags?post=403324"},{"taxonomy":"formato_nota","embeddable":true,"href":"https:\/\/www.medellin.gov.co\/es\/wp-json\/wp\/v2\/formato_nota?post=403324"},{"taxonomy":"programas_tax","embeddable":true,"href":"https:\/\/www.medellin.gov.co\/es\/wp-json\/wp\/v2\/programas_tax?post=403324"}],"curies":[{"name":"wp","href":"https:\/\/api.w.org\/{rel}","templated":true}]}}