{"id":403340,"date":"2025-04-26T10:03:48","date_gmt":"2025-04-26T15:03:48","guid":{"rendered":"https:\/\/www.medellin.gov.co\/es\/?p=403340"},"modified":"2025-04-26T10:03:48","modified_gmt":"2025-04-26T15:03:48","slug":"el-centro-de-investigacion-cultural-invierte-2-900-millones-para-beneficiar-a-14-comunas-de-medellin","status":"publish","type":"post","link":"https:\/\/www.medellin.gov.co\/es\/sala-de-prensa\/noticias\/el-centro-de-investigacion-cultural-invierte-2-900-millones-para-beneficiar-a-14-comunas-de-medellin\/","title":{"rendered":"El Centro de Investigaci\u00f3n Cultural invierte $2.900 millones para beneficiar a 14 comunas de Medell\u00edn"},"content":{"rendered":"<p>Este a\u00f1o, el Centro de Investigaci\u00f3n Cultural (CIC), que forma parte del Presupuesto Participativo de la Alcald\u00eda de Medell\u00edn, dispone de un recurso priorizado de $2.900 millones, aproximadamente, que beneficiar\u00e1 a los sectores culturales y art\u00edsticos, que avanzan en la implementaci\u00f3n de sus proyectos, los cuales tendr\u00e1n un impacto positivo en 14 comunas.<\/p>\n<!--[if lt IE 9]><script>document.createElement('audio');<\/script><![endif]-->\n\t<div class=\"wp-playlist wp-audio-playlist wp-playlist-light\">\n\t\t\t<div class=\"wp-playlist-current-item\"><\/div>\n\t\t<audio controls=\"controls\" preload=\"none\" width=\"640\"\n\t\t\t><\/audio>\n\t<div class=\"wp-playlist-next\"><\/div>\n\t<div class=\"wp-playlist-prev\"><\/div>\n\t<noscript>\n\t<ol>\n\t\t<li><a href='https:\/\/www.medellin.gov.co\/es\/wp-content\/uploads\/2025\/04\/Declaraciones-secretario-de-Cultura-Ciudadana-Santiago-Silva..mp3'>Declaraciones secretario de Cultura Ciudadana, Santiago\u00a0Silva.<\/a><\/li><li><a href='https:\/\/www.medellin.gov.co\/es\/wp-content\/uploads\/2025\/04\/Declaraciones-Victor-Usma-de-la-comuna-15-participante-del-Centro-de-Investigacion-Cultural-CIC..mp3'>Declaraciones V\u00edctor Usma, de la comuna 15, participante del Centro de Investigaci\u00f3n\u00a0Cultural\u00a0(CIC).<\/a><\/li>\t<\/ol>\n\t<\/noscript>\n\t<script type=\"application\/json\" class=\"wp-playlist-script\">{\"type\":\"audio\",\"tracklist\":true,\"tracknumbers\":true,\"images\":true,\"artists\":true,\"tracks\":[{\"src\":\"https:\\\/\\\/www.medellin.gov.co\\\/es\\\/wp-content\\\/uploads\\\/2025\\\/04\\\/Declaraciones-secretario-de-Cultura-Ciudadana-Santiago-Silva..mp3\",\"type\":\"audio\\\/mpeg\",\"title\":\"Declaraciones secretario de Cultura Ciudadana, Santiago\\u00a0Silva.\",\"caption\":\"\",\"description\":\"\\u00abDeclaraciones secretario de Cultura Ciudadana, Santiago\\u00a0Silva.\\u00bb. Lanzamiento: 2025.\",\"meta\":{\"year\":\"2025\",\"length_formatted\":\"0:40\"},\"image\":{\"src\":\"https:\\\/\\\/www.medellin.gov.co\\\/es\\\/wp-includes\\\/images\\\/media\\\/audio.png\",\"width\":48,\"height\":64},\"thumb\":{\"src\":\"https:\\\/\\\/www.medellin.gov.co\\\/es\\\/wp-includes\\\/images\\\/media\\\/audio.png\",\"width\":48,\"height\":64}},{\"src\":\"https:\\\/\\\/www.medellin.gov.co\\\/es\\\/wp-content\\\/uploads\\\/2025\\\/04\\\/Declaraciones-Victor-Usma-de-la-comuna-15-participante-del-Centro-de-Investigacion-Cultural-CIC..mp3\",\"type\":\"audio\\\/mpeg\",\"title\":\"Declaraciones V\\u00edctor Usma, de la comuna 15, participante del Centro de Investigaci\\u00f3n\\u00a0Cultural\\u00a0(CIC).\",\"caption\":\"\",\"description\":\"\\u00abDeclaraciones V\\u00edctor Usma, de la comuna 15, participante del Centro de Investigaci\\u00f3n\\u00a0Cultural\\u00a0(CIC).\\u00bb.\",\"meta\":{\"length_formatted\":\"1:03\"},\"image\":{\"src\":\"https:\\\/\\\/www.medellin.gov.co\\\/es\\\/wp-includes\\\/images\\\/media\\\/audio.png\",\"width\":48,\"height\":64},\"thumb\":{\"src\":\"https:\\\/\\\/www.medellin.gov.co\\\/es\\\/wp-includes\\\/images\\\/media\\\/audio.png\",\"width\":48,\"height\":64}}]}<\/script>\n<\/div>\n\t\n<p>Este a\u00f1o, una de las iniciativas m\u00e1s destacadas del<a href=\"https:\/\/www.instagram.com\/reel\/DDANTE5yxuq\/\" target=\"_blank\" rel=\"noopener\"> Centro de Investigaci\u00f3n Cultural<\/a> son los Laboratorios de Co-Creaci\u00f3n. Estos espacios colaborativos re\u00fanen a artistas, gestores, miembros de la comunidad y entidades gubernamentales para trabajar conjuntamente en la generaci\u00f3n de productos culturales relevantes. A la fecha se han realizado cuatro talleres por comuna y corregimiento priorizado.<\/p>\n\n\t\t<style type=\"text\/css\">\n\t\t\t#gallery-1 {\n\t\t\t\tmargin: auto;\n\t\t\t}\n\t\t\t#gallery-1 .gallery-item {\n\t\t\t\tfloat: left;\n\t\t\t\tmargin-top: 10px;\n\t\t\t\ttext-align: center;\n\t\t\t\twidth: 50%;\n\t\t\t}\n\t\t\t#gallery-1 img {\n\t\t\t\tborder: 2px solid #cfcfcf;\n\t\t\t}\n\t\t\t#gallery-1 .gallery-caption {\n\t\t\t\tmargin-left: 0;\n\t\t\t}\n\t\t\t\/* see gallery_shortcode() in wp-includes\/media.php *\/\n\t\t<\/style>\n\t\t<div id='gallery-1' class='gallery galleryid-403340 gallery-columns-2 gallery-size-full'><dl class='gallery-item'>\n\t\t\t<dt class='gallery-icon landscape'>\n\t\t\t\t<a href='https:\/\/www.medellin.gov.co\/es\/sala-de-prensa\/noticias\/el-centro-de-investigacion-cultural-invierte-2-900-millones-para-beneficiar-a-14-comunas-de-medellin\/imagen-charla-cultural-de-laboratorios-de-co-creacion\/'><img width=\"1081\" height=\"720\" src=\"https:\/\/www.medellin.gov.co\/es\/wp-content\/uploads\/2025\/04\/Imagen-charla-Cultural-de-Laboratorios-de-Co-Creacion.jpg\" class=\"attachment-full size-full\" alt=\"Imagen charla Cultural de Laboratorios de Co-Creaci\u00f3n 2\" loading=\"lazy\" srcset=\"https:\/\/www.medellin.gov.co\/es\/wp-content\/uploads\/2025\/04\/Imagen-charla-Cultural-de-Laboratorios-de-Co-Creacion.jpg 1081w, https:\/\/www.medellin.gov.co\/es\/wp-content\/uploads\/2025\/04\/Imagen-charla-Cultural-de-Laboratorios-de-Co-Creacion-300x200.jpg 300w, https:\/\/www.medellin.gov.co\/es\/wp-content\/uploads\/2025\/04\/Imagen-charla-Cultural-de-Laboratorios-de-Co-Creacion-1024x682.jpg 1024w, https:\/\/www.medellin.gov.co\/es\/wp-content\/uploads\/2025\/04\/Imagen-charla-Cultural-de-Laboratorios-de-Co-Creacion-150x100.jpg 150w, https:\/\/www.medellin.gov.co\/es\/wp-content\/uploads\/2025\/04\/Imagen-charla-Cultural-de-Laboratorios-de-Co-Creacion-768x512.jpg 768w\" sizes=\"(max-width: 1081px) 100vw, 1081px\" \/><\/a>\n\t\t\t<\/dt><\/dl><dl class='gallery-item'>\n\t\t\t<dt class='gallery-icon landscape'>\n\t\t\t\t<a href='https:\/\/www.medellin.gov.co\/es\/sala-de-prensa\/noticias\/el-centro-de-investigacion-cultural-invierte-2-900-millones-para-beneficiar-a-14-comunas-de-medellin\/imagen-reunion-cultural-de-laboratorios-de-co-creacion-3\/'><img width=\"1081\" height=\"720\" src=\"https:\/\/www.medellin.gov.co\/es\/wp-content\/uploads\/2025\/04\/Imagen-reunion-Cultural-de-Laboratorios-de-Co-Creacion-3.jpg\" class=\"attachment-full size-full\" alt=\"Imagen reuni\u00f3n Cultural de Laboratorios de Co-Creaci\u00f3n 3\" loading=\"lazy\" srcset=\"https:\/\/www.medellin.gov.co\/es\/wp-content\/uploads\/2025\/04\/Imagen-reunion-Cultural-de-Laboratorios-de-Co-Creacion-3.jpg 1081w, https:\/\/www.medellin.gov.co\/es\/wp-content\/uploads\/2025\/04\/Imagen-reunion-Cultural-de-Laboratorios-de-Co-Creacion-3-300x200.jpg 300w, https:\/\/www.medellin.gov.co\/es\/wp-content\/uploads\/2025\/04\/Imagen-reunion-Cultural-de-Laboratorios-de-Co-Creacion-3-1024x682.jpg 1024w, https:\/\/www.medellin.gov.co\/es\/wp-content\/uploads\/2025\/04\/Imagen-reunion-Cultural-de-Laboratorios-de-Co-Creacion-3-150x100.jpg 150w, https:\/\/www.medellin.gov.co\/es\/wp-content\/uploads\/2025\/04\/Imagen-reunion-Cultural-de-Laboratorios-de-Co-Creacion-3-768x512.jpg 768w\" sizes=\"(max-width: 1081px) 100vw, 1081px\" \/><\/a>\n\t\t\t<\/dt><\/dl><br style=\"clear: both\" \/>\n\t\t<\/div>\n\n<p>El a\u00f1o pasado se incorporaron los primeros profesionales responsables de orientar al equipo encargado del despliegue territorial. Adem\u00e1s, se dise\u00f1aron instrumentos para la metodolog\u00eda de trabajo, enfocados en el mapeo y la caracterizaci\u00f3n del sector cultural en cada territorio del Distrito.<\/p>\n<p>Tambi\u00e9n en 2024 se entregaron 2.500 libros en las comunas Manrique y San Javier, as\u00ed como en los corregimientos 50 (San Sebasti\u00e1n de Palmitas), 70 (San Crist\u00f3bal) y 90 (Santa Elena), con el objetivo de fortalecer el tejido social mediante la literatura, el arte y la cultura.<\/p>\n\n\t\t<style type=\"text\/css\">\n\t\t\t#gallery-2 {\n\t\t\t\tmargin: auto;\n\t\t\t}\n\t\t\t#gallery-2 .gallery-item {\n\t\t\t\tfloat: left;\n\t\t\t\tmargin-top: 10px;\n\t\t\t\ttext-align: center;\n\t\t\t\twidth: 50%;\n\t\t\t}\n\t\t\t#gallery-2 img {\n\t\t\t\tborder: 2px solid #cfcfcf;\n\t\t\t}\n\t\t\t#gallery-2 .gallery-caption {\n\t\t\t\tmargin-left: 0;\n\t\t\t}\n\t\t\t\/* see gallery_shortcode() in wp-includes\/media.php *\/\n\t\t<\/style>\n\t\t<div id='gallery-2' class='gallery galleryid-403340 gallery-columns-2 gallery-size-full'><dl class='gallery-item'>\n\t\t\t<dt class='gallery-icon landscape'>\n\t\t\t\t<a href='https:\/\/www.medellin.gov.co\/es\/sala-de-prensa\/noticias\/el-centro-de-investigacion-cultural-invierte-2-900-millones-para-beneficiar-a-14-comunas-de-medellin\/imagen-reunion-cultural-de-laboratorios-de-co-creacion\/'><img width=\"1081\" height=\"720\" src=\"https:\/\/www.medellin.gov.co\/es\/wp-content\/uploads\/2025\/04\/Imagen-reunion-Cultural-de-Laboratorios-de-Co-Creacion.jpg\" class=\"attachment-full size-full\" alt=\"Imagen reuni\u00f3n Cultural de Laboratorios de Co-Creaci\u00f3n\" loading=\"lazy\" srcset=\"https:\/\/www.medellin.gov.co\/es\/wp-content\/uploads\/2025\/04\/Imagen-reunion-Cultural-de-Laboratorios-de-Co-Creacion.jpg 1081w, https:\/\/www.medellin.gov.co\/es\/wp-content\/uploads\/2025\/04\/Imagen-reunion-Cultural-de-Laboratorios-de-Co-Creacion-300x200.jpg 300w, https:\/\/www.medellin.gov.co\/es\/wp-content\/uploads\/2025\/04\/Imagen-reunion-Cultural-de-Laboratorios-de-Co-Creacion-1024x682.jpg 1024w, https:\/\/www.medellin.gov.co\/es\/wp-content\/uploads\/2025\/04\/Imagen-reunion-Cultural-de-Laboratorios-de-Co-Creacion-150x100.jpg 150w, https:\/\/www.medellin.gov.co\/es\/wp-content\/uploads\/2025\/04\/Imagen-reunion-Cultural-de-Laboratorios-de-Co-Creacion-768x512.jpg 768w\" sizes=\"(max-width: 1081px) 100vw, 1081px\" \/><\/a>\n\t\t\t<\/dt><\/dl><dl class='gallery-item'>\n\t\t\t<dt class='gallery-icon landscape'>\n\t\t\t\t<a href='https:\/\/www.medellin.gov.co\/es\/sala-de-prensa\/noticias\/el-centro-de-investigacion-cultural-invierte-2-900-millones-para-beneficiar-a-14-comunas-de-medellin\/imagen-reunion-cultural-de-laboratorios-de-co-creacion-3\/'><img width=\"1081\" height=\"720\" src=\"https:\/\/www.medellin.gov.co\/es\/wp-content\/uploads\/2025\/04\/Imagen-reunion-Cultural-de-Laboratorios-de-Co-Creacion-3.jpg\" class=\"attachment-full size-full\" alt=\"Imagen reuni\u00f3n Cultural de Laboratorios de Co-Creaci\u00f3n 3\" loading=\"lazy\" srcset=\"https:\/\/www.medellin.gov.co\/es\/wp-content\/uploads\/2025\/04\/Imagen-reunion-Cultural-de-Laboratorios-de-Co-Creacion-3.jpg 1081w, https:\/\/www.medellin.gov.co\/es\/wp-content\/uploads\/2025\/04\/Imagen-reunion-Cultural-de-Laboratorios-de-Co-Creacion-3-300x200.jpg 300w, https:\/\/www.medellin.gov.co\/es\/wp-content\/uploads\/2025\/04\/Imagen-reunion-Cultural-de-Laboratorios-de-Co-Creacion-3-1024x682.jpg 1024w, https:\/\/www.medellin.gov.co\/es\/wp-content\/uploads\/2025\/04\/Imagen-reunion-Cultural-de-Laboratorios-de-Co-Creacion-3-150x100.jpg 150w, https:\/\/www.medellin.gov.co\/es\/wp-content\/uploads\/2025\/04\/Imagen-reunion-Cultural-de-Laboratorios-de-Co-Creacion-3-768x512.jpg 768w\" sizes=\"(max-width: 1081px) 100vw, 1081px\" \/><\/a>\n\t\t\t<\/dt><\/dl><br style=\"clear: both\" \/>\n\t\t<\/div>\n\n<p>M\u00e1s informaci\u00f3n en el correo electr\u00f3nico <a href=\"mailto:comunicaciones.cic.med@gmail.com\" target=\"_blank\" rel=\"noopener\">comunicaciones.cic.med@gmail.com<\/a> o en la l\u00ednea telef\u00f3nica 312 850 4825.<\/p>\n","protected":false},"excerpt":{"rendered":"<p>Este a\u00f1o, el Centro de Investigaci\u00f3n Cultural (CIC), que forma parte del Presupuesto Participativo de la Alcald\u00eda de Medell\u00edn, dispone de un recurso priorizado de $2.900 millones, aproximadamente, que beneficiar\u00e1 a los sectores culturales y &#8230;<\/p>\n","protected":false},"author":97,"featured_media":403346,"comment_status":"open","ping_status":"open","sticky":false,"template":"","format":"standard","meta":[],"categories":[31],"tags":[451,691,450],"formato_nota":[],"programas_tax":[],"acf":[],"_links":{"self":[{"href":"https:\/\/www.medellin.gov.co\/es\/wp-json\/wp\/v2\/posts\/403340"}],"collection":[{"href":"https:\/\/www.medellin.gov.co\/es\/wp-json\/wp\/v2\/posts"}],"about":[{"href":"https:\/\/www.medellin.gov.co\/es\/wp-json\/wp\/v2\/types\/post"}],"author":[{"embeddable":true,"href":"https:\/\/www.medellin.gov.co\/es\/wp-json\/wp\/v2\/users\/97"}],"replies":[{"embeddable":true,"href":"https:\/\/www.medellin.gov.co\/es\/wp-json\/wp\/v2\/comments?post=403340"}],"version-history":[{"count":1,"href":"https:\/\/www.medellin.gov.co\/es\/wp-json\/wp\/v2\/posts\/403340\/revisions"}],"predecessor-version":[{"id":403349,"href":"https:\/\/www.medellin.gov.co\/es\/wp-json\/wp\/v2\/posts\/403340\/revisions\/403349"}],"wp:featuredmedia":[{"embeddable":true,"href":"https:\/\/www.medellin.gov.co\/es\/wp-json\/wp\/v2\/media\/403346"}],"wp:attachment":[{"href":"https:\/\/www.medellin.gov.co\/es\/wp-json\/wp\/v2\/media?parent=403340"}],"wp:term":[{"taxonomy":"category","embeddable":true,"href":"https:\/\/www.medellin.gov.co\/es\/wp-json\/wp\/v2\/categories?post=403340"},{"taxonomy":"post_tag","embeddable":true,"href":"https:\/\/www.medellin.gov.co\/es\/wp-json\/wp\/v2\/tags?post=403340"},{"taxonomy":"formato_nota","embeddable":true,"href":"https:\/\/www.medellin.gov.co\/es\/wp-json\/wp\/v2\/formato_nota?post=403340"},{"taxonomy":"programas_tax","embeddable":true,"href":"https:\/\/www.medellin.gov.co\/es\/wp-json\/wp\/v2\/programas_tax?post=403340"}],"curies":[{"name":"wp","href":"https:\/\/api.w.org\/{rel}","templated":true}]}}