{"id":403352,"date":"2025-04-26T16:10:13","date_gmt":"2025-04-26T21:10:13","guid":{"rendered":"https:\/\/www.medellin.gov.co\/es\/?p=403352"},"modified":"2025-04-26T16:10:13","modified_gmt":"2025-04-26T21:10:13","slug":"alcalde-de-medellin-federico-gutierrez-lidera-la-atencion-en-el-corregimiento-san-antonio-de-prado-afectado-por-el-desbordamiento-de-una-quebrada","status":"publish","type":"post","link":"https:\/\/www.medellin.gov.co\/es\/sala-de-prensa\/noticias\/alcalde-de-medellin-federico-gutierrez-lidera-la-atencion-en-el-corregimiento-san-antonio-de-prado-afectado-por-el-desbordamiento-de-una-quebrada\/","title":{"rendered":"Alcalde de Medell\u00edn, Federico Guti\u00e9rrez lidera la atenci\u00f3n en el corregimiento San Antonio de Prado, afectado por el desbordamiento de una quebrada"},"content":{"rendered":"<ul>\n<li>M\u00e1s de 90 personas, entre bomberos, organismos de socorro, equipo DAGRD, voluntarios, Polic\u00eda, Ej\u00e9rcito y entidades del Distrito ofrecen atenci\u00f3n integral en la zona.<\/li>\n<li>A la quebrada desbordada, la Administraci\u00f3n Distrital le hab\u00eda realizado mantenimiento hace 15 d\u00edas. El llamado es a la ciudadan\u00eda para que no arroje basuras y elementos voluminosos a estos afluentes.<\/li>\n<li>Durante las \u00faltimas horas, 250 llamadas han ingresado a la l\u00ednea 123 con reportes generados por lluvias.<\/li>\n<\/ul>\n<p>La Alcald\u00eda de Medell\u00edn atiende la emergencia en el corregimiento San Antonio de Prado, sector Palo Blanco, suroccidente de la ciudad, donde durante las \u00faltimas horas se presentaron inundaciones como consecuencia de las fuertes lluvias y el desbordamiento de la quebrada La Chorrera, afectando, hasta el momento, 32 viviendas y v\u00edas p\u00fablicas.<\/p>\n<p><img loading=\"lazy\" class=\"alignnone size-large wp-image-403362\" src=\"https:\/\/www.medellin.gov.co\/es\/wp-content\/uploads\/2025\/04\/Imagen-Federico-Gutierrez-visitando-afectado-en-el-corregimiento-San-Antonio-de-Prado-1024x708.jpg\" alt=\"Imagen Federico Guti\u00e9rrez visitando afectado en el corregimiento San Antonio de Prado\" width=\"1024\" height=\"708\" srcset=\"https:\/\/www.medellin.gov.co\/es\/wp-content\/uploads\/2025\/04\/Imagen-Federico-Gutierrez-visitando-afectado-en-el-corregimiento-San-Antonio-de-Prado-1024x708.jpg 1024w, https:\/\/www.medellin.gov.co\/es\/wp-content\/uploads\/2025\/04\/Imagen-Federico-Gutierrez-visitando-afectado-en-el-corregimiento-San-Antonio-de-Prado-300x207.jpg 300w, https:\/\/www.medellin.gov.co\/es\/wp-content\/uploads\/2025\/04\/Imagen-Federico-Gutierrez-visitando-afectado-en-el-corregimiento-San-Antonio-de-Prado-150x104.jpg 150w, https:\/\/www.medellin.gov.co\/es\/wp-content\/uploads\/2025\/04\/Imagen-Federico-Gutierrez-visitando-afectado-en-el-corregimiento-San-Antonio-de-Prado-768x531.jpg 768w, https:\/\/www.medellin.gov.co\/es\/wp-content\/uploads\/2025\/04\/Imagen-Federico-Gutierrez-visitando-afectado-en-el-corregimiento-San-Antonio-de-Prado.jpg 1042w\" sizes=\"(max-width: 1024px) 100vw, 1024px\" \/><\/p>\n<p>Como parte de las labores en la zona, el equipo t\u00e9cnico del Departamento Administrativo de Gesti\u00f3n del Riesgo de Desastres (DAGRD) y el Cuerpo Oficial de Bomberos Medell\u00edn, identificaron siete viviendas que requirieron evacuaci\u00f3n temporal y 29 familias integradas por 75 personas. Todas est\u00e1n recibiendo oferta institucional y atenci\u00f3n por parte de las entidades del Distrito.<\/p>\n<p><div class=\"iframe-container\"><iframe title=\"YouTube video player\" src=\"https:\/\/www.youtube.com\/embed\/vvu-XndP8K0?si=K-l8s6NphKScWcwr\" width=\"100%\" height=\"315\" frameborder=\"0\" allowfullscreen=\"allowfullscreen\"><span data-mce-type=\"bookmark\" style=\"display: inline-block; width: 0px; overflow: hidden; line-height: 0;\" class=\"mce_SELRES_start\">\ufeff<\/span><\/iframe><\/div><\/p>\n<p>El alcalde de Medell\u00edn, Federico Guti\u00e9rrez, destac\u00f3 que en la emergencia no se hayan presentado p\u00e9rdidas humanas, y explic\u00f3 que el desbordamiento se gener\u00f3 debido a un deslizamiento de tierra 200 metros arriba del sitio Palo Blanco.<\/p>\n<p><em>\u201cLas fuertes lluvias de ayer, m\u00e1s las que se han presentado en d\u00edas anteriores, generaron saturaci\u00f3n en el terreno y esa es la alerta que tenemos en algunos puntos cr\u00edticos de la ciudad\u201d, afirm\u00f3 el mandatario distrital.<\/em><\/p>\n<p><img loading=\"lazy\" class=\"alignnone size-full wp-image-403365\" src=\"https:\/\/www.medellin.gov.co\/es\/wp-content\/uploads\/2025\/04\/Imagen-Federico-Gutierrez-visitando-afectados-en-el-corregimiento-San-Antonio-de-Prado.jpg\" alt=\"Imagen Federico Guti\u00e9rrez visitando afectados en el corregimiento San Antonio de Prado\" width=\"1017\" height=\"720\" srcset=\"https:\/\/www.medellin.gov.co\/es\/wp-content\/uploads\/2025\/04\/Imagen-Federico-Gutierrez-visitando-afectados-en-el-corregimiento-San-Antonio-de-Prado.jpg 1017w, https:\/\/www.medellin.gov.co\/es\/wp-content\/uploads\/2025\/04\/Imagen-Federico-Gutierrez-visitando-afectados-en-el-corregimiento-San-Antonio-de-Prado-300x212.jpg 300w, https:\/\/www.medellin.gov.co\/es\/wp-content\/uploads\/2025\/04\/Imagen-Federico-Gutierrez-visitando-afectados-en-el-corregimiento-San-Antonio-de-Prado-150x106.jpg 150w, https:\/\/www.medellin.gov.co\/es\/wp-content\/uploads\/2025\/04\/Imagen-Federico-Gutierrez-visitando-afectados-en-el-corregimiento-San-Antonio-de-Prado-768x544.jpg 768w\" sizes=\"(max-width: 1017px) 100vw, 1017px\" \/><\/p>\n<p>Guti\u00e9rrez, a su vez, advirti\u00f3 que durante lo que resta de abril y mayo se intensificaran las lluvias<em>. \u201cLa preocupaci\u00f3n m\u00eda es que estos terrenos y monta\u00f1as est\u00e1n ya muy saturadas y la petici\u00f3n que hago a la comunidad es: ojo con las quebradas. Nosotros venimos haci\u00e9ndoles mantenimiento; solo hace 15 d\u00edas se hizo uno en esta zona, en el mismo punto. Si no se hubiera hecho, esta situaci\u00f3n ser\u00eda mucho peor\u201d, <\/em>puntualiz\u00f3.<\/p>\n<p>El alcalde, enfatiz\u00f3 que la situaci\u00f3n de San Antonio de Prado se agrav\u00f3 debido al deslizamiento en la parte alta, pero, anot\u00f3: <em>\u201ces incre\u00edble ver lo que encontramos en las quebradas cuando las intervenimos: bicicletas, escaparates, balones, ropa, muebles viejos: a la comunidad le digo, las quebradas no son botaderos de basura\u201d.<\/em><\/p>\n<p>Los sitios identificados con afectaciones en San Antonio de Prado son: Palo Blanco, El Salado, UVA, Florida Parte baja, Naranjitos, Santa Rita y Limonar. All\u00ed, se han entregado, hasta el momento, 75 kits, entre ellos, paquetes alimentarios, kits de dormida, de aseo, de higiene y de cocina. Adem\u00e1s se tienen registrados afectaciones en 14 unidades productivas, entre ellas un galp\u00f3n.<\/p>\n<p><img loading=\"lazy\" class=\"alignnone size-large wp-image-403360\" src=\"https:\/\/www.medellin.gov.co\/es\/wp-content\/uploads\/2025\/04\/Imagen-Federico-Gutierrez-en-el-corregimiento-San-Antonio-de-Prado-1024x643.jpg\" alt=\"Imagen Federico Guti\u00e9rrez en el corregimiento San Antonio de Prado\" width=\"1024\" height=\"643\" srcset=\"https:\/\/www.medellin.gov.co\/es\/wp-content\/uploads\/2025\/04\/Imagen-Federico-Gutierrez-en-el-corregimiento-San-Antonio-de-Prado-1024x643.jpg 1024w, https:\/\/www.medellin.gov.co\/es\/wp-content\/uploads\/2025\/04\/Imagen-Federico-Gutierrez-en-el-corregimiento-San-Antonio-de-Prado-300x188.jpg 300w, https:\/\/www.medellin.gov.co\/es\/wp-content\/uploads\/2025\/04\/Imagen-Federico-Gutierrez-en-el-corregimiento-San-Antonio-de-Prado-150x94.jpg 150w, https:\/\/www.medellin.gov.co\/es\/wp-content\/uploads\/2025\/04\/Imagen-Federico-Gutierrez-en-el-corregimiento-San-Antonio-de-Prado-768x482.jpg 768w, https:\/\/www.medellin.gov.co\/es\/wp-content\/uploads\/2025\/04\/Imagen-Federico-Gutierrez-en-el-corregimiento-San-Antonio-de-Prado.jpg 1147w\" sizes=\"(max-width: 1024px) 100vw, 1024px\" \/><\/p>\n<p>Entre tanto, la Secretar\u00eda de Movilidad, para atender la situaci\u00f3n en San Antonio de Prado, cuenta con ocho agentes permanentes en la zona, con el apoyo de tres gr\u00faas, para garantizar el flujo vehicular en el corregimiento y el sector de Palo Blanco, brindando informaci\u00f3n sobre las v\u00edas alternas y realizando los cierres preventivos mientras se supera la emergencia y se adelantan los trabajos para devolver la normalidad.<\/p>\n<p>Por el momento, y de manera indefinida, se tendr\u00e1n cierres totales de v\u00eda en la calle 45 sur con carrera 83C y en la carrera 85 con calle 45 sur. Adem\u00e1s, ya se han habilitado rutas alternas.<\/p>\n<p>Durante las \u00faltimas horas en Medell\u00edn, m\u00e1s de 250 llamados ingresaron a la l\u00ednea 123 reportando casos de afectaci\u00f3n por lluvias. En 2025 el DAGRD ha realizado un total de 546 visitas de inspecci\u00f3n por riesgo en la ciudad, en las que se han generado 188 recomendaciones de evacuaci\u00f3n, de las cuales 49 han sido definitivas y 139 temporales.<\/p>\n<p><img loading=\"lazy\" class=\"alignnone size-large wp-image-403355\" src=\"https:\/\/www.medellin.gov.co\/es\/wp-content\/uploads\/2025\/04\/Imagen-afecacion-corregimiento-San-Antonio-de-Prado-1024x682.jpg\" alt=\"Imagen afetcaci\u00f3n corregimiento San Antonio de Prado\" width=\"1024\" height=\"682\" srcset=\"https:\/\/www.medellin.gov.co\/es\/wp-content\/uploads\/2025\/04\/Imagen-afecacion-corregimiento-San-Antonio-de-Prado-1024x682.jpg 1024w, https:\/\/www.medellin.gov.co\/es\/wp-content\/uploads\/2025\/04\/Imagen-afecacion-corregimiento-San-Antonio-de-Prado-300x200.jpg 300w, https:\/\/www.medellin.gov.co\/es\/wp-content\/uploads\/2025\/04\/Imagen-afecacion-corregimiento-San-Antonio-de-Prado-150x100.jpg 150w, https:\/\/www.medellin.gov.co\/es\/wp-content\/uploads\/2025\/04\/Imagen-afecacion-corregimiento-San-Antonio-de-Prado-768x512.jpg 768w, https:\/\/www.medellin.gov.co\/es\/wp-content\/uploads\/2025\/04\/Imagen-afecacion-corregimiento-San-Antonio-de-Prado.jpg 1081w\" sizes=\"(max-width: 1024px) 100vw, 1024px\" \/><\/p>\n<p>Los sectores con mayor afectaci\u00f3n por lluvias han sido: San Antonio de Prado, Poblado, Bel\u00e9n, La Am\u00e9rica y Laureles.<\/p>\n<p>En lo corrido del a\u00f1o se han atendido m\u00e1s de 650 incidentes generados por lluvias, los casos m\u00e1s recurrentes han sido: 519 desplomes de \u00e1rboles, 111 deslizamientos y 57 inundaciones.<\/p>\n<p>De acuerdo con los pron\u00f3sticos del <a href=\"https:\/\/siata.gov.co\/siata_nuevo\/\" target=\"_blank\" rel=\"noopener\">SIATA<\/a>, la actual temporada de lluvias con influencia del Fen\u00f3meno de la Ni\u00f1a, ha registrado eventos recurrentes como: fuertes precipitaciones en cortos periodos. A lo largo de estas \u00faltimas semanas, se activaron los protocolos de respuesta ante emergencias, garantizando la intervenci\u00f3n oportuna.<\/p>\n","protected":false},"excerpt":{"rendered":"<p>M\u00e1s de 90 personas, entre bomberos, organismos de socorro, equipo DAGRD, voluntarios, Polic\u00eda, Ej\u00e9rcito y entidades del Distrito ofrecen atenci\u00f3n integral en la zona. A la quebrada desbordada, la Administraci\u00f3n Distrital le hab\u00eda realizado mantenimiento &#8230;<\/p>\n","protected":false},"author":97,"featured_media":403367,"comment_status":"open","ping_status":"open","sticky":false,"template":"","format":"standard","meta":[],"categories":[30,293],"tags":[437,451,435,455],"formato_nota":[],"programas_tax":[],"acf":[],"_links":{"self":[{"href":"https:\/\/www.medellin.gov.co\/es\/wp-json\/wp\/v2\/posts\/403352"}],"collection":[{"href":"https:\/\/www.medellin.gov.co\/es\/wp-json\/wp\/v2\/posts"}],"about":[{"href":"https:\/\/www.medellin.gov.co\/es\/wp-json\/wp\/v2\/types\/post"}],"author":[{"embeddable":true,"href":"https:\/\/www.medellin.gov.co\/es\/wp-json\/wp\/v2\/users\/97"}],"replies":[{"embeddable":true,"href":"https:\/\/www.medellin.gov.co\/es\/wp-json\/wp\/v2\/comments?post=403352"}],"version-history":[{"count":1,"href":"https:\/\/www.medellin.gov.co\/es\/wp-json\/wp\/v2\/posts\/403352\/revisions"}],"predecessor-version":[{"id":403370,"href":"https:\/\/www.medellin.gov.co\/es\/wp-json\/wp\/v2\/posts\/403352\/revisions\/403370"}],"wp:featuredmedia":[{"embeddable":true,"href":"https:\/\/www.medellin.gov.co\/es\/wp-json\/wp\/v2\/media\/403367"}],"wp:attachment":[{"href":"https:\/\/www.medellin.gov.co\/es\/wp-json\/wp\/v2\/media?parent=403352"}],"wp:term":[{"taxonomy":"category","embeddable":true,"href":"https:\/\/www.medellin.gov.co\/es\/wp-json\/wp\/v2\/categories?post=403352"},{"taxonomy":"post_tag","embeddable":true,"href":"https:\/\/www.medellin.gov.co\/es\/wp-json\/wp\/v2\/tags?post=403352"},{"taxonomy":"formato_nota","embeddable":true,"href":"https:\/\/www.medellin.gov.co\/es\/wp-json\/wp\/v2\/formato_nota?post=403352"},{"taxonomy":"programas_tax","embeddable":true,"href":"https:\/\/www.medellin.gov.co\/es\/wp-json\/wp\/v2\/programas_tax?post=403352"}],"curies":[{"name":"wp","href":"https:\/\/api.w.org\/{rel}","templated":true}]}}