{"id":403608,"date":"2025-04-28T17:17:36","date_gmt":"2025-04-28T22:17:36","guid":{"rendered":"https:\/\/www.medellin.gov.co\/es\/?p=403608"},"modified":"2025-04-28T17:17:36","modified_gmt":"2025-04-28T22:17:36","slug":"gracias-al-estimulo-viaje-a-argentina-y-estados-unidos-hice-realidad-un-sueno","status":"publish","type":"post","link":"https:\/\/www.medellin.gov.co\/es\/sala-de-prensa\/noticias\/gracias-al-estimulo-viaje-a-argentina-y-estados-unidos-hice-realidad-un-sueno\/","title":{"rendered":"Gracias al est\u00edmulo, viaj\u00e9 a Argentina y Estados Unidos: hice realidad un sue\u00f1o"},"content":{"rendered":"<p>Desde Orlando, Florida, justo en medio del <a href=\"https:\/\/cheerunion.org\/\">International Cheer Union<\/a> \u2013 ICU, uno de los campeonatos m\u00e1s importantes del porrismo en el \u00e1mbito mundial, Manuela Aguiar Giral habla con emoci\u00f3n. \u201cEstar aqu\u00ed es cumplir un sue\u00f1o\u201d, dice. \u201cY es posible gracias al est\u00edmulo que recib\u00ed. Este viaje, esta experiencia, esta oportunidad\u2026 fueron posibles por ese reconocimiento\u201d.<\/p>\n<p>Con solo 22 a\u00f1os, Manuela ya es una referente del porrismo colombiano. Su historia comenz\u00f3 desde ni\u00f1a, en su barrio Manrique Las Granjas, donde descubri\u00f3 su pasi\u00f3n por este deporte. Desde entonces no ha parado. Ha representado a Medell\u00edn, Antioquia y a Colombia en m\u00faltiples competencias nacionales e internacionales. Pero 2024 marc\u00f3 un punto de inflexi\u00f3n: fue una de las ganadoras de los Est\u00edmulos a los Talentos y Liderazgos de las Mujeres, en la categor\u00eda Deportes, Recreaci\u00f3n y Actividad F\u00edsica.<\/p>\n\n\t\t<style type=\"text\/css\">\n\t\t\t#gallery-1 {\n\t\t\t\tmargin: auto;\n\t\t\t}\n\t\t\t#gallery-1 .gallery-item {\n\t\t\t\tfloat: left;\n\t\t\t\tmargin-top: 10px;\n\t\t\t\ttext-align: center;\n\t\t\t\twidth: 50%;\n\t\t\t}\n\t\t\t#gallery-1 img {\n\t\t\t\tborder: 2px solid #cfcfcf;\n\t\t\t}\n\t\t\t#gallery-1 .gallery-caption {\n\t\t\t\tmargin-left: 0;\n\t\t\t}\n\t\t\t\/* see gallery_shortcode() in wp-includes\/media.php *\/\n\t\t<\/style>\n\t\t<div id='gallery-1' class='gallery galleryid-403608 gallery-columns-2 gallery-size-full'><dl class='gallery-item'>\n\t\t\t<dt class='gallery-icon portrait'>\n\t\t\t\t<a href='https:\/\/www.medellin.gov.co\/es\/sala-de-prensa\/noticias\/gracias-al-estimulo-viaje-a-argentina-y-estados-unidos-hice-realidad-un-sueno\/imagen-manuela-aguilar-3\/'><img width=\"1920\" height=\"2560\" src=\"https:\/\/www.medellin.gov.co\/es\/wp-content\/uploads\/2025\/04\/Imagen-Manuela-Aguilar-3-scaled.jpeg\" class=\"attachment-full size-full\" alt=\"Imagen Manuela Aguilar 3\" loading=\"lazy\" srcset=\"https:\/\/www.medellin.gov.co\/es\/wp-content\/uploads\/2025\/04\/Imagen-Manuela-Aguilar-3-scaled.jpeg 1920w, https:\/\/www.medellin.gov.co\/es\/wp-content\/uploads\/2025\/04\/Imagen-Manuela-Aguilar-3-225x300.jpeg 225w, https:\/\/www.medellin.gov.co\/es\/wp-content\/uploads\/2025\/04\/Imagen-Manuela-Aguilar-3-768x1024.jpeg 768w, https:\/\/www.medellin.gov.co\/es\/wp-content\/uploads\/2025\/04\/Imagen-Manuela-Aguilar-3-113x150.jpeg 113w, https:\/\/www.medellin.gov.co\/es\/wp-content\/uploads\/2025\/04\/Imagen-Manuela-Aguilar-3-1152x1536.jpeg 1152w, https:\/\/www.medellin.gov.co\/es\/wp-content\/uploads\/2025\/04\/Imagen-Manuela-Aguilar-3-1536x2048.jpeg 1536w\" sizes=\"(max-width: 1920px) 100vw, 1920px\" \/><\/a>\n\t\t\t<\/dt><\/dl><dl class='gallery-item'>\n\t\t\t<dt class='gallery-icon portrait'>\n\t\t\t\t<a href='https:\/\/www.medellin.gov.co\/es\/sala-de-prensa\/noticias\/gracias-al-estimulo-viaje-a-argentina-y-estados-unidos-hice-realidad-un-sueno\/imagen-manuela-aguilar-2\/'><img width=\"1920\" height=\"2560\" src=\"https:\/\/www.medellin.gov.co\/es\/wp-content\/uploads\/2025\/04\/Imagen-Manuela-Aguilar-2-scaled.jpeg\" class=\"attachment-full size-full\" alt=\"Imagen Manuela Aguilar 2\" loading=\"lazy\" srcset=\"https:\/\/www.medellin.gov.co\/es\/wp-content\/uploads\/2025\/04\/Imagen-Manuela-Aguilar-2-scaled.jpeg 1920w, https:\/\/www.medellin.gov.co\/es\/wp-content\/uploads\/2025\/04\/Imagen-Manuela-Aguilar-2-225x300.jpeg 225w, https:\/\/www.medellin.gov.co\/es\/wp-content\/uploads\/2025\/04\/Imagen-Manuela-Aguilar-2-768x1024.jpeg 768w, https:\/\/www.medellin.gov.co\/es\/wp-content\/uploads\/2025\/04\/Imagen-Manuela-Aguilar-2-113x150.jpeg 113w, https:\/\/www.medellin.gov.co\/es\/wp-content\/uploads\/2025\/04\/Imagen-Manuela-Aguilar-2-1152x1536.jpeg 1152w, https:\/\/www.medellin.gov.co\/es\/wp-content\/uploads\/2025\/04\/Imagen-Manuela-Aguilar-2-1536x2048.jpeg 1536w\" sizes=\"(max-width: 1920px) 100vw, 1920px\" \/><\/a>\n\t\t\t<\/dt><\/dl><br style=\"clear: both\" \/>\n\t\t<\/div>\n\n<p><strong>\u201cNo pens\u00e9 que me lo fuera a ganar. A la ceremonia solo invit\u00e9 a mis pap\u00e1s y a mi hermana. Ten\u00eda miedo de ilusionarme y que no pasara nada. Pero cuando dijeron mi nombre, fue como una sacudida: me di cuenta de que todo lo que he hecho s\u00ed tiene valor, s\u00ed merece ser reconocido\u201d,<\/strong> recuerda entre risas.<\/p>\n<p>Manuela es estudiante de licenciatura en danza en la Universidad de Antioquia. Entrena a ni\u00f1as, j\u00f3venes y mujeres adultas en porrismo en varios colegios y clubes de la ciudad, como el Colegio San Jos\u00e9 de Las Vegas, el Club Deportivo Bosco y el Club Fant\u00e1stic. Su rutina es exigente: universidad desde las 6:00 a.m., clases hasta las 8:00 p.m. y luego entrenamiento hasta las 10:30 p.m., incluso los fines de semana.<strong> \u201cEl porrismo es mi vida. Me ha dado disciplina, compromiso, amor propio. Es todo para m\u00ed\u201d.<\/strong><\/p>\n<p>Para Manuela Aguiar, el porrismo no es solo un deporte, es el eje que ha moldeado su car\u00e1cter y su prop\u00f3sito de vida. \u201cEl porrismo es vida. Es amor, es pasi\u00f3n. Pero tambi\u00e9n es disciplina, compromiso, respeto por el otro. Gracias a este deporte soy quien soy: una mujer que lucha, que ense\u00f1a, que construye comunidad\u201d, afirma con convicci\u00f3n.<\/p>\n<p>Su experiencia como entrenadora le ha mostrado el poder transformador del deporte en otras mujeres: <strong>\u201cMe gusta ense\u00f1ar porque s\u00e9 lo que el deporte puede hacer por una ni\u00f1a. Muchas veces llegan t\u00edmidas, sin creer en ellas mismas. Y al poco tiempo, son capaces de levantar a otra persona en el aire. Eso no es solo f\u00edsico, es emocional. Es empoderamiento puro\u201d.<\/strong><\/p>\n<p>El est\u00edmulo econ\u00f3mico de $9.000.000 que recibi\u00f3 en 2024 fue clave para hacer realidad dos grandes metas: capacitaciones en academias de danza en Argentina, donde estuvo en diciembre, y el viaje a Estados Unidos para representar al pa\u00eds con Selecci\u00f3n Colombia. <strong>\u201cNo tenemos apoyo econ\u00f3mico en este deporte, todo lo costeamos nosotras. Por eso este est\u00edmulo fue un impulso gigante<\/strong>\u201d.<\/p>\n<p><img loading=\"lazy\" class=\"alignnone wp-image-403748 size-full\" src=\"https:\/\/www.medellin.gov.co\/es\/wp-content\/uploads\/2025\/04\/Imagen-Manuela-Aguilar-4-scaled.jpg\" alt=\"Imagen Manuela Aguilar 4\" width=\"2560\" height=\"1707\" srcset=\"https:\/\/www.medellin.gov.co\/es\/wp-content\/uploads\/2025\/04\/Imagen-Manuela-Aguilar-4-scaled.jpg 2560w, https:\/\/www.medellin.gov.co\/es\/wp-content\/uploads\/2025\/04\/Imagen-Manuela-Aguilar-4-300x200.jpg 300w, https:\/\/www.medellin.gov.co\/es\/wp-content\/uploads\/2025\/04\/Imagen-Manuela-Aguilar-4-1024x683.jpg 1024w, https:\/\/www.medellin.gov.co\/es\/wp-content\/uploads\/2025\/04\/Imagen-Manuela-Aguilar-4-150x100.jpg 150w, https:\/\/www.medellin.gov.co\/es\/wp-content\/uploads\/2025\/04\/Imagen-Manuela-Aguilar-4-768x512.jpg 768w, https:\/\/www.medellin.gov.co\/es\/wp-content\/uploads\/2025\/04\/Imagen-Manuela-Aguilar-4-1536x1024.jpg 1536w, https:\/\/www.medellin.gov.co\/es\/wp-content\/uploads\/2025\/04\/Imagen-Manuela-Aguilar-4-2048x1365.jpg 2048w\" sizes=\"(max-width: 2560px) 100vw, 2560px\" \/><\/p>\n<p>Pero m\u00e1s all\u00e1 del recurso material, Manuela destaca lo simb\u00f3lico del reconocimiento.<strong> \u201cUno como mujer muchas veces no cree en lo que hace, en lo que vale. Este tipo de premios te dice: \u2018s\u00ed, lo que haces importa\u2019. Es un acto de empoderamiento y de auto-reconocimiento. A veces necesitamos que nos digan que s\u00ed somos suficientes, que s\u00ed podemos\u201d.<\/strong><\/p>\n<p>Manuela no se enter\u00f3 de la convocatoria por medio de una de las promotoras en territorio de la Secretar\u00eda de Mujeres, ella reconoci\u00f3 su liderazgo y se atrevi\u00f3 a escribirle \u201c<strong>Me recordaba del colegio, por lo que hac\u00eda. Me dijo: \u2018t\u00fa deber\u00edas postularte\u2019. Al principio dud\u00e9, pero despu\u00e9s pens\u00e9: \u00bfpor qu\u00e9 no? A veces uno solo necesita una peque\u00f1a invitaci\u00f3n para atreverse\u201d.<\/strong><\/p>\n<p>Durante el proceso de formaci\u00f3n de la convocatoria, Manuela comparti\u00f3 con otras mujeres seleccionadas<strong>. \u201cCada encuentro fue un aprendizaje. Sent\u00ed que no solo era parte de una competencia, sino de una comunidad. Vi mujeres incre\u00edbles, talentosas, luchadoras. Sent\u00ed orgullo y tambi\u00e9n mucha inspiraci\u00f3n\u201d.<\/strong><\/p>\n<p>Este a\u00f1o, la convocatoria 2025 de los <a href=\"https:\/\/www.udea.edu.co\/wps\/portal\/udea\/web\/inicio\/bienestar\/!ut\/p\/z1\/jZE7b4MwGEV_SwZG6ieEjBRQQ0t5KKAEL8hgEyElGAXaIb--Jm2HDqHx5PvpnE_yNWDgAFjPP7sjnzrV85POJbMrZ-Nh5FIYJX5iQdf2g22OCNlFFtj_BeAb0kAWpHGeeKn_igF7xId3jgsf8xcAtry-1P76rk8w2AEG2N57r9IQlGgO_VgtKtWN5kf5BCGprdpuTNRgatIW2ybHljBtQhxSO5xSWoOSzku9XFdtwEFdJn76EJIbkI_pLRVCunPaqrP8vj93spfjxC_z2FP9JPtOqHFOUafnQhlQtVLLVf2LVkI1UpOjrozdWokzK0DY0y8ISQCzTWyl5CXEdE1-gKVf_a_X4VwUh2su62s7BNlq9QVOdsjx\/?1dmy&amp;page=udea.generales.interna&amp;urile=wcm%3Apath%3A%2FPortalUdeA%2FasPortalUdeA%2FasHomeUdeA%2FBienestar%2FasContenidos%2FasListado%2Fconvocatoria-estimulos-talentos-mujeres\">Est\u00edmulos a los Talentos y Liderazgos de las Mujeres<\/a> ya est\u00e1 abierta. Las inscripciones estar\u00e1n disponibles hasta el 21 de junio, a trav\u00e9s de <a href=\"http:\/\/www.medellin.gov.co\/estimuloscultura\/mujeres\">www.medellin.gov.co\/estimuloscultura\/mujeres<\/a>. Las mujeres seleccionadas no solo recibir\u00e1n acompa\u00f1amiento y formaci\u00f3n, tambi\u00e9n un est\u00edmulo econ\u00f3mico que les permita seguir creciendo en sus trayectorias.<\/p>\n<p><strong>\u201cA todas las mujeres que dudan si presentarse, les digo: h\u00e1ganlo. No tienen que estar seguras de ganar. Solo dar ese paso, contar su historia, ya es una forma de reconocerse. Y uno nunca sabe: a veces ese peque\u00f1o impulso te cambia la vida\u201d.<\/strong><\/p>\n<p>En Orlando, mientras espera su turno para competir, Manuela entrena con la misma fuerza de siempre. La que se necesita para volar, para sostenerse en el aire\u2026 y para seguir so\u00f1ando.<\/p>\n","protected":false},"excerpt":{"rendered":"<p>Desde Orlando, Florida, justo en medio del International Cheer Union \u2013 ICU, uno de los campeonatos m\u00e1s importantes del porrismo en el \u00e1mbito mundial, Manuela Aguiar Giral habla con emoci\u00f3n. \u201cEstar aqu\u00ed es cumplir un &#8230;<\/p>\n","protected":false},"author":95,"featured_media":403658,"comment_status":"open","ping_status":"open","sticky":false,"template":"","format":"standard","meta":[],"categories":[15],"tags":[689],"formato_nota":[],"programas_tax":[],"acf":[],"_links":{"self":[{"href":"https:\/\/www.medellin.gov.co\/es\/wp-json\/wp\/v2\/posts\/403608"}],"collection":[{"href":"https:\/\/www.medellin.gov.co\/es\/wp-json\/wp\/v2\/posts"}],"about":[{"href":"https:\/\/www.medellin.gov.co\/es\/wp-json\/wp\/v2\/types\/post"}],"author":[{"embeddable":true,"href":"https:\/\/www.medellin.gov.co\/es\/wp-json\/wp\/v2\/users\/95"}],"replies":[{"embeddable":true,"href":"https:\/\/www.medellin.gov.co\/es\/wp-json\/wp\/v2\/comments?post=403608"}],"version-history":[{"count":1,"href":"https:\/\/www.medellin.gov.co\/es\/wp-json\/wp\/v2\/posts\/403608\/revisions"}],"predecessor-version":[{"id":403750,"href":"https:\/\/www.medellin.gov.co\/es\/wp-json\/wp\/v2\/posts\/403608\/revisions\/403750"}],"wp:featuredmedia":[{"embeddable":true,"href":"https:\/\/www.medellin.gov.co\/es\/wp-json\/wp\/v2\/media\/403658"}],"wp:attachment":[{"href":"https:\/\/www.medellin.gov.co\/es\/wp-json\/wp\/v2\/media?parent=403608"}],"wp:term":[{"taxonomy":"category","embeddable":true,"href":"https:\/\/www.medellin.gov.co\/es\/wp-json\/wp\/v2\/categories?post=403608"},{"taxonomy":"post_tag","embeddable":true,"href":"https:\/\/www.medellin.gov.co\/es\/wp-json\/wp\/v2\/tags?post=403608"},{"taxonomy":"formato_nota","embeddable":true,"href":"https:\/\/www.medellin.gov.co\/es\/wp-json\/wp\/v2\/formato_nota?post=403608"},{"taxonomy":"programas_tax","embeddable":true,"href":"https:\/\/www.medellin.gov.co\/es\/wp-json\/wp\/v2\/programas_tax?post=403608"}],"curies":[{"name":"wp","href":"https:\/\/api.w.org\/{rel}","templated":true}]}}