{"id":403611,"date":"2025-04-28T15:54:08","date_gmt":"2025-04-28T20:54:08","guid":{"rendered":"https:\/\/www.medellin.gov.co\/es\/?p=403611"},"modified":"2025-04-28T15:54:08","modified_gmt":"2025-04-28T20:54:08","slug":"la-alcaldia-de-medellin-cree-en-las-segundas-oportunidades-ahora-lanza-parceros-enfocado-en-la-resocializacion-de-personas-privadas-de-la-libertad","status":"publish","type":"post","link":"https:\/\/www.medellin.gov.co\/es\/sala-de-prensa\/noticias\/la-alcaldia-de-medellin-cree-en-las-segundas-oportunidades-ahora-lanza-parceros-enfocado-en-la-resocializacion-de-personas-privadas-de-la-libertad\/","title":{"rendered":"La Alcald\u00eda de Medell\u00edn cree en las segundas oportunidades: ahora lanza Parceros, enfocado en la resocializaci\u00f3n de personas privadas de la libertad"},"content":{"rendered":"<ul>\n<li>El programa inicia en la c\u00e1rcel <a href=\"https:\/\/www.inpec.gov.co\/establecimientos-penitenciarios\/regional-noroeste\/complejo-carcelario-penitenciario-alta-media-seguridad-medellin-pedregal\" target=\"_blank\" rel=\"noopener\">El Pedrega<\/a>l y el Centro de Atenci\u00f3n al Joven Carlos Lleras Restrepo.<\/li>\n<li>Ser\u00e1n 450 los j\u00f3venes beneficiados en 2025 con formaci\u00f3n para la vida, el empleo y la no reincidencia.<\/li>\n<\/ul>\n<!--[if lt IE 9]><script>document.createElement('audio');<\/script><![endif]-->\n\t<div class=\"wp-playlist wp-audio-playlist wp-playlist-light\">\n\t\t\t<div class=\"wp-playlist-current-item\"><\/div>\n\t\t<audio controls=\"controls\" preload=\"none\" width=\"640\"\n\t\t\t><\/audio>\n\t<div class=\"wp-playlist-next\"><\/div>\n\t<div class=\"wp-playlist-prev\"><\/div>\n\t<noscript>\n\t<ol>\n\t\t<li><a href='https:\/\/www.medellin.gov.co\/es\/wp-content\/uploads\/2025\/04\/Audio-Declaraciones-secretario-de-Seguridad-y-Convivencia-Manuel-Villa-Mejia-2.mp3'>Audio Declaraciones secretario de Seguridad y Convivencia, Manuel Villa Mej\u00eda<\/a><\/li><li><a href='https:\/\/www.medellin.gov.co\/es\/wp-content\/uploads\/2025\/04\/Audio-Declaraciones-secretario-de-la-Juventud-Ricardo-Jaramillo-Velez.mp3'>Audio Declaraciones secretario de la Juventud, Ricardo Jaramillo V\u00e9lez<\/a><\/li>\t<\/ol>\n\t<\/noscript>\n\t<script type=\"application\/json\" class=\"wp-playlist-script\">{\"type\":\"audio\",\"tracklist\":true,\"tracknumbers\":true,\"images\":true,\"artists\":true,\"tracks\":[{\"src\":\"https:\\\/\\\/www.medellin.gov.co\\\/es\\\/wp-content\\\/uploads\\\/2025\\\/04\\\/Audio-Declaraciones-secretario-de-Seguridad-y-Convivencia-Manuel-Villa-Mejia-2.mp3\",\"type\":\"audio\\\/mpeg\",\"title\":\"Audio Declaraciones secretario de Seguridad y Convivencia, Manuel Villa Mej\\u00eda\",\"caption\":\"Audio Declaraciones secretario de Seguridad y Convivencia, Manuel Villa Mej\\u00eda\",\"description\":\"\\u00abAudio Declaraciones secretario de Seguridad y Convivencia, Manuel Villa Mej\\u00eda\\u00bb. G\\u00e9nero: Blues.\",\"meta\":{\"genre\":\"Blues\",\"length_formatted\":\"1:55\"},\"image\":{\"src\":\"https:\\\/\\\/www.medellin.gov.co\\\/es\\\/wp-includes\\\/images\\\/media\\\/audio.png\",\"width\":48,\"height\":64},\"thumb\":{\"src\":\"https:\\\/\\\/www.medellin.gov.co\\\/es\\\/wp-includes\\\/images\\\/media\\\/audio.png\",\"width\":48,\"height\":64}},{\"src\":\"https:\\\/\\\/www.medellin.gov.co\\\/es\\\/wp-content\\\/uploads\\\/2025\\\/04\\\/Audio-Declaraciones-secretario-de-la-Juventud-Ricardo-Jaramillo-Velez.mp3\",\"type\":\"audio\\\/mpeg\",\"title\":\"Audio Declaraciones secretario de la Juventud, Ricardo Jaramillo V\\u00e9lez\",\"caption\":\"Audio Declaraciones secretario de la Juventud, Ricardo Jaramillo V\\u00e9lez\",\"description\":\"\\u00abAudio Declaraciones secretario de la Juventud, Ricardo Jaramillo V\\u00e9lez\\u00bb. G\\u00e9nero: Blues.\",\"meta\":{\"genre\":\"Blues\",\"length_formatted\":\"0:36\"},\"image\":{\"src\":\"https:\\\/\\\/www.medellin.gov.co\\\/es\\\/wp-includes\\\/images\\\/media\\\/audio.png\",\"width\":48,\"height\":64},\"thumb\":{\"src\":\"https:\\\/\\\/www.medellin.gov.co\\\/es\\\/wp-includes\\\/images\\\/media\\\/audio.png\",\"width\":48,\"height\":64}}]}<\/script>\n<\/div>\n\t\n<p>La Alcald\u00eda de Medell\u00edn, a trav\u00e9s de la Secretar\u00eda de Seguridad y Convivencia, dio inicio este 2025 a una nueva fase del programa Parceros, enfocado esta vez en personas privadas de la libertad (PPL). Bajo el nombre de Parceros PPL, esta estrategia social y formativa llegar\u00e1 a la c\u00e1rcel El Pedregal y al Centro de Atenci\u00f3n al Joven Carlos Lleras Restrepo, beneficiando a 450 j\u00f3venes con acciones concretas de acompa\u00f1amiento, formaci\u00f3n y generaci\u00f3n de oportunidades.<\/p>\n<p>El objetivo de la iniciativa es brindar herramientas que les permitan a estas personas resignificar su proyecto de vida y facilitar su proceso de resocializaci\u00f3n. \u00a0Para ello, recibir\u00e1n formaci\u00f3n en desarrollo personal, manejo de emociones, anatom\u00eda del delito, autoconocimiento, sanaci\u00f3n del pasado y contar\u00e1n, adem\u00e1s, con asesor\u00eda jur\u00eddica y acompa\u00f1amiento psicosocial permanente.<\/p>\n<p><a href=\"https:\/\/www.medellin.gov.co\/es\/wp-content\/uploads\/2025\/04\/Imagen-Reunion-de-funcionaros-con-personas-privadas-de-la-libertad-1.jpg\" target=\"_blank\" rel=\"noopener\"><img loading=\"lazy\" class=\"alignnone wp-image-403650 size-full\" src=\"https:\/\/www.medellin.gov.co\/es\/wp-content\/uploads\/2025\/04\/Imagen-Reunion-de-funcionaros-con-personas-privadas-de-la-libertad-1.jpg\" alt=\"Imagen Reuni\u00f3n de funcionaros con personas privadas de la libertad\" width=\"1013\" height=\"760\" srcset=\"https:\/\/www.medellin.gov.co\/es\/wp-content\/uploads\/2025\/04\/Imagen-Reunion-de-funcionaros-con-personas-privadas-de-la-libertad-1.jpg 1013w, https:\/\/www.medellin.gov.co\/es\/wp-content\/uploads\/2025\/04\/Imagen-Reunion-de-funcionaros-con-personas-privadas-de-la-libertad-1-300x225.jpg 300w, https:\/\/www.medellin.gov.co\/es\/wp-content\/uploads\/2025\/04\/Imagen-Reunion-de-funcionaros-con-personas-privadas-de-la-libertad-1-150x113.jpg 150w, https:\/\/www.medellin.gov.co\/es\/wp-content\/uploads\/2025\/04\/Imagen-Reunion-de-funcionaros-con-personas-privadas-de-la-libertad-1-768x576.jpg 768w\" sizes=\"(max-width: 1013px) 100vw, 1013px\" \/><\/a><\/p>\n<p>\u201c<em>Este no es solo un programa social, es una declaraci\u00f3n de principios. En Medell\u00edn creemos en las segundas oportunidades, en la capacidad de cambiar, y por eso vamos a las c\u00e1rceles con la misma convicci\u00f3n con la que llegamos a los barrios: a sembrar esperanza, no excusas<\/em>\u201d, afirm\u00f3 el secretario de Seguridad y Convivencia, Manuel Villa Mej\u00eda.<\/p>\n<p>La dimensi\u00f3n formativa de Parceros PPL tambi\u00e9n incluye capacitaciones orientadas al empleo y la vida laboral dentro del marco de la legalidad. Esto permitir\u00e1 que quienes egresen del sistema penitenciario tengan mayores probabilidades de acceder a empleos formales, evitando as\u00ed que retornen a contextos delictivos.<\/p>\n<p>Para este 2025, el programa beneficiar\u00e1 a 200 personas en la c\u00e1rcel El Pedregal (100 hombres y 100 mujeres) y a 250 j\u00f3venes del Centro Carlos Lleras Restrepo, lo que lo convierte en una de las apuestas m\u00e1s ambiciosas en materia de resocializaci\u00f3n desde lo local.<\/p>\n<p><a href=\"https:\/\/www.medellin.gov.co\/es\/wp-content\/uploads\/2025\/04\/Imagen-Funcionarias-entrevistan-personas-privadas-de-la-libertad.jpg\" target=\"_blank\" rel=\"noopener\"><img loading=\"lazy\" class=\"alignnone wp-image-403623 size-full\" src=\"https:\/\/www.medellin.gov.co\/es\/wp-content\/uploads\/2025\/04\/Imagen-Funcionarias-entrevistan-personas-privadas-de-la-libertad.jpg\" alt=\"Imagen Funcionarias entrevistan personas privadas de la libertad\" width=\"1141\" height=\"760\" srcset=\"https:\/\/www.medellin.gov.co\/es\/wp-content\/uploads\/2025\/04\/Imagen-Funcionarias-entrevistan-personas-privadas-de-la-libertad.jpg 1141w, https:\/\/www.medellin.gov.co\/es\/wp-content\/uploads\/2025\/04\/Imagen-Funcionarias-entrevistan-personas-privadas-de-la-libertad-300x200.jpg 300w, https:\/\/www.medellin.gov.co\/es\/wp-content\/uploads\/2025\/04\/Imagen-Funcionarias-entrevistan-personas-privadas-de-la-libertad-1024x682.jpg 1024w, https:\/\/www.medellin.gov.co\/es\/wp-content\/uploads\/2025\/04\/Imagen-Funcionarias-entrevistan-personas-privadas-de-la-libertad-150x100.jpg 150w, https:\/\/www.medellin.gov.co\/es\/wp-content\/uploads\/2025\/04\/Imagen-Funcionarias-entrevistan-personas-privadas-de-la-libertad-768x512.jpg 768w\" sizes=\"(max-width: 1141px) 100vw, 1141px\" \/><\/a><\/p>\n<p>\u201c<em>A trav\u00e9s del programa Parceros, llegamos a la c\u00e1rcel El Pedregal y al Centro de Atenci\u00f3n al Joven Carlos Lleras Restrepo, en La Pola. All\u00ed acompa\u00f1aremos a 250 j\u00f3venes del sistema de responsabilidad penal para adolescentes, quienes recibir\u00e1n terapia cognitivo-conductual y terapia asistida con animales rescatados, los que les ayudar\u00e1 a gestionar sus emociones y a tomar mejores decisiones para su futuro. Creemos en su capacidad de reconstruir su proyecto de vida y los estamos conectando con oportunidades reales<\/em>\u201d, precis\u00f3 el secretario de la\u00a0Juventud, Ricardo Jaramillo V\u00e9lez.<\/p>\n<p>Este tipo de estrategias ratifican el compromiso del alcalde Federico Guti\u00e9rrez, y la Administraci\u00f3n Distrital, con una seguridad que no solo reacciona al delito, sino que tambi\u00e9n act\u00faa sobre sus causas estructurales, generando oportunidades reales para quienes m\u00e1s lo necesitan.<\/p>\n","protected":false},"excerpt":{"rendered":"<p>El programa inicia en la c\u00e1rcel El Pedregal y el Centro de Atenci\u00f3n al Joven Carlos Lleras Restrepo. Ser\u00e1n 450 los j\u00f3venes beneficiados en 2025 con formaci\u00f3n para la vida, el empleo y la no &#8230;<\/p>\n","protected":false},"author":21,"featured_media":403625,"comment_status":"open","ping_status":"open","sticky":false,"template":"","format":"standard","meta":[],"categories":[12,21],"tags":[619],"formato_nota":[],"programas_tax":[],"acf":[],"_links":{"self":[{"href":"https:\/\/www.medellin.gov.co\/es\/wp-json\/wp\/v2\/posts\/403611"}],"collection":[{"href":"https:\/\/www.medellin.gov.co\/es\/wp-json\/wp\/v2\/posts"}],"about":[{"href":"https:\/\/www.medellin.gov.co\/es\/wp-json\/wp\/v2\/types\/post"}],"author":[{"embeddable":true,"href":"https:\/\/www.medellin.gov.co\/es\/wp-json\/wp\/v2\/users\/21"}],"replies":[{"embeddable":true,"href":"https:\/\/www.medellin.gov.co\/es\/wp-json\/wp\/v2\/comments?post=403611"}],"version-history":[{"count":1,"href":"https:\/\/www.medellin.gov.co\/es\/wp-json\/wp\/v2\/posts\/403611\/revisions"}],"predecessor-version":[{"id":403673,"href":"https:\/\/www.medellin.gov.co\/es\/wp-json\/wp\/v2\/posts\/403611\/revisions\/403673"}],"wp:featuredmedia":[{"embeddable":true,"href":"https:\/\/www.medellin.gov.co\/es\/wp-json\/wp\/v2\/media\/403625"}],"wp:attachment":[{"href":"https:\/\/www.medellin.gov.co\/es\/wp-json\/wp\/v2\/media?parent=403611"}],"wp:term":[{"taxonomy":"category","embeddable":true,"href":"https:\/\/www.medellin.gov.co\/es\/wp-json\/wp\/v2\/categories?post=403611"},{"taxonomy":"post_tag","embeddable":true,"href":"https:\/\/www.medellin.gov.co\/es\/wp-json\/wp\/v2\/tags?post=403611"},{"taxonomy":"formato_nota","embeddable":true,"href":"https:\/\/www.medellin.gov.co\/es\/wp-json\/wp\/v2\/formato_nota?post=403611"},{"taxonomy":"programas_tax","embeddable":true,"href":"https:\/\/www.medellin.gov.co\/es\/wp-json\/wp\/v2\/programas_tax?post=403611"}],"curies":[{"name":"wp","href":"https:\/\/api.w.org\/{rel}","templated":true}]}}