{"id":403675,"date":"2025-04-28T15:59:52","date_gmt":"2025-04-28T20:59:52","guid":{"rendered":"https:\/\/www.medellin.gov.co\/es\/?p=403675"},"modified":"2025-04-28T15:59:52","modified_gmt":"2025-04-28T20:59:52","slug":"medellin-ya-hace-parte-de-la-alianza-para-la-vivienda-y-el-habitat-compartira-experiencias-y-asesorara-en-la-materia","status":"publish","type":"post","link":"https:\/\/www.medellin.gov.co\/es\/sala-de-prensa\/noticias\/medellin-ya-hace-parte-de-la-alianza-para-la-vivienda-y-el-habitat-compartira-experiencias-y-asesorara-en-la-materia\/","title":{"rendered":"Medell\u00edn ya hace parte de la Alianza para la Vivienda y el H\u00e1bitat: compartir\u00e1 experiencias y asesorar\u00e1 en la materia"},"content":{"rendered":"<ul>\n<li>La iniciativa fue suscrita por ciudades capitales durante un encuentro liderado la Secretar\u00eda Distrital de H\u00e1bitat de Bogot\u00e1.<\/li>\n<li>Como parte de este acuerdo, firm\u00f3 un memorando de entendimiento que le permitir\u00e1 la cooperaci\u00f3n entre las entidades territoriales e intercambiar el conocimiento.<\/li>\n<li>All\u00ed, la Administraci\u00f3n Distrital dio a conocer los programas que tiene para la adquisici\u00f3n y mejoramiento de vivienda, y la metodolog\u00eda de focalizaci\u00f3n de la oferta institucional.<\/li>\n<\/ul>\n<!--[if lt IE 9]><script>document.createElement('audio');<\/script><![endif]-->\n\t<div class=\"wp-playlist wp-audio-playlist wp-playlist-light\">\n\t\t\t<div class=\"wp-playlist-current-item\"><\/div>\n\t\t<audio controls=\"controls\" preload=\"none\" width=\"640\"\n\t\t\t><\/audio>\n\t<div class=\"wp-playlist-next\"><\/div>\n\t<div class=\"wp-playlist-prev\"><\/div>\n\t<noscript>\n\t<ol>\n\t\t<li><a href='https:\/\/www.medellin.gov.co\/es\/wp-content\/uploads\/2025\/04\/Audio-Declaraciones-directora-del-Isvimed-Valentina-Aguilar-Ramirez.mp3'>Audio Declaraciones directora del Isvimed, Valentina Aguilar Ram\u00edrez<\/a><\/li>\t<\/ol>\n\t<\/noscript>\n\t<script type=\"application\/json\" class=\"wp-playlist-script\">{\"type\":\"audio\",\"tracklist\":true,\"tracknumbers\":true,\"images\":true,\"artists\":true,\"tracks\":[{\"src\":\"https:\\\/\\\/www.medellin.gov.co\\\/es\\\/wp-content\\\/uploads\\\/2025\\\/04\\\/Audio-Declaraciones-directora-del-Isvimed-Valentina-Aguilar-Ramirez.mp3\",\"type\":\"audio\\\/mpeg\",\"title\":\"Audio Declaraciones directora del Isvimed, Valentina Aguilar Ram\\u00edrez\",\"caption\":\"Audio Declaraciones directora del Isvimed, Valentina Aguilar Ram\\u00edrez\",\"description\":\"\\u00abAudio Declaraciones directora del Isvimed, Valentina Aguilar Ram\\u00edrez\\u00bb. G\\u00e9nero: Blues.\",\"meta\":{\"genre\":\"Blues\",\"length_formatted\":\"0:56\"},\"image\":{\"src\":\"https:\\\/\\\/www.medellin.gov.co\\\/es\\\/wp-includes\\\/images\\\/media\\\/audio.png\",\"width\":48,\"height\":64},\"thumb\":{\"src\":\"https:\\\/\\\/www.medellin.gov.co\\\/es\\\/wp-includes\\\/images\\\/media\\\/audio.png\",\"width\":48,\"height\":64}}]}<\/script>\n<\/div>\n\t\n<p>El primer encuentro Alianza para la Vivienda y el H\u00e1bitat, liderado por la Secretar\u00eda Distrital de H\u00e1bitat de Bogot\u00e1, reuni\u00f3 a diferentes representantes de Medell\u00edn, Barranquilla, Cali, Bogot\u00e1 y Cartagena con el fin de visibilizar el trabajo de las secretar\u00edas y sectores que tienen como objeto mejorar las condiciones de vida de los colombianos con viviendas dignas y accesibles.<\/p>\n<p>El Distrito tuvo la oportunidad de exponer las principales apuestas y retos que tiene la ciudad en materia de vivienda y h\u00e1bitat. Adem\u00e1s, socializ\u00f3 los programas de la Administraci\u00f3n Distrital para la adquisici\u00f3n y mejoramiento de vivienda, y comparti\u00f3 la metodolog\u00eda y estrategia de focalizaci\u00f3n de la oferta institucional.<\/p>\n<p><a href=\"https:\/\/www.medellin.gov.co\/es\/wp-content\/uploads\/2025\/04\/Imagen-reunion-de-la-Alianza-para-la-Vivienda-y-el-Habitat.jpg\" target=\"_blank\" rel=\"noopener\"><img loading=\"lazy\" class=\"alignnone wp-image-403648 size-full\" src=\"https:\/\/www.medellin.gov.co\/es\/wp-content\/uploads\/2025\/04\/Imagen-reunion-de-la-Alianza-para-la-Vivienda-y-el-Habitat.jpg\" alt=\"Imagen reuni\u00f3n de la Alianza para la Vivienda y el H\u00e1bitat\" width=\"1280\" height=\"680\" srcset=\"https:\/\/www.medellin.gov.co\/es\/wp-content\/uploads\/2025\/04\/Imagen-reunion-de-la-Alianza-para-la-Vivienda-y-el-Habitat.jpg 1280w, https:\/\/www.medellin.gov.co\/es\/wp-content\/uploads\/2025\/04\/Imagen-reunion-de-la-Alianza-para-la-Vivienda-y-el-Habitat-300x159.jpg 300w, https:\/\/www.medellin.gov.co\/es\/wp-content\/uploads\/2025\/04\/Imagen-reunion-de-la-Alianza-para-la-Vivienda-y-el-Habitat-1024x544.jpg 1024w, https:\/\/www.medellin.gov.co\/es\/wp-content\/uploads\/2025\/04\/Imagen-reunion-de-la-Alianza-para-la-Vivienda-y-el-Habitat-150x80.jpg 150w, https:\/\/www.medellin.gov.co\/es\/wp-content\/uploads\/2025\/04\/Imagen-reunion-de-la-Alianza-para-la-Vivienda-y-el-Habitat-768x408.jpg 768w\" sizes=\"(max-width: 1280px) 100vw, 1280px\" \/><\/a><\/p>\n<p>Durante el encuentro, se firm\u00f3 el memorando de entendimiento para establecer un marco de cooperaci\u00f3n entre las entidades territoriales firmantes e intercambiar el conocimiento, compartir experiencias, buenas pr\u00e1cticas y realizar asistencias t\u00e9cnicas en materia de h\u00e1bitat, vivienda y desarrollo urbano.<\/p>\n<p>\u201c<em>Esta alianza es muy significativa porque nos permiti\u00f3 conocer los proyectos y estrategias que cada ciudad est\u00e1 implementando desde ese objetivo com\u00fan de contribuir a la superaci\u00f3n de la pobreza desde la vivienda. Adem\u00e1s, se desprenden mesas de trabajo que nos permitir\u00e1n ahondar en procesos y programas para aplicar y compartir esas mejores pr\u00e1cticas desde lo que estamos haciendo<\/em>\u201d, afirm\u00f3 la directora del Isvimed, Valentina Aguilar Ram\u00edrez.<\/p>\n<p><a href=\"https:\/\/www.medellin.gov.co\/es\/wp-content\/uploads\/2025\/04\/Imagen-de-directora-del-Isvimed-Valentina-Aguilar-Ramirez.jpg\" target=\"_blank\" rel=\"noopener\"><img loading=\"lazy\" class=\"alignnone wp-image-403628 size-full\" src=\"https:\/\/www.medellin.gov.co\/es\/wp-content\/uploads\/2025\/04\/Imagen-de-directora-del-Isvimed-Valentina-Aguilar-Ramirez.jpg\" alt=\"Imagen de directora del Isvimed Valentina Aguilar Ram\u00edrez\" width=\"1280\" height=\"720\" srcset=\"https:\/\/www.medellin.gov.co\/es\/wp-content\/uploads\/2025\/04\/Imagen-de-directora-del-Isvimed-Valentina-Aguilar-Ramirez.jpg 1280w, https:\/\/www.medellin.gov.co\/es\/wp-content\/uploads\/2025\/04\/Imagen-de-directora-del-Isvimed-Valentina-Aguilar-Ramirez-300x169.jpg 300w, https:\/\/www.medellin.gov.co\/es\/wp-content\/uploads\/2025\/04\/Imagen-de-directora-del-Isvimed-Valentina-Aguilar-Ramirez-1024x576.jpg 1024w, https:\/\/www.medellin.gov.co\/es\/wp-content\/uploads\/2025\/04\/Imagen-de-directora-del-Isvimed-Valentina-Aguilar-Ramirez-150x84.jpg 150w, https:\/\/www.medellin.gov.co\/es\/wp-content\/uploads\/2025\/04\/Imagen-de-directora-del-Isvimed-Valentina-Aguilar-Ramirez-768x432.jpg 768w\" sizes=\"(max-width: 1280px) 100vw, 1280px\" \/><\/a><\/p>\n<p>La participaci\u00f3n de Medell\u00edn en esta alianza representa un paso importante hacia la colaboraci\u00f3n interinstitucional y el intercambio de buenas pr\u00e1cticas en materia de vivienda en Colombia. De esta manera, se fortalecen las capacidades de las ciudades para dise\u00f1ar e implementar soluciones efectivas que beneficien a las familias, promoviendo viviendas dignas y accesibles en un contexto nacional desafiante. La cooperaci\u00f3n y el aprendizaje mutuo son clave para seguir avanzando.<\/p>\n","protected":false},"excerpt":{"rendered":"<p>La iniciativa fue suscrita por ciudades capitales durante un encuentro liderado la Secretar\u00eda Distrital de H\u00e1bitat de Bogot\u00e1. Como parte de este acuerdo, firm\u00f3 un memorando de entendimiento que le permitir\u00e1 la cooperaci\u00f3n entre las &#8230;<\/p>\n","protected":false},"author":21,"featured_media":403621,"comment_status":"open","ping_status":"open","sticky":false,"template":"","format":"standard","meta":[],"categories":[17],"tags":[634,442],"formato_nota":[],"programas_tax":[],"acf":[],"_links":{"self":[{"href":"https:\/\/www.medellin.gov.co\/es\/wp-json\/wp\/v2\/posts\/403675"}],"collection":[{"href":"https:\/\/www.medellin.gov.co\/es\/wp-json\/wp\/v2\/posts"}],"about":[{"href":"https:\/\/www.medellin.gov.co\/es\/wp-json\/wp\/v2\/types\/post"}],"author":[{"embeddable":true,"href":"https:\/\/www.medellin.gov.co\/es\/wp-json\/wp\/v2\/users\/21"}],"replies":[{"embeddable":true,"href":"https:\/\/www.medellin.gov.co\/es\/wp-json\/wp\/v2\/comments?post=403675"}],"version-history":[{"count":1,"href":"https:\/\/www.medellin.gov.co\/es\/wp-json\/wp\/v2\/posts\/403675\/revisions"}],"predecessor-version":[{"id":403694,"href":"https:\/\/www.medellin.gov.co\/es\/wp-json\/wp\/v2\/posts\/403675\/revisions\/403694"}],"wp:featuredmedia":[{"embeddable":true,"href":"https:\/\/www.medellin.gov.co\/es\/wp-json\/wp\/v2\/media\/403621"}],"wp:attachment":[{"href":"https:\/\/www.medellin.gov.co\/es\/wp-json\/wp\/v2\/media?parent=403675"}],"wp:term":[{"taxonomy":"category","embeddable":true,"href":"https:\/\/www.medellin.gov.co\/es\/wp-json\/wp\/v2\/categories?post=403675"},{"taxonomy":"post_tag","embeddable":true,"href":"https:\/\/www.medellin.gov.co\/es\/wp-json\/wp\/v2\/tags?post=403675"},{"taxonomy":"formato_nota","embeddable":true,"href":"https:\/\/www.medellin.gov.co\/es\/wp-json\/wp\/v2\/formato_nota?post=403675"},{"taxonomy":"programas_tax","embeddable":true,"href":"https:\/\/www.medellin.gov.co\/es\/wp-json\/wp\/v2\/programas_tax?post=403675"}],"curies":[{"name":"wp","href":"https:\/\/api.w.org\/{rel}","templated":true}]}}