{"id":403695,"date":"2025-04-28T16:06:27","date_gmt":"2025-04-28T21:06:27","guid":{"rendered":"https:\/\/www.medellin.gov.co\/es\/?p=403695"},"modified":"2025-04-28T16:06:27","modified_gmt":"2025-04-28T21:06:27","slug":"inician-las-ampliaciones-y-mantenimientos-de-los-jardines-infantiles-buen-comienzo-castilla-el-pinal-y-calazania","status":"publish","type":"post","link":"https:\/\/www.medellin.gov.co\/es\/sala-de-prensa\/noticias\/inician-las-ampliaciones-y-mantenimientos-de-los-jardines-infantiles-buen-comienzo-castilla-el-pinal-y-calazania\/","title":{"rendered":"Inician las ampliaciones y mantenimientos de los jardines infantiles Buen Comienzo Castilla, El Pinal y Calazan\u00eda"},"content":{"rendered":"<ul>\n<li>1.215 ni\u00f1as y ni\u00f1os, entre los 0 y 5 a\u00f1os, disfrutar\u00e1n de espacios renovados y salas de desarrollo para el aprendizaje.<\/li>\n<li>En estos tres jardines infantiles, la Administraci\u00f3n Distrital invierte $8.861 millones.<\/li>\n<\/ul>\n<!--[if lt IE 9]><script>document.createElement('audio');<\/script><![endif]-->\n\t<div class=\"wp-playlist wp-audio-playlist wp-playlist-light\">\n\t\t\t<div class=\"wp-playlist-current-item\"><\/div>\n\t\t<audio controls=\"controls\" preload=\"none\" width=\"640\"\n\t\t\t><\/audio>\n\t<div class=\"wp-playlist-next\"><\/div>\n\t<div class=\"wp-playlist-prev\"><\/div>\n\t<noscript>\n\t<ol>\n\t\t<li><a href='https:\/\/www.medellin.gov.co\/es\/wp-content\/uploads\/2025\/04\/Audio-Declaraciones-gerente-de-la-Empresa-de-Desarrollo-UrbanoEmiro-Valdes.mp3'>Audio Declaraciones gerente de la Empresa de Desarrollo Urbano, Emiro Vald\u00e9s<\/a><\/li><li><a href='https:\/\/www.medellin.gov.co\/es\/wp-content\/uploads\/2025\/04\/Audio-Declaraciones-directora-de-Buen-Comienzo-Diana-Carmona.mp3'>Audio Declaraciones directora de Buen Comienzo, Diana Carmona<\/a><\/li>\t<\/ol>\n\t<\/noscript>\n\t<script type=\"application\/json\" class=\"wp-playlist-script\">{\"type\":\"audio\",\"tracklist\":true,\"tracknumbers\":true,\"images\":true,\"artists\":true,\"tracks\":[{\"src\":\"https:\\\/\\\/www.medellin.gov.co\\\/es\\\/wp-content\\\/uploads\\\/2025\\\/04\\\/Audio-Declaraciones-gerente-de-la-Empresa-de-Desarrollo-UrbanoEmiro-Valdes.mp3\",\"type\":\"audio\\\/mpeg\",\"title\":\"Audio Declaraciones gerente de la Empresa de Desarrollo Urbano, Emiro Vald\\u00e9s\",\"caption\":\"Audio Declaraciones gerente de la Empresa de Desarrollo Urbano, Emiro Vald\\u00e9s\",\"description\":\"\\u00abAudio Declaraciones gerente de la Empresa de Desarrollo Urbano, Emiro Vald\\u00e9s\\u00bb. G\\u00e9nero: Blues.\",\"meta\":{\"genre\":\"Blues\",\"length_formatted\":\"0:58\"},\"image\":{\"src\":\"https:\\\/\\\/www.medellin.gov.co\\\/es\\\/wp-includes\\\/images\\\/media\\\/audio.png\",\"width\":48,\"height\":64},\"thumb\":{\"src\":\"https:\\\/\\\/www.medellin.gov.co\\\/es\\\/wp-includes\\\/images\\\/media\\\/audio.png\",\"width\":48,\"height\":64}},{\"src\":\"https:\\\/\\\/www.medellin.gov.co\\\/es\\\/wp-content\\\/uploads\\\/2025\\\/04\\\/Audio-Declaraciones-directora-de-Buen-Comienzo-Diana-Carmona.mp3\",\"type\":\"audio\\\/mpeg\",\"title\":\"Audio Declaraciones directora de Buen Comienzo, Diana Carmona\",\"caption\":\"Audio Declaraciones directora de Buen Comienzo, Diana Carmona\",\"description\":\"\\u00abAudio Declaraciones directora de Buen Comienzo, Diana Carmona\\u00bb. G\\u00e9nero: Blues.\",\"meta\":{\"genre\":\"Blues\",\"length_formatted\":\"0:41\"},\"image\":{\"src\":\"https:\\\/\\\/www.medellin.gov.co\\\/es\\\/wp-includes\\\/images\\\/media\\\/audio.png\",\"width\":48,\"height\":64},\"thumb\":{\"src\":\"https:\\\/\\\/www.medellin.gov.co\\\/es\\\/wp-includes\\\/images\\\/media\\\/audio.png\",\"width\":48,\"height\":64}}]}<\/script>\n<\/div>\n\t\n<p>En el compromiso por fortalecer la infraestructura y brindar espacios de calidad para la primera infancia, la Alcald\u00eda de Medell\u00edn inici\u00f3 las obras de ampliaci\u00f3n y mantenimiento de los jardines infantiles Buen Comienzo Castilla, El Pinal y Calazan\u00eda.<\/p>\n<p>Estas intervenciones permitir\u00e1n mejorar los espacios existentes y aumentar la capacidad, beneficiando a 1.215 ni\u00f1as y ni\u00f1os de las comunas 5-Castilla, 8-Villa Hermosa y el corregimiento San Crist\u00f3bal.<\/p>\n<p>\u201c<em>Como lo ha mencionado nuestro alcalde, Medell\u00edn est\u00e1 en obra. Queremos anunciar el inicio de las actividades de mantenimiento y ampliaci\u00f3n de estos tres jardines, inversi\u00f3n que hace parte del plan maestro de infraestructura de Buen Comienzo, que no solo contempla el mejoramiento sino la construcci\u00f3n de nuevos jardines infantiles<\/em>\u201d, asegur\u00f3 el gerente de la <a href=\"https:\/\/www.edu.gov.co\/\" target=\"_blank\" rel=\"noopener\">Empresa de Desarrollo Urbano<\/a>, Emiro Vald\u00e9s.<\/p>\n<p><a href=\"https:\/\/www.medellin.gov.co\/es\/wp-content\/uploads\/2025\/04\/Imagen-aerea-de-Buen-Comienzo-2.jpg\" target=\"_blank\" rel=\"noopener\"><img loading=\"lazy\" class=\"alignnone wp-image-403630 size-full\" src=\"https:\/\/www.medellin.gov.co\/es\/wp-content\/uploads\/2025\/04\/Imagen-aerea-de-Buen-Comienzo-2.jpg\" alt=\"Imagen panor\u00e1mica de Buen Comienzo 1\" width=\"1280\" height=\"720\" srcset=\"https:\/\/www.medellin.gov.co\/es\/wp-content\/uploads\/2025\/04\/Imagen-aerea-de-Buen-Comienzo-2.jpg 1280w, https:\/\/www.medellin.gov.co\/es\/wp-content\/uploads\/2025\/04\/Imagen-aerea-de-Buen-Comienzo-2-300x169.jpg 300w, https:\/\/www.medellin.gov.co\/es\/wp-content\/uploads\/2025\/04\/Imagen-aerea-de-Buen-Comienzo-2-1024x576.jpg 1024w, https:\/\/www.medellin.gov.co\/es\/wp-content\/uploads\/2025\/04\/Imagen-aerea-de-Buen-Comienzo-2-150x84.jpg 150w, https:\/\/www.medellin.gov.co\/es\/wp-content\/uploads\/2025\/04\/Imagen-aerea-de-Buen-Comienzo-2-768x432.jpg 768w\" sizes=\"(max-width: 1280px) 100vw, 1280px\" \/><\/a><\/p>\n<p>Las obras en Castilla contemplan la ampliaci\u00f3n de una sala de desarrollo de 72 metros cuadrados, un muro de contenci\u00f3n y el mantenimiento general de cubierta, paredes, puertas y ventanas; reposici\u00f3n de pisos; cambio de grifer\u00edas en ba\u00f1os y urbanismo. Esta ejecuci\u00f3n tiene un plazo de cuatro meses y una inversi\u00f3n de $1.809 millones. La ampliaci\u00f3n de este jard\u00edn ser\u00e1 para 25 ni\u00f1as y ni\u00f1os.<\/p>\n<p>\u201c<em>Hace 14 a\u00f1os estoy en este bello jard\u00edn y es como m\u00ed segundo hogar, tanto para nuestras ni\u00f1as y ni\u00f1os como para nosotras. Espero que se lo gocen los que ya entran y los que quedan, que nuestro jard\u00edn Castilla, Pedregal, es el mejor<\/em>\u00ab, dijo la agente educativa del JIBC Castilla, Beatriz Helena Zapata.<\/p>\n<p>El jard\u00edn infantil Buen Comienzo El Pinal se ampliar\u00e1 para 100 ni\u00f1as y ni\u00f1os de la comuna 8. Con una inversi\u00f3n de $4.002 millones, se construir\u00e1 un bloque de dos niveles: uno de ellos tendr\u00e1 cuatro salas de desarrollo y dos ba\u00f1os para ni\u00f1as y ni\u00f1os; el segundo nivel tendr\u00e1 una sala m\u00faltiple y dos ba\u00f1os para adultos. Los mantenimientos a la infraestructura existente estar\u00e1n enfocados en la cubierta, paredes, pisos, puertas y ventanas, con un plazo de seis meses.<\/p>\n<p><a href=\"https:\/\/www.medellin.gov.co\/es\/wp-content\/uploads\/2025\/04\/Imagen-obrero-trabajando-en-mejoras-de-Buen-Comienzo.jpg\" target=\"_blank\" rel=\"noopener\"><img loading=\"lazy\" class=\"alignnone wp-image-403653 size-full\" src=\"https:\/\/www.medellin.gov.co\/es\/wp-content\/uploads\/2025\/04\/Imagen-obrero-trabajando-en-mejoras-de-Buen-Comienzo.jpg\" alt=\"Imagen obrero trabajando en mejoras de Buen Comienzo\" width=\"1013\" height=\"760\" srcset=\"https:\/\/www.medellin.gov.co\/es\/wp-content\/uploads\/2025\/04\/Imagen-obrero-trabajando-en-mejoras-de-Buen-Comienzo.jpg 1013w, https:\/\/www.medellin.gov.co\/es\/wp-content\/uploads\/2025\/04\/Imagen-obrero-trabajando-en-mejoras-de-Buen-Comienzo-300x225.jpg 300w, https:\/\/www.medellin.gov.co\/es\/wp-content\/uploads\/2025\/04\/Imagen-obrero-trabajando-en-mejoras-de-Buen-Comienzo-150x113.jpg 150w, https:\/\/www.medellin.gov.co\/es\/wp-content\/uploads\/2025\/04\/Imagen-obrero-trabajando-en-mejoras-de-Buen-Comienzo-768x576.jpg 768w\" sizes=\"(max-width: 1013px) 100vw, 1013px\" \/><\/a><\/p>\n<p>Finalmente, el jard\u00edn infantil Buen Comienzo Calazan\u00eda en el corregimiento San Crist\u00f3bal se ampliar\u00e1 para 100 ni\u00f1as y ni\u00f1os, en el que se construir\u00e1n cinco salas de desarrollo de 50 metros cuadrados, ba\u00f1os, muro de contenci\u00f3n y mantenimiento general a la sede actual. La inversi\u00f3n ser\u00e1 de $3.048 millones.<\/p>\n<p>\u201c<em>Estas ampliaciones nos permitir\u00e1n aumentar la capacidad de atenci\u00f3n en las zonas de la ciudad donde m\u00e1s se necesita, garantizando adem\u00e1s sedes dignas y acogedoras para nuestras ni\u00f1as y ni\u00f1os<\/em>\u201d, resalt\u00f3 la directora de Buen Comienzo, Diana Carmona.<\/p>\n<p>La ampliaci\u00f3n y mejoramiento de estos jardines infantiles responde a la necesidad de brindar m\u00e1s oportunidades de educaci\u00f3n y cuidado a la primera infancia, fortaleciendo el acceso de ni\u00f1as y ni\u00f1os a espacios dignos, seguros y bien equipados.<\/p>\n","protected":false},"excerpt":{"rendered":"<p>1.215 ni\u00f1as y ni\u00f1os, entre los 0 y 5 a\u00f1os, disfrutar\u00e1n de espacios renovados y salas de desarrollo para el aprendizaje. En estos tres jardines infantiles, la Administraci\u00f3n Distrital invierte $8.861 millones. En el compromiso &#8230;<\/p>\n","protected":false},"author":21,"featured_media":403633,"comment_status":"open","ping_status":"open","sticky":false,"template":"","format":"standard","meta":[],"categories":[17,533],"tags":[634,431,442],"formato_nota":[],"programas_tax":[],"acf":[],"_links":{"self":[{"href":"https:\/\/www.medellin.gov.co\/es\/wp-json\/wp\/v2\/posts\/403695"}],"collection":[{"href":"https:\/\/www.medellin.gov.co\/es\/wp-json\/wp\/v2\/posts"}],"about":[{"href":"https:\/\/www.medellin.gov.co\/es\/wp-json\/wp\/v2\/types\/post"}],"author":[{"embeddable":true,"href":"https:\/\/www.medellin.gov.co\/es\/wp-json\/wp\/v2\/users\/21"}],"replies":[{"embeddable":true,"href":"https:\/\/www.medellin.gov.co\/es\/wp-json\/wp\/v2\/comments?post=403695"}],"version-history":[{"count":1,"href":"https:\/\/www.medellin.gov.co\/es\/wp-json\/wp\/v2\/posts\/403695\/revisions"}],"predecessor-version":[{"id":403698,"href":"https:\/\/www.medellin.gov.co\/es\/wp-json\/wp\/v2\/posts\/403695\/revisions\/403698"}],"wp:featuredmedia":[{"embeddable":true,"href":"https:\/\/www.medellin.gov.co\/es\/wp-json\/wp\/v2\/media\/403633"}],"wp:attachment":[{"href":"https:\/\/www.medellin.gov.co\/es\/wp-json\/wp\/v2\/media?parent=403695"}],"wp:term":[{"taxonomy":"category","embeddable":true,"href":"https:\/\/www.medellin.gov.co\/es\/wp-json\/wp\/v2\/categories?post=403695"},{"taxonomy":"post_tag","embeddable":true,"href":"https:\/\/www.medellin.gov.co\/es\/wp-json\/wp\/v2\/tags?post=403695"},{"taxonomy":"formato_nota","embeddable":true,"href":"https:\/\/www.medellin.gov.co\/es\/wp-json\/wp\/v2\/formato_nota?post=403695"},{"taxonomy":"programas_tax","embeddable":true,"href":"https:\/\/www.medellin.gov.co\/es\/wp-json\/wp\/v2\/programas_tax?post=403695"}],"curies":[{"name":"wp","href":"https:\/\/api.w.org\/{rel}","templated":true}]}}