{"id":403700,"date":"2025-04-28T16:18:30","date_gmt":"2025-04-28T21:18:30","guid":{"rendered":"https:\/\/www.medellin.gov.co\/es\/?p=403700"},"modified":"2025-04-28T16:18:30","modified_gmt":"2025-04-28T21:18:30","slug":"inicia-la-fase-para-que-las-comunidades-aporten-ideas-e-insumos-sobre-los-proyectos-en-que-se-invertira-el-presupuesto-participativo-en-medellin","status":"publish","type":"post","link":"https:\/\/www.medellin.gov.co\/es\/sala-de-prensa\/noticias\/inicia-la-fase-para-que-las-comunidades-aporten-ideas-e-insumos-sobre-los-proyectos-en-que-se-invertira-el-presupuesto-participativo-en-medellin\/","title":{"rendered":"Inicia la fase para que las comunidades aporten ideas e insumos sobre los proyectos en que se invertir\u00e1 el Presupuesto Participativo en Medell\u00edn"},"content":{"rendered":"<ul>\n<li>Una herramienta virtual, habilitada por la Alcald\u00eda, democratizar\u00e1 m\u00e1s el proceso.<\/li>\n<li>La ciudadan\u00eda podr\u00e1 aportar ideas sobre el uso del 5 % del presupuesto de inversi\u00f3n de cada comuna y corregimiento. Las personas mayores de 14 a\u00f1os pueden aportar sus propuestas.<\/li>\n<li>Los talleres presenciales se realizar\u00e1n del 27 de abril al 30 de junio y en mayo se har\u00e1n virtuales.<\/li>\n<\/ul>\n<!--[if lt IE 9]><script>document.createElement('audio');<\/script><![endif]-->\n\t<div class=\"wp-playlist wp-audio-playlist wp-playlist-light\">\n\t\t\t<div class=\"wp-playlist-current-item\"><\/div>\n\t\t<audio controls=\"controls\" preload=\"none\" width=\"640\"\n\t\t\t><\/audio>\n\t<div class=\"wp-playlist-next\"><\/div>\n\t<div class=\"wp-playlist-prev\"><\/div>\n\t<noscript>\n\t<ol>\n\t\t<li><a href='https:\/\/www.medellin.gov.co\/es\/wp-content\/uploads\/2025\/04\/Audio-Declaraciones-secretario-de-Participacion-Ciudadana-Camilo-Cano-Montoya.mp3'>Audio Declaraciones secretario de Participaci\u00f3n Ciudadana, Camilo Cano Montoya<\/a><\/li><li><a href='https:\/\/www.medellin.gov.co\/es\/wp-content\/uploads\/2025\/04\/Audio-Declaraciones-subdirector-de-Planeacion-Social-y-Economica-Alejandro-Osorio-Carmona.mp3'>Audio Declaraciones subdirector de Planeaci\u00f3n Social y Econ\u00f3mica, Alejandro Osorio Carmona<\/a><\/li>\t<\/ol>\n\t<\/noscript>\n\t<script type=\"application\/json\" class=\"wp-playlist-script\">{\"type\":\"audio\",\"tracklist\":true,\"tracknumbers\":true,\"images\":true,\"artists\":true,\"tracks\":[{\"src\":\"https:\\\/\\\/www.medellin.gov.co\\\/es\\\/wp-content\\\/uploads\\\/2025\\\/04\\\/Audio-Declaraciones-secretario-de-Participacion-Ciudadana-Camilo-Cano-Montoya.mp3\",\"type\":\"audio\\\/mpeg\",\"title\":\"Audio Declaraciones secretario de Participaci\\u00f3n Ciudadana, Camilo Cano Montoya\",\"caption\":\"Audio Declaraciones secretario de Participaci\\u00f3n Ciudadana, Camilo Cano Montoya\",\"description\":\"\\u00abAudio Declaraciones secretario de Participaci\\u00f3n Ciudadana, Camilo Cano Montoya\\u00bb. G\\u00e9nero: Blues.\",\"meta\":{\"genre\":\"Blues\",\"length_formatted\":\"0:59\"},\"image\":{\"src\":\"https:\\\/\\\/www.medellin.gov.co\\\/es\\\/wp-includes\\\/images\\\/media\\\/audio.png\",\"width\":48,\"height\":64},\"thumb\":{\"src\":\"https:\\\/\\\/www.medellin.gov.co\\\/es\\\/wp-includes\\\/images\\\/media\\\/audio.png\",\"width\":48,\"height\":64}},{\"src\":\"https:\\\/\\\/www.medellin.gov.co\\\/es\\\/wp-content\\\/uploads\\\/2025\\\/04\\\/Audio-Declaraciones-subdirector-de-Planeacion-Social-y-Economica-Alejandro-Osorio-Carmona.mp3\",\"type\":\"audio\\\/mpeg\",\"title\":\"Audio Declaraciones subdirector de Planeaci\\u00f3n Social y Econ\\u00f3mica, Alejandro Osorio Carmona\",\"caption\":\"Audio Declaraciones subdirector de Planeaci\\u00f3n Social y Econ\\u00f3mica, Alejandro Osorio Carmona\",\"description\":\"\\u00abAudio Declaraciones subdirector de Planeaci\\u00f3n Social y Econ\\u00f3mica, Alejandro Osorio Carmona\\u00bb. G\\u00e9nero: Blues.\",\"meta\":{\"genre\":\"Blues\",\"length_formatted\":\"1:11\"},\"image\":{\"src\":\"https:\\\/\\\/www.medellin.gov.co\\\/es\\\/wp-includes\\\/images\\\/media\\\/audio.png\",\"width\":48,\"height\":64},\"thumb\":{\"src\":\"https:\\\/\\\/www.medellin.gov.co\\\/es\\\/wp-includes\\\/images\\\/media\\\/audio.png\",\"width\":48,\"height\":64}}]}<\/script>\n<\/div>\n\t\n<p>Con la recolecci\u00f3n de insumos, la Alcald\u00eda de Medell\u00edn pone en marcha la fase de Planeaci\u00f3n Participativa, uno de los componentes de la Ruta Anual de Presupuesto Participativo 2025-2026. Este es un ejercicio que brinda la oportunidad de proponer, en temas como educaci\u00f3n, salud, cultura, infraestructura y medio ambiente, la inversi\u00f3n de los recursos p\u00fablicos en los territorios.<\/p>\n<p>En este sentido, se realizar\u00e1n Talleres de Recolecci\u00f3n de Insumos, espacios en los que podr\u00e1n aportar sus ideas y necesidades. Estos ser\u00e1n organizados por el Departamento Administrativo de Planeaci\u00f3n y la Secretar\u00eda de Participaci\u00f3n, en articulaci\u00f3n con diferentes dependencias y entes descentralizados.<\/p>\n<p><a href=\"https:\/\/www.medellin.gov.co\/es\/wp-content\/uploads\/2025\/04\/Imagen-funcionarios-en-reunion-con-la-comunidad-3.jpg\" target=\"_blank\" rel=\"noopener\"><img loading=\"lazy\" class=\"alignnone wp-image-403654 size-full\" src=\"https:\/\/www.medellin.gov.co\/es\/wp-content\/uploads\/2025\/04\/Imagen-funcionarios-en-reunion-con-la-comunidad-3.jpg\" alt=\"Imagen funcionarios en reuni\u00f3n con la comunidad\" width=\"1141\" height=\"760\" srcset=\"https:\/\/www.medellin.gov.co\/es\/wp-content\/uploads\/2025\/04\/Imagen-funcionarios-en-reunion-con-la-comunidad-3.jpg 1141w, https:\/\/www.medellin.gov.co\/es\/wp-content\/uploads\/2025\/04\/Imagen-funcionarios-en-reunion-con-la-comunidad-3-300x200.jpg 300w, https:\/\/www.medellin.gov.co\/es\/wp-content\/uploads\/2025\/04\/Imagen-funcionarios-en-reunion-con-la-comunidad-3-1024x682.jpg 1024w, https:\/\/www.medellin.gov.co\/es\/wp-content\/uploads\/2025\/04\/Imagen-funcionarios-en-reunion-con-la-comunidad-3-150x100.jpg 150w, https:\/\/www.medellin.gov.co\/es\/wp-content\/uploads\/2025\/04\/Imagen-funcionarios-en-reunion-con-la-comunidad-3-768x512.jpg 768w\" sizes=\"(max-width: 1141px) 100vw, 1141px\" \/><\/a><\/p>\n<p>\u00ab<em>Todas las personas mayores de 14 a\u00f1os van a poder dar sus ideas de qu\u00e9 creen que necesitan en sus comunas y los corregimientos, y en trabajo con la Administraci\u00f3n revisaremos cu\u00e1les son las ideas de proyectos que posteriormente podr\u00e1n ir en un tarjet\u00f3n para votaci\u00f3n. Este a\u00f1o se ejecutar\u00e1n $439.000 millones en proyectos muy importantes para la ciudad, como son los jardines Buen Comienzo, recreos deportivos, infraestructura vial, educaci\u00f3n superior, salud, inclusi\u00f3n, <a href=\"https:\/\/medellincerohambre.org\/\" target=\"_blank\" rel=\"noopener\">Alianza Cero Hambre<\/a><\/em>\u00ab, dijo el secretario de Participaci\u00f3n Ciudadana, Camilo Cano Montoya.<\/p>\n<p>Los aportes que se recojan ser\u00e1n utilizados como insumos para el dise\u00f1o de los planes que m\u00e1s adelante ser\u00e1n prevalecidos en la fase de Priorizaci\u00f3n Participativa de la Ruta de Planeaci\u00f3n Local y Presupuesto Participativo, en la que la comunidad decide el orden en que ser\u00e1n desarrollados en su comuna o corregimiento. Estos aportes no se someten a votaci\u00f3n ni son vinculantes, pero son una herramienta\u00a0fundamental para que las entidades conozcan, de primera mano, lo que la ciudadan\u00eda necesita.\u00a0Adem\u00e1s, para facilitar a\u00fan m\u00e1s la participaci\u00f3n, este a\u00f1o se habilitar\u00e1 un instrumento virtual que permitir\u00e1 seleccionar ideas y aportar informaci\u00f3n.<\/p>\n<p><a href=\"https:\/\/www.medellin.gov.co\/es\/wp-content\/uploads\/2025\/04\/Imagen-funcionarios-en-reunion-con-la-comunidad-2.jpg\" target=\"_blank\" rel=\"noopener\"><img loading=\"lazy\" class=\"alignnone wp-image-403656 size-full\" src=\"https:\/\/www.medellin.gov.co\/es\/wp-content\/uploads\/2025\/04\/Imagen-funcionarios-en-reunion-con-la-comunidad-2.jpg\" alt=\"Imagen funcionarios en reuni\u00f3n con la comunidad\" width=\"1013\" height=\"760\" srcset=\"https:\/\/www.medellin.gov.co\/es\/wp-content\/uploads\/2025\/04\/Imagen-funcionarios-en-reunion-con-la-comunidad-2.jpg 1013w, https:\/\/www.medellin.gov.co\/es\/wp-content\/uploads\/2025\/04\/Imagen-funcionarios-en-reunion-con-la-comunidad-2-300x225.jpg 300w, https:\/\/www.medellin.gov.co\/es\/wp-content\/uploads\/2025\/04\/Imagen-funcionarios-en-reunion-con-la-comunidad-2-150x113.jpg 150w, https:\/\/www.medellin.gov.co\/es\/wp-content\/uploads\/2025\/04\/Imagen-funcionarios-en-reunion-con-la-comunidad-2-768x576.jpg 768w\" sizes=\"(max-width: 1013px) 100vw, 1013px\" \/><\/a><\/p>\n<p>\u00ab<em>Habilitamos una herramienta virtual donde a trav\u00e9s de una plataforma que est\u00e1 conectada con la p\u00e1gina web del Distrito, los ciudadanos pueden acceder por comuna y corregimiento a su Plan de Desarrollo Local (PDL) y conocer las actividades, tambi\u00e9n, ingresar la ubicaci\u00f3n de sitios para intervenci\u00f3n de cada uno, y los proyectos que van para el tarjet\u00f3n de Presupuesto Participativo. Hay algo novedoso, y es que las personas van a poder subir hasta fotos (\u2026) eso profundiza la democracia local y permite que la planeaci\u00f3n se fortalezca desde el barrio, desde la cuadra, hasta llegar a instrumentos tan poderosos como el PDL<\/em>\u00ab, asegur\u00f3 el subdirector de Planeaci\u00f3n Social y Econ\u00f3mica, Alejandro Osorio Carmona.<\/p>\n<p>Los talleres presenciales se realizar\u00e1n en cada comuna y corregimiento e ir\u00e1n hasta el 30 de junio. No se requiere inscripci\u00f3n previa ni un n\u00famero m\u00ednimo de participantes.<\/p>\n","protected":false},"excerpt":{"rendered":"<p>Una herramienta virtual, habilitada por la Alcald\u00eda, democratizar\u00e1 m\u00e1s el proceso. La ciudadan\u00eda podr\u00e1 aportar ideas sobre el uso del 5 % del presupuesto de inversi\u00f3n de cada comuna y corregimiento. Las personas mayores de &#8230;<\/p>\n","protected":false},"author":21,"featured_media":403614,"comment_status":"open","ping_status":"open","sticky":false,"template":"","format":"standard","meta":[],"categories":[16],"tags":[450,427],"formato_nota":[],"programas_tax":[],"acf":[],"_links":{"self":[{"href":"https:\/\/www.medellin.gov.co\/es\/wp-json\/wp\/v2\/posts\/403700"}],"collection":[{"href":"https:\/\/www.medellin.gov.co\/es\/wp-json\/wp\/v2\/posts"}],"about":[{"href":"https:\/\/www.medellin.gov.co\/es\/wp-json\/wp\/v2\/types\/post"}],"author":[{"embeddable":true,"href":"https:\/\/www.medellin.gov.co\/es\/wp-json\/wp\/v2\/users\/21"}],"replies":[{"embeddable":true,"href":"https:\/\/www.medellin.gov.co\/es\/wp-json\/wp\/v2\/comments?post=403700"}],"version-history":[{"count":1,"href":"https:\/\/www.medellin.gov.co\/es\/wp-json\/wp\/v2\/posts\/403700\/revisions"}],"predecessor-version":[{"id":403706,"href":"https:\/\/www.medellin.gov.co\/es\/wp-json\/wp\/v2\/posts\/403700\/revisions\/403706"}],"wp:featuredmedia":[{"embeddable":true,"href":"https:\/\/www.medellin.gov.co\/es\/wp-json\/wp\/v2\/media\/403614"}],"wp:attachment":[{"href":"https:\/\/www.medellin.gov.co\/es\/wp-json\/wp\/v2\/media?parent=403700"}],"wp:term":[{"taxonomy":"category","embeddable":true,"href":"https:\/\/www.medellin.gov.co\/es\/wp-json\/wp\/v2\/categories?post=403700"},{"taxonomy":"post_tag","embeddable":true,"href":"https:\/\/www.medellin.gov.co\/es\/wp-json\/wp\/v2\/tags?post=403700"},{"taxonomy":"formato_nota","embeddable":true,"href":"https:\/\/www.medellin.gov.co\/es\/wp-json\/wp\/v2\/formato_nota?post=403700"},{"taxonomy":"programas_tax","embeddable":true,"href":"https:\/\/www.medellin.gov.co\/es\/wp-json\/wp\/v2\/programas_tax?post=403700"}],"curies":[{"name":"wp","href":"https:\/\/api.w.org\/{rel}","templated":true}]}}