{"id":403860,"date":"2025-04-29T11:02:43","date_gmt":"2025-04-29T16:02:43","guid":{"rendered":"https:\/\/www.medellin.gov.co\/es\/?p=403860"},"modified":"2025-04-29T11:02:43","modified_gmt":"2025-04-29T16:02:43","slug":"medellin-consolida-su-liderazgo-en-seguridad-con-historica-baja-de-hurtos","status":"publish","type":"post","link":"https:\/\/www.medellin.gov.co\/es\/sala-de-prensa\/noticias\/medellin-consolida-su-liderazgo-en-seguridad-con-historica-baja-de-hurtos\/","title":{"rendered":"Medell\u00edn consolida su liderazgo en seguridad con hist\u00f3rica baja de hurtos"},"content":{"rendered":"<ul>\n<li>El atraco, una de las modalidades m\u00e1s frecuentes, baj\u00f3 43 % frente al a\u00f1o anterior.<\/li>\n<li>Tambi\u00e9n, se registraron reducciones en cosquilleo (25 %), tizonazo (34 %) y hurto por enga\u00f1o (42 %).<\/li>\n<li>El uso de armas de fuego y cortopunzantes en estos delitos tambi\u00e9n disminuy\u00f3 significativamente.<\/li>\n<\/ul>\n<!--[if lt IE 9]><script>document.createElement('audio');<\/script><![endif]-->\n\t<div class=\"wp-playlist wp-audio-playlist wp-playlist-light\">\n\t\t\t<div class=\"wp-playlist-current-item\"><\/div>\n\t\t<audio controls=\"controls\" preload=\"none\" width=\"640\"\n\t\t\t><\/audio>\n\t<div class=\"wp-playlist-next\"><\/div>\n\t<div class=\"wp-playlist-prev\"><\/div>\n\t<noscript>\n\t<ol>\n\t\t<li><a href='https:\/\/www.medellin.gov.co\/es\/wp-content\/uploads\/2025\/04\/Audio-declaraciones-secretario-de-Seguridad-y-Convivencia-Manuel-Villa-Mejia-01.mp3'>Audio declaraciones secretario de Seguridad y Convivencia, Manuel Villa Mej\u00eda 01<\/a><\/li>\t<\/ol>\n\t<\/noscript>\n\t<script type=\"application\/json\" class=\"wp-playlist-script\">{\"type\":\"audio\",\"tracklist\":true,\"tracknumbers\":true,\"images\":true,\"artists\":true,\"tracks\":[{\"src\":\"https:\\\/\\\/www.medellin.gov.co\\\/es\\\/wp-content\\\/uploads\\\/2025\\\/04\\\/Audio-declaraciones-secretario-de-Seguridad-y-Convivencia-Manuel-Villa-Mejia-01.mp3\",\"type\":\"audio\\\/mpeg\",\"title\":\"Audio declaraciones secretario de Seguridad y Convivencia, Manuel Villa Mej\\u00eda 01\",\"caption\":\"Declaraciones secretario de Seguridad y Convivencia, Manuel Villa Mej\\u00eda 01\",\"description\":\"\\u00abAudio declaraciones secretario de Seguridad y Convivencia, Manuel Villa Mej\\u00eda 01\\u00bb. G\\u00e9nero: Blues.\",\"meta\":{\"genre\":\"Blues\",\"length_formatted\":\"2:24\"},\"image\":{\"src\":\"https:\\\/\\\/www.medellin.gov.co\\\/es\\\/wp-includes\\\/images\\\/media\\\/audio.png\",\"width\":48,\"height\":64},\"thumb\":{\"src\":\"https:\\\/\\\/www.medellin.gov.co\\\/es\\\/wp-includes\\\/images\\\/media\\\/audio.png\",\"width\":48,\"height\":64}}]}<\/script>\n<\/div>\n\t\n<p>Gracias a una estrategia articulada entre la Alcald\u00eda de Medell\u00edn, la Polic\u00eda Metropolitana, el Ej\u00e9rcito Nacional y la <a href=\"http:\/\/www.fiscalia.gov.co\/\" target=\"_blank\" rel=\"noopener\">Fiscal\u00eda General de la Naci\u00f3n<\/a>, la ciudad registra durante 2025 una disminuci\u00f3n hist\u00f3rica en todas las modalidades de hurto a personas. Esta tendencia positiva confirma el impacto de la pol\u00edtica de seguridad que se ha implementado bajo el modelo de autoridad, tecnolog\u00eda y presencia territorial.<\/p>\n<p>Entre las cifras m\u00e1s destacadas est\u00e1 la reducci\u00f3n de 43 % en casos de atraco, al pasar de 3.240 en 2024 a 1.838 este a\u00f1o. Igualmente, el cosquilleo baj\u00f3 de 1.409 a 1.035 casos (25 %), el raponazo de 712 a 469 casos (34 %) y el hurto por descuido pas\u00f3 de 1.834 a 1.201 (35 %). Adem\u00e1s, modalidades especialmente sensibles, como el hurto mediante escopolamina, se redujeron en 54 %, y el hurto por enga\u00f1o en 42 %.<\/p>\n<div id=\"attachment_403867\" style=\"width: 1290px\" class=\"wp-caption alignnone\"><a href=\"https:\/\/www.medellin.gov.co\/es\/wp-content\/uploads\/2025\/04\/Imagen-policias-monitoreando-en-puesto-de-control-del-123-1.jpg\" target=\"_blank\" rel=\"noopener\"><img aria-describedby=\"caption-attachment-403867\" loading=\"lazy\" class=\"wp-image-403867 size-full\" src=\"https:\/\/www.medellin.gov.co\/es\/wp-content\/uploads\/2025\/04\/Imagen-policias-monitoreando-en-puesto-de-control-del-123-1.jpg\" alt=\"Imagen polic\u00edas monitoreando en pesto de control del 123\" width=\"1280\" height=\"720\" srcset=\"https:\/\/www.medellin.gov.co\/es\/wp-content\/uploads\/2025\/04\/Imagen-policias-monitoreando-en-puesto-de-control-del-123-1.jpg 1280w, https:\/\/www.medellin.gov.co\/es\/wp-content\/uploads\/2025\/04\/Imagen-policias-monitoreando-en-puesto-de-control-del-123-1-300x169.jpg 300w, https:\/\/www.medellin.gov.co\/es\/wp-content\/uploads\/2025\/04\/Imagen-policias-monitoreando-en-puesto-de-control-del-123-1-1024x576.jpg 1024w, https:\/\/www.medellin.gov.co\/es\/wp-content\/uploads\/2025\/04\/Imagen-policias-monitoreando-en-puesto-de-control-del-123-1-150x84.jpg 150w, https:\/\/www.medellin.gov.co\/es\/wp-content\/uploads\/2025\/04\/Imagen-policias-monitoreando-en-puesto-de-control-del-123-1-768x432.jpg 768w\" sizes=\"(max-width: 1280px) 100vw, 1280px\" \/><\/a><p id=\"caption-attachment-403867\" class=\"wp-caption-text\">Imagen polic\u00edas monitoreando en pesto de control del 123<\/p><\/div>\n<p>\u201c<em>Estas cifras demuestran que Medell\u00edn est\u00e1 avanzando en la lucha contra el delito. No solo hemos reducido los hurtos, tambi\u00e9n hemos disminuido su nivel de violencia. Hoy, los ciudadanos pueden caminar con mayor tranquilidad porque hay una institucionalidad que no baja la guardia<\/em>\u201d, afirm\u00f3 el secretario de Seguridad y Convivencia, Manuel Villa Mej\u00eda.<\/p>\n<p>Los hurtos con armas tambi\u00e9n registraron reducciones: con arma de fuego cayeron 45 % (de 1.398 a 770 casos), con arma cortopunzante 36 % (de 1.124 a 718), con escopolamina 41 % (de 164 a 96) y con objeto contundente 36 % (de 96 a 60 casos).<\/p>\n<p>La individualizaci\u00f3n de 351 presuntos delincuentes, as\u00ed como la recuperaci\u00f3n de 1.728 motocicletas y 314 veh\u00edculos robados, son parte de los resultados operativos m\u00e1s destacados en lo que va del a\u00f1o.<\/p>\n<div id=\"attachment_403865\" style=\"width: 1290px\" class=\"wp-caption alignnone\"><a href=\"https:\/\/www.medellin.gov.co\/es\/wp-content\/uploads\/2025\/04\/Imagen-policias-monitoreando-en-puesto-de-control-del-123-2.jpg\" target=\"_blank\" rel=\"noopener\"><img aria-describedby=\"caption-attachment-403865\" loading=\"lazy\" class=\"wp-image-403865 size-full\" src=\"https:\/\/www.medellin.gov.co\/es\/wp-content\/uploads\/2025\/04\/Imagen-policias-monitoreando-en-puesto-de-control-del-123-2.jpg\" alt=\"Imagen polic\u00edas monitoreando en pesto de control del 123\" width=\"1280\" height=\"720\" srcset=\"https:\/\/www.medellin.gov.co\/es\/wp-content\/uploads\/2025\/04\/Imagen-policias-monitoreando-en-puesto-de-control-del-123-2.jpg 1280w, https:\/\/www.medellin.gov.co\/es\/wp-content\/uploads\/2025\/04\/Imagen-policias-monitoreando-en-puesto-de-control-del-123-2-300x169.jpg 300w, https:\/\/www.medellin.gov.co\/es\/wp-content\/uploads\/2025\/04\/Imagen-policias-monitoreando-en-puesto-de-control-del-123-2-1024x576.jpg 1024w, https:\/\/www.medellin.gov.co\/es\/wp-content\/uploads\/2025\/04\/Imagen-policias-monitoreando-en-puesto-de-control-del-123-2-150x84.jpg 150w, https:\/\/www.medellin.gov.co\/es\/wp-content\/uploads\/2025\/04\/Imagen-policias-monitoreando-en-puesto-de-control-del-123-2-768x432.jpg 768w\" sizes=\"(max-width: 1280px) 100vw, 1280px\" \/><\/a><p id=\"caption-attachment-403865\" class=\"wp-caption-text\">Imagen polic\u00edas monitoreando en pesto de control del 123<\/p><\/div>\n<p>\u201c<em>La creaci\u00f3n de la Central Estrat\u00e9gica y Tecnol\u00f3gica Contra el Atraco (CECAT) y el despliegue de planes como \u00c1guila, Cazador, Bloqueo, Marcador y Tanqueo han sido determinantes para enfrentar el hurto. Estas acciones, junto al monitoreo con c\u00e1maras LPR, el fortalecimiento del sistema 123 y una coordinaci\u00f3n efectiva con nuestras fuerzas de seguridad, nos han permitido anticiparnos al delito y responder con contundencia<\/em>\u201d, concluy\u00f3 el secretario.<\/p>\n","protected":false},"excerpt":{"rendered":"<p>El atraco, una de las modalidades m\u00e1s frecuentes, baj\u00f3 43 % frente al a\u00f1o anterior. Tambi\u00e9n, se registraron reducciones en cosquilleo (25 %), tizonazo (34 %) y hurto por enga\u00f1o (42 %). El uso de &#8230;<\/p>\n","protected":false},"author":21,"featured_media":403864,"comment_status":"open","ping_status":"open","sticky":false,"template":"","format":"standard","meta":[],"categories":[21],"tags":[619],"formato_nota":[],"programas_tax":[],"acf":[],"_links":{"self":[{"href":"https:\/\/www.medellin.gov.co\/es\/wp-json\/wp\/v2\/posts\/403860"}],"collection":[{"href":"https:\/\/www.medellin.gov.co\/es\/wp-json\/wp\/v2\/posts"}],"about":[{"href":"https:\/\/www.medellin.gov.co\/es\/wp-json\/wp\/v2\/types\/post"}],"author":[{"embeddable":true,"href":"https:\/\/www.medellin.gov.co\/es\/wp-json\/wp\/v2\/users\/21"}],"replies":[{"embeddable":true,"href":"https:\/\/www.medellin.gov.co\/es\/wp-json\/wp\/v2\/comments?post=403860"}],"version-history":[{"count":1,"href":"https:\/\/www.medellin.gov.co\/es\/wp-json\/wp\/v2\/posts\/403860\/revisions"}],"predecessor-version":[{"id":403870,"href":"https:\/\/www.medellin.gov.co\/es\/wp-json\/wp\/v2\/posts\/403860\/revisions\/403870"}],"wp:featuredmedia":[{"embeddable":true,"href":"https:\/\/www.medellin.gov.co\/es\/wp-json\/wp\/v2\/media\/403864"}],"wp:attachment":[{"href":"https:\/\/www.medellin.gov.co\/es\/wp-json\/wp\/v2\/media?parent=403860"}],"wp:term":[{"taxonomy":"category","embeddable":true,"href":"https:\/\/www.medellin.gov.co\/es\/wp-json\/wp\/v2\/categories?post=403860"},{"taxonomy":"post_tag","embeddable":true,"href":"https:\/\/www.medellin.gov.co\/es\/wp-json\/wp\/v2\/tags?post=403860"},{"taxonomy":"formato_nota","embeddable":true,"href":"https:\/\/www.medellin.gov.co\/es\/wp-json\/wp\/v2\/formato_nota?post=403860"},{"taxonomy":"programas_tax","embeddable":true,"href":"https:\/\/www.medellin.gov.co\/es\/wp-json\/wp\/v2\/programas_tax?post=403860"}],"curies":[{"name":"wp","href":"https:\/\/api.w.org\/{rel}","templated":true}]}}