{"id":403893,"date":"2025-04-29T14:30:46","date_gmt":"2025-04-29T19:30:46","guid":{"rendered":"https:\/\/www.medellin.gov.co\/es\/?p=403893"},"modified":"2025-04-29T14:30:46","modified_gmt":"2025-04-29T19:30:46","slug":"estamos-en-emergencia-por-las-fuertes-lluvias-en-altavista-y-seguira-lloviendo","status":"publish","type":"post","link":"https:\/\/www.medellin.gov.co\/es\/sala-de-prensa\/noticias\/estamos-en-emergencia-por-las-fuertes-lluvias-en-altavista-y-seguira-lloviendo\/","title":{"rendered":"\u00abEstamos en emergencia por las fuertes lluvias y seguir\u00e1 lloviendo. Llamamos a la solidaridad, son muchas las personas afectadas\u00bb: alcalde Federico Guti\u00e9rrez Zuluaga"},"content":{"rendered":"<ul>\n<li>Las dependencias del Distrito atienden emergencias en Altavista y diferentes puntos de la ciudad.<\/li>\n<li>Se invita a la solidaridad mediante la donaci\u00f3n de ayudas para las personas damnificadas.<\/li>\n<li>Las autoridades reportaron el hallazgo de una mujer de 37 a\u00f1os en Altavista. Sigue la b\u00fasqueda de su hijo de 13 a\u00f1os.<\/li>\n<\/ul>\n<!--[if lt IE 9]><script>document.createElement('audio');<\/script><![endif]-->\n\t<div class=\"wp-playlist wp-audio-playlist wp-playlist-light\">\n\t\t\t<div class=\"wp-playlist-current-item\"><\/div>\n\t\t<audio controls=\"controls\" preload=\"none\" width=\"640\"\n\t\t\t><\/audio>\n\t<div class=\"wp-playlist-next\"><\/div>\n\t<div class=\"wp-playlist-prev\"><\/div>\n\t<noscript>\n\t<ol>\n\t\t<li><a href='https:\/\/www.medellin.gov.co\/es\/wp-content\/uploads\/2025\/04\/Declaraciones-del-alcalde-de-Medellin-Federico-Gutierrez.mp3'>Audio Declaraciones del alcalde de Medell\u00edn, Federico Guti\u00e9rrez<\/a><\/li>\t<\/ol>\n\t<\/noscript>\n\t<script type=\"application\/json\" class=\"wp-playlist-script\">{\"type\":\"audio\",\"tracklist\":true,\"tracknumbers\":true,\"images\":true,\"artists\":true,\"tracks\":[{\"src\":\"https:\\\/\\\/www.medellin.gov.co\\\/es\\\/wp-content\\\/uploads\\\/2025\\\/04\\\/Declaraciones-del-alcalde-de-Medellin-Federico-Gutierrez.mp3\",\"type\":\"audio\\\/mpeg\",\"title\":\"Audio Declaraciones del alcalde de Medell\\u00edn, Federico Guti\\u00e9rrez\",\"caption\":\"Declaraciones del alcalde de Medell\\u00edn, Federico Guti\\u00e9rrez\",\"description\":\"\\u00abAudio Declaraciones del alcalde de Medell\\u00edn, Federico Guti\\u00e9rrez\\u00bb.\",\"meta\":{\"year\":\"2025\",\"length_formatted\":\"6:53\"},\"image\":{\"src\":\"https:\\\/\\\/www.medellin.gov.co\\\/es\\\/wp-includes\\\/images\\\/media\\\/audio.png\",\"width\":48,\"height\":64},\"thumb\":{\"src\":\"https:\\\/\\\/www.medellin.gov.co\\\/es\\\/wp-includes\\\/images\\\/media\\\/audio.png\",\"width\":48,\"height\":64}}]}<\/script>\n<\/div>\n\t\n<p>La Administraci\u00f3n Distrital hace presencia en territorio para acompa\u00f1ar y ofrecer alternativas a las familias afectadas por la situaci\u00f3n invernal. Uno de los hechos m\u00e1s cr\u00edticos se registr\u00f3 en la vereda El Manzanillo del corregimiento de Altavista, donde se encuentra el alcalde Federico Guti\u00e9rrez Zuluaga. Se registran dos viviendas colapsadas y cerca de 40 afectadas.<\/p>\n<p>\u201c<em>Tenemos una persona fallecida: Julieth Arboleda L\u00f3pez, de 37 a\u00f1os. Su hijo Jos\u00e9 Miguel, de 13 a\u00f1os, est\u00e1 desaparecido. Por un deslizamiento en la parte alta se gener\u00f3 un represamiento que luego cay\u00f3 en la quebrada La Guayabala y se lleva por delante esta vivienda, donde viv\u00edan cinco personas, tres est\u00e1n a salvo<\/em>\u201d, inform\u00f3 el mandatario.<\/p>\n\n\t\t<style type=\"text\/css\">\n\t\t\t#gallery-1 {\n\t\t\t\tmargin: auto;\n\t\t\t}\n\t\t\t#gallery-1 .gallery-item {\n\t\t\t\tfloat: left;\n\t\t\t\tmargin-top: 10px;\n\t\t\t\ttext-align: center;\n\t\t\t\twidth: 50%;\n\t\t\t}\n\t\t\t#gallery-1 img {\n\t\t\t\tborder: 2px solid #cfcfcf;\n\t\t\t}\n\t\t\t#gallery-1 .gallery-caption {\n\t\t\t\tmargin-left: 0;\n\t\t\t}\n\t\t\t\/* see gallery_shortcode() in wp-includes\/media.php *\/\n\t\t<\/style>\n\t\t<div id='gallery-1' class='gallery galleryid-403893 gallery-columns-2 gallery-size-full'><dl class='gallery-item'>\n\t\t\t<dt class='gallery-icon landscape'>\n\t\t\t\t<a href='https:\/\/www.medellin.gov.co\/es\/sala-de-prensa\/noticias\/estamos-en-emergencia-por-las-fuertes-lluvias-en-altavista-y-seguira-lloviendo\/imagen-panoramica-de-afectaciones-por-lluvias-en-altavista-1\/'><img width=\"1280\" height=\"720\" src=\"https:\/\/www.medellin.gov.co\/es\/wp-content\/uploads\/2025\/04\/Imagen-panoramica-de-afectaciones-por-lluvias-en-Altavista-1.jpg\" class=\"attachment-full size-full\" alt=\"Imagen panor\u00e1mica de afectaciones por lluvias en Altavista 1\" loading=\"lazy\" srcset=\"https:\/\/www.medellin.gov.co\/es\/wp-content\/uploads\/2025\/04\/Imagen-panoramica-de-afectaciones-por-lluvias-en-Altavista-1.jpg 1280w, https:\/\/www.medellin.gov.co\/es\/wp-content\/uploads\/2025\/04\/Imagen-panoramica-de-afectaciones-por-lluvias-en-Altavista-1-300x169.jpg 300w, https:\/\/www.medellin.gov.co\/es\/wp-content\/uploads\/2025\/04\/Imagen-panoramica-de-afectaciones-por-lluvias-en-Altavista-1-1024x576.jpg 1024w, https:\/\/www.medellin.gov.co\/es\/wp-content\/uploads\/2025\/04\/Imagen-panoramica-de-afectaciones-por-lluvias-en-Altavista-1-150x84.jpg 150w, https:\/\/www.medellin.gov.co\/es\/wp-content\/uploads\/2025\/04\/Imagen-panoramica-de-afectaciones-por-lluvias-en-Altavista-1-768x432.jpg 768w\" sizes=\"(max-width: 1280px) 100vw, 1280px\" \/><\/a>\n\t\t\t<\/dt><\/dl><dl class='gallery-item'>\n\t\t\t<dt class='gallery-icon landscape'>\n\t\t\t\t<a href='https:\/\/www.medellin.gov.co\/es\/sala-de-prensa\/noticias\/estamos-en-emergencia-por-las-fuertes-lluvias-en-altavista-y-seguira-lloviendo\/imagen-panoramica-de-afectaciones-por-lluvias-en-altavista-2\/'><img width=\"1280\" height=\"720\" src=\"https:\/\/www.medellin.gov.co\/es\/wp-content\/uploads\/2025\/04\/Imagen-panoramica-de-afectaciones-por-lluvias-en-Altavista-2.jpg\" class=\"attachment-full size-full\" alt=\"Imagen panor\u00e1mica de afectaciones por lluvias en Altavista 1\" loading=\"lazy\" srcset=\"https:\/\/www.medellin.gov.co\/es\/wp-content\/uploads\/2025\/04\/Imagen-panoramica-de-afectaciones-por-lluvias-en-Altavista-2.jpg 1280w, https:\/\/www.medellin.gov.co\/es\/wp-content\/uploads\/2025\/04\/Imagen-panoramica-de-afectaciones-por-lluvias-en-Altavista-2-300x169.jpg 300w, https:\/\/www.medellin.gov.co\/es\/wp-content\/uploads\/2025\/04\/Imagen-panoramica-de-afectaciones-por-lluvias-en-Altavista-2-1024x576.jpg 1024w, https:\/\/www.medellin.gov.co\/es\/wp-content\/uploads\/2025\/04\/Imagen-panoramica-de-afectaciones-por-lluvias-en-Altavista-2-150x84.jpg 150w, https:\/\/www.medellin.gov.co\/es\/wp-content\/uploads\/2025\/04\/Imagen-panoramica-de-afectaciones-por-lluvias-en-Altavista-2-768x432.jpg 768w\" sizes=\"(max-width: 1280px) 100vw, 1280px\" \/><\/a>\n\t\t\t<\/dt><\/dl><br style=\"clear: both\" \/>\n\t\t<\/div>\n\n<p>Los organismos de socorro contin\u00faan las labores de b\u00fasqueda del menor desaparecido, mientras que los familiares reciben acompa\u00f1amiento psicosocial. En el sitio, 50 integrantes de bomberos, <a href=\"https:\/\/www.policia.gov.co\/index.php\/ciudades\/medellin\" target=\"_blank\" rel=\"noopener\">Polic\u00eda<\/a> y entidades del Distrito atienden la emergencia en la vereda El Manzanillo.<\/p>\n<p>Como consecuencia de la carga de quebradas como Potrerito, La Guayabala y Altavista, las autoridades reportan inundaciones en Bel\u00e9n, Guayabal, la carrera 70, calle 30 y el soterrado Parques del R\u00edo.<\/p>\n<p>Durante la temporada seca, la Alcald\u00eda de Medell\u00edn adelant\u00f3 limpieza en las quebradas para mitigar situaciones de riesgo. Ante estos hechos, se mantiene el llamado a la colaboraci\u00f3n ciudadana. \u201c<em>Las quebradas no son botaderos de basura, no pueden ser dep\u00f3sitos de muebles, ni de bicicletas viejas, sanitarios o de colchones. Es incre\u00edble ver, cada que hay una inundaci\u00f3n, todo lo que encontramos en las quebradas<\/em>\u201d, agreg\u00f3 Guti\u00e9rrez Zuluaga.<\/p>\n\n\t\t<style type=\"text\/css\">\n\t\t\t#gallery-2 {\n\t\t\t\tmargin: auto;\n\t\t\t}\n\t\t\t#gallery-2 .gallery-item {\n\t\t\t\tfloat: left;\n\t\t\t\tmargin-top: 10px;\n\t\t\t\ttext-align: center;\n\t\t\t\twidth: 50%;\n\t\t\t}\n\t\t\t#gallery-2 img {\n\t\t\t\tborder: 2px solid #cfcfcf;\n\t\t\t}\n\t\t\t#gallery-2 .gallery-caption {\n\t\t\t\tmargin-left: 0;\n\t\t\t}\n\t\t\t\/* see gallery_shortcode() in wp-includes\/media.php *\/\n\t\t<\/style>\n\t\t<div id='gallery-2' class='gallery galleryid-403893 gallery-columns-2 gallery-size-full'><dl class='gallery-item'>\n\t\t\t<dt class='gallery-icon landscape'>\n\t\t\t\t<a href='https:\/\/www.medellin.gov.co\/es\/sala-de-prensa\/noticias\/estamos-en-emergencia-por-las-fuertes-lluvias-en-altavista-y-seguira-lloviendo\/imagen-alcalde-atiende-medios-de-comunicacion-en-zona-afectada-por-lluvias-en-altavista\/'><img width=\"1141\" height=\"760\" src=\"https:\/\/www.medellin.gov.co\/es\/wp-content\/uploads\/2025\/04\/Imagen-alcalde-atiende-medios-de-comunicacion-en-zona-afectada-por-lluvias-en-Altavista.jpg\" class=\"attachment-full size-full\" alt=\"Imagen alcalde atiende medios de comunicacion en zona afectada por lluvias en Altavista\" loading=\"lazy\" srcset=\"https:\/\/www.medellin.gov.co\/es\/wp-content\/uploads\/2025\/04\/Imagen-alcalde-atiende-medios-de-comunicacion-en-zona-afectada-por-lluvias-en-Altavista.jpg 1141w, https:\/\/www.medellin.gov.co\/es\/wp-content\/uploads\/2025\/04\/Imagen-alcalde-atiende-medios-de-comunicacion-en-zona-afectada-por-lluvias-en-Altavista-300x200.jpg 300w, https:\/\/www.medellin.gov.co\/es\/wp-content\/uploads\/2025\/04\/Imagen-alcalde-atiende-medios-de-comunicacion-en-zona-afectada-por-lluvias-en-Altavista-1024x682.jpg 1024w, https:\/\/www.medellin.gov.co\/es\/wp-content\/uploads\/2025\/04\/Imagen-alcalde-atiende-medios-de-comunicacion-en-zona-afectada-por-lluvias-en-Altavista-150x100.jpg 150w, https:\/\/www.medellin.gov.co\/es\/wp-content\/uploads\/2025\/04\/Imagen-alcalde-atiende-medios-de-comunicacion-en-zona-afectada-por-lluvias-en-Altavista-768x512.jpg 768w\" sizes=\"(max-width: 1141px) 100vw, 1141px\" \/><\/a>\n\t\t\t<\/dt><\/dl><dl class='gallery-item'>\n\t\t\t<dt class='gallery-icon landscape'>\n\t\t\t\t<a href='https:\/\/www.medellin.gov.co\/es\/sala-de-prensa\/noticias\/estamos-en-emergencia-por-las-fuertes-lluvias-en-altavista-y-seguira-lloviendo\/imagen-alcalde-saluda-a-bomberos-que-atienden-damnificados-por-lluvias-en-altavista\/'><img width=\"1141\" height=\"760\" src=\"https:\/\/www.medellin.gov.co\/es\/wp-content\/uploads\/2025\/04\/Imagen-alcalde-saluda-a-bomberos-que-atienden-damnificados-por-lluvias-en-Altavista.jpg\" class=\"attachment-full size-full\" alt=\"Imagen alcalde saluda a bomberos que atienden damnificados por lluvias en Altavista\" loading=\"lazy\" srcset=\"https:\/\/www.medellin.gov.co\/es\/wp-content\/uploads\/2025\/04\/Imagen-alcalde-saluda-a-bomberos-que-atienden-damnificados-por-lluvias-en-Altavista.jpg 1141w, https:\/\/www.medellin.gov.co\/es\/wp-content\/uploads\/2025\/04\/Imagen-alcalde-saluda-a-bomberos-que-atienden-damnificados-por-lluvias-en-Altavista-300x200.jpg 300w, https:\/\/www.medellin.gov.co\/es\/wp-content\/uploads\/2025\/04\/Imagen-alcalde-saluda-a-bomberos-que-atienden-damnificados-por-lluvias-en-Altavista-1024x682.jpg 1024w, https:\/\/www.medellin.gov.co\/es\/wp-content\/uploads\/2025\/04\/Imagen-alcalde-saluda-a-bomberos-que-atienden-damnificados-por-lluvias-en-Altavista-150x100.jpg 150w, https:\/\/www.medellin.gov.co\/es\/wp-content\/uploads\/2025\/04\/Imagen-alcalde-saluda-a-bomberos-que-atienden-damnificados-por-lluvias-en-Altavista-768x512.jpg 768w\" sizes=\"(max-width: 1141px) 100vw, 1141px\" \/><\/a>\n\t\t\t<\/dt><\/dl><br style=\"clear: both\" \/>\n\t\t<\/div>\n\n<p>Para ayudar a los damnificados se reciben donaciones de ropa nueva, alimentos no perecederos, medicamentos, implementos de aseo y concentrado para perros y gatos. Los puntos de recolecci\u00f3n son: CDS Pradito y estaci\u00f3n de bomberos, en San Antonio de Prado. En Altavista estar\u00e1 habilitada para este fin la Casa de la Cultura (calle 18 # 103 &#8211; 175, frente a la Instituci\u00f3n Educativa D\u00e9bora Arango). En el hall de la Alcald\u00eda, los d\u00edas 29, 30 de abril y 2 de mayo, entre las 7:00 a. m. y las 5:00 p. m.<\/p>\n","protected":false},"excerpt":{"rendered":"<p>Las dependencias del Distrito atienden emergencias en Altavista y diferentes puntos de la ciudad. Se invita a la solidaridad mediante la donaci\u00f3n de ayudas para las personas damnificadas. Las autoridades reportaron el hallazgo de una &#8230;<\/p>\n","protected":false},"author":21,"featured_media":403897,"comment_status":"open","ping_status":"open","sticky":false,"template":"","format":"standard","meta":[],"categories":[30],"tags":[455],"formato_nota":[],"programas_tax":[],"acf":[],"_links":{"self":[{"href":"https:\/\/www.medellin.gov.co\/es\/wp-json\/wp\/v2\/posts\/403893"}],"collection":[{"href":"https:\/\/www.medellin.gov.co\/es\/wp-json\/wp\/v2\/posts"}],"about":[{"href":"https:\/\/www.medellin.gov.co\/es\/wp-json\/wp\/v2\/types\/post"}],"author":[{"embeddable":true,"href":"https:\/\/www.medellin.gov.co\/es\/wp-json\/wp\/v2\/users\/21"}],"replies":[{"embeddable":true,"href":"https:\/\/www.medellin.gov.co\/es\/wp-json\/wp\/v2\/comments?post=403893"}],"version-history":[{"count":2,"href":"https:\/\/www.medellin.gov.co\/es\/wp-json\/wp\/v2\/posts\/403893\/revisions"}],"predecessor-version":[{"id":403993,"href":"https:\/\/www.medellin.gov.co\/es\/wp-json\/wp\/v2\/posts\/403893\/revisions\/403993"}],"wp:featuredmedia":[{"embeddable":true,"href":"https:\/\/www.medellin.gov.co\/es\/wp-json\/wp\/v2\/media\/403897"}],"wp:attachment":[{"href":"https:\/\/www.medellin.gov.co\/es\/wp-json\/wp\/v2\/media?parent=403893"}],"wp:term":[{"taxonomy":"category","embeddable":true,"href":"https:\/\/www.medellin.gov.co\/es\/wp-json\/wp\/v2\/categories?post=403893"},{"taxonomy":"post_tag","embeddable":true,"href":"https:\/\/www.medellin.gov.co\/es\/wp-json\/wp\/v2\/tags?post=403893"},{"taxonomy":"formato_nota","embeddable":true,"href":"https:\/\/www.medellin.gov.co\/es\/wp-json\/wp\/v2\/formato_nota?post=403893"},{"taxonomy":"programas_tax","embeddable":true,"href":"https:\/\/www.medellin.gov.co\/es\/wp-json\/wp\/v2\/programas_tax?post=403893"}],"curies":[{"name":"wp","href":"https:\/\/api.w.org\/{rel}","templated":true}]}}