{"id":404204,"date":"2025-04-30T13:52:18","date_gmt":"2025-04-30T18:52:18","guid":{"rendered":"https:\/\/www.medellin.gov.co\/es\/?p=404204"},"modified":"2025-04-30T13:52:18","modified_gmt":"2025-04-30T18:52:18","slug":"medellin-les-abre-las-puertas-a-31-futuras-docentes-de-florencia-caqueta-para-fortalecer-su-formacion-pedagogica","status":"publish","type":"post","link":"https:\/\/www.medellin.gov.co\/es\/sala-de-prensa\/noticias\/medellin-les-abre-las-puertas-a-31-futuras-docentes-de-florencia-caqueta-para-fortalecer-su-formacion-pedagogica\/","title":{"rendered":"Medell\u00edn les abre las puertas a 31 futuras docentes de Florencia, Caquet\u00e1, para fortalecer su formaci\u00f3n pedag\u00f3gica"},"content":{"rendered":"<ul>\n<li>Estudiantes de Licenciatura en Educaci\u00f3n Infantil de la Universidad de la Amazonia vivieron una experiencia formativa en el Distrito de Ciencia, Tecnolog\u00eda e Innovaci\u00f3n.<\/li>\n<li>La visita incluy\u00f3 talleres y conferencias en <a href=\"https:\/\/www.medellin.edu.co\/mova\/\" target=\"_blank\" rel=\"noopener\">Mova<\/a> y Buen Comienzo, adem\u00e1s de una salida pedag\u00f3gica inspirada en la metodolog\u00eda Reggio Emilia.<\/li>\n<\/ul>\n<p><a href=\"https:\/\/www.medellin.gov.co\/es\/wp-content\/uploads\/2025\/04\/Imagen-Futuras-docentes-de-Florencia-Caqueta-reciben-formacion-pedagogica-2.jpg\" target=\"_blank\" rel=\"noopener\"><img loading=\"lazy\" class=\"alignnone wp-image-404185 size-full\" src=\"https:\/\/www.medellin.gov.co\/es\/wp-content\/uploads\/2025\/04\/Imagen-Futuras-docentes-de-Florencia-Caqueta-reciben-formacion-pedagogica-2.jpg\" alt=\"Imagen Futuras docentes de Florencia Caquet\u00e1 reciben formaci\u00f3n pedag\u00f3gica 2\" width=\"1141\" height=\"760\" srcset=\"https:\/\/www.medellin.gov.co\/es\/wp-content\/uploads\/2025\/04\/Imagen-Futuras-docentes-de-Florencia-Caqueta-reciben-formacion-pedagogica-2.jpg 1141w, https:\/\/www.medellin.gov.co\/es\/wp-content\/uploads\/2025\/04\/Imagen-Futuras-docentes-de-Florencia-Caqueta-reciben-formacion-pedagogica-2-300x200.jpg 300w, https:\/\/www.medellin.gov.co\/es\/wp-content\/uploads\/2025\/04\/Imagen-Futuras-docentes-de-Florencia-Caqueta-reciben-formacion-pedagogica-2-1024x682.jpg 1024w, https:\/\/www.medellin.gov.co\/es\/wp-content\/uploads\/2025\/04\/Imagen-Futuras-docentes-de-Florencia-Caqueta-reciben-formacion-pedagogica-2-150x100.jpg 150w, https:\/\/www.medellin.gov.co\/es\/wp-content\/uploads\/2025\/04\/Imagen-Futuras-docentes-de-Florencia-Caqueta-reciben-formacion-pedagogica-2-768x512.jpg 768w\" sizes=\"(max-width: 1141px) 100vw, 1141px\" \/><\/a><\/p>\n<p>Medell\u00edn, como Distrito de Ciencia, Tecnolog\u00eda e Innovaci\u00f3n, recibi\u00f3 a 31 estudiantes y dos docentes de la Universidad de la Amazonia, quienes llegaron desde Florencia, Caquet\u00e1, para vivir una experiencia como parte de su formaci\u00f3n como licenciadas en Educaci\u00f3n Infantil. Durante varios d\u00edas, las futuras docentes participaron en espacios dise\u00f1ados para enriquecer sus pr\u00e1cticas pedag\u00f3gicas, reconociendo la importancia de vincularse a comunidades de aprendizaje y compartir saberes desde la diversidad de los territorios.<\/p>\n<p>Mova, Centro de Innovaci\u00f3n del Maestro, fue uno de los escenarios clave en esta experiencia. All\u00ed, los visitantes participaron en la conferencia \u201c<em>Universalizaci\u00f3n de la educaci\u00f3n inicial en el Distrito de Ciencia, Tecnolog\u00eda e Innovaci\u00f3<\/em>n\u201d y en el taller de promoci\u00f3n de lectura \u201cMemoria Emotiva\u201d. Estos espacios aportaron herramientas para transformar los aprendizajes desde una mirada cr\u00edtica, reflexiva y contextual.<\/p>\n<p>\u201c<em>Estamos muy felices. Recibimos una delegaci\u00f3n de 31 estudiantes y dos docentes de la Universidad de la Amazonia. Conocieron nuestro Centro de Innovaci\u00f3n del Maestro, Mova y all\u00ed compartimos experiencias significativas en la formaci\u00f3n de la primera infancia. Tambi\u00e9n conocieron dos jardines infantiles Buen Comienzo con metodolog\u00eda Reggio Emilia. Todo esto con el prop\u00f3sito de mostrar la colaboraci\u00f3n entre territorios. Como lo dice nuestro alcalde Federico, estamos construyendo pa\u00eds desde las regiones. Adicionalmente, conocieron toda\u00a0<\/em><em>la formaci\u00f3n de maestros y el trabajo en redes que pueden replicar en sus territorios<\/em>\u201d, indic\u00f3 la secretaria de Educaci\u00f3n, Carolina Franco Giraldo.<\/p>\n<p>Adem\u00e1s, como parte de la ruta pedag\u00f3gica, tambi\u00e9n visitaron dos centros de Buen Comienzo, donde conocieron la metodolog\u00eda Reggio Emilia, un enfoque educativo de origen italiano que pone a la infancia en el centro del aprendizaje, valorando su curiosidad, capacidad de expresi\u00f3n y relaci\u00f3n con el entorno.<\/p>\n<p><a href=\"https:\/\/www.medellin.gov.co\/es\/wp-content\/uploads\/2025\/04\/Imagen-cuatro-futuras-docentes-de-Florencia-Caqueta-reunidas.jpg\" target=\"_blank\" rel=\"noopener\"><img loading=\"lazy\" class=\"alignnone wp-image-404161 size-full\" src=\"https:\/\/www.medellin.gov.co\/es\/wp-content\/uploads\/2025\/04\/Imagen-cuatro-futuras-docentes-de-Florencia-Caqueta-reunidas.jpg\" alt=\"Imagen cuatro futuras docentes de Florencia Caquet\u00e1 reunidas\" width=\"1141\" height=\"760\" srcset=\"https:\/\/www.medellin.gov.co\/es\/wp-content\/uploads\/2025\/04\/Imagen-cuatro-futuras-docentes-de-Florencia-Caqueta-reunidas.jpg 1141w, https:\/\/www.medellin.gov.co\/es\/wp-content\/uploads\/2025\/04\/Imagen-cuatro-futuras-docentes-de-Florencia-Caqueta-reunidas-300x200.jpg 300w, https:\/\/www.medellin.gov.co\/es\/wp-content\/uploads\/2025\/04\/Imagen-cuatro-futuras-docentes-de-Florencia-Caqueta-reunidas-1024x682.jpg 1024w, https:\/\/www.medellin.gov.co\/es\/wp-content\/uploads\/2025\/04\/Imagen-cuatro-futuras-docentes-de-Florencia-Caqueta-reunidas-150x100.jpg 150w, https:\/\/www.medellin.gov.co\/es\/wp-content\/uploads\/2025\/04\/Imagen-cuatro-futuras-docentes-de-Florencia-Caqueta-reunidas-768x512.jpg 768w\" sizes=\"(max-width: 1141px) 100vw, 1141px\" \/><\/a><\/p>\n<p>Esta experiencia fue facilitada por la Fundaci\u00f3n aeioTU, organizaci\u00f3n que implementa este modelo en los Buen Comienzo visitados, promoviendo una educaci\u00f3n innovadora, sensible al contexto y centrada en el desarrollo integral de los ni\u00f1os, permiti\u00e9ndoles ampliar su perspectiva sobre la ense\u00f1anza y reflexionar sobre c\u00f3mo aplicar estos enfoques en sus propios territorios.<\/p>\n<p>\u201c<em>Mi experiencia fue muy significativa, ya que aprend\u00ed mucho sobre la innovaci\u00f3n que se vive en la parte educativa en Medell\u00edn. Me voy con muchos recursos y con muchas expectativas para implementar en mi aula de clase y tambi\u00e9n para implementarla con mis compa\u00f1eras, dar una formaci\u00f3n y darles a conocer todo lo lindo y todo lo hermoso que se vive aqu\u00ed, y c\u00f3mo se maneja la educaci\u00f3n inicial en nuestro contexto y en Medell\u00edn<\/em>\u201d, expres\u00f3 la estudiante de la Universidad de la Amazonia, Nancy Rojas Villa.<\/p>\n<p>Este intercambio hace parte de una agenda internacional y nacional que Mova ha venido consolidando a lo largo del a\u00f1o.<\/p>\n<p>En lo que va de 2025, se han recibido tambi\u00e9n delegaciones acad\u00e9micas de M\u00e9xico, Curazao y universidades locales, lo que demuestra que Mova es un punto de encuentro para la innovaci\u00f3n educativa y el desarrollo docente.<\/p>\n<p>Esta visita es una muestra de c\u00f3mo la colaboraci\u00f3n entre territorios y el acceso a experiencias significativas pueden potenciar la calidad de la educaci\u00f3n en el pa\u00eds.<\/p>\n","protected":false},"excerpt":{"rendered":"<p>Estudiantes de Licenciatura en Educaci\u00f3n Infantil de la Universidad de la Amazonia vivieron una experiencia formativa en el Distrito de Ciencia, Tecnolog\u00eda e Innovaci\u00f3n. La visita incluy\u00f3 talleres y conferencias en Mova y Buen Comienzo, &#8230;<\/p>\n","protected":false},"author":21,"featured_media":404151,"comment_status":"open","ping_status":"open","sticky":false,"template":"","format":"standard","meta":[],"categories":[4],"tags":[431],"formato_nota":[],"programas_tax":[],"acf":[],"_links":{"self":[{"href":"https:\/\/www.medellin.gov.co\/es\/wp-json\/wp\/v2\/posts\/404204"}],"collection":[{"href":"https:\/\/www.medellin.gov.co\/es\/wp-json\/wp\/v2\/posts"}],"about":[{"href":"https:\/\/www.medellin.gov.co\/es\/wp-json\/wp\/v2\/types\/post"}],"author":[{"embeddable":true,"href":"https:\/\/www.medellin.gov.co\/es\/wp-json\/wp\/v2\/users\/21"}],"replies":[{"embeddable":true,"href":"https:\/\/www.medellin.gov.co\/es\/wp-json\/wp\/v2\/comments?post=404204"}],"version-history":[{"count":1,"href":"https:\/\/www.medellin.gov.co\/es\/wp-json\/wp\/v2\/posts\/404204\/revisions"}],"predecessor-version":[{"id":404205,"href":"https:\/\/www.medellin.gov.co\/es\/wp-json\/wp\/v2\/posts\/404204\/revisions\/404205"}],"wp:featuredmedia":[{"embeddable":true,"href":"https:\/\/www.medellin.gov.co\/es\/wp-json\/wp\/v2\/media\/404151"}],"wp:attachment":[{"href":"https:\/\/www.medellin.gov.co\/es\/wp-json\/wp\/v2\/media?parent=404204"}],"wp:term":[{"taxonomy":"category","embeddable":true,"href":"https:\/\/www.medellin.gov.co\/es\/wp-json\/wp\/v2\/categories?post=404204"},{"taxonomy":"post_tag","embeddable":true,"href":"https:\/\/www.medellin.gov.co\/es\/wp-json\/wp\/v2\/tags?post=404204"},{"taxonomy":"formato_nota","embeddable":true,"href":"https:\/\/www.medellin.gov.co\/es\/wp-json\/wp\/v2\/formato_nota?post=404204"},{"taxonomy":"programas_tax","embeddable":true,"href":"https:\/\/www.medellin.gov.co\/es\/wp-json\/wp\/v2\/programas_tax?post=404204"}],"curies":[{"name":"wp","href":"https:\/\/api.w.org\/{rel}","templated":true}]}}