{"id":404964,"date":"2025-05-02T14:24:15","date_gmt":"2025-05-02T19:24:15","guid":{"rendered":"https:\/\/www.medellin.gov.co\/es\/?p=404964"},"modified":"2025-05-02T14:24:15","modified_gmt":"2025-05-02T19:24:15","slug":"medellin-garantiza-el-acceso-a-la-justicia-y-promueve-la-proteccion-y-restitucion-de-derechos-a-las-personas-lgbtiq-del-distrito","status":"publish","type":"post","link":"https:\/\/www.medellin.gov.co\/es\/sala-de-prensa\/noticias\/medellin-garantiza-el-acceso-a-la-justicia-y-promueve-la-proteccion-y-restitucion-de-derechos-a-las-personas-lgbtiq-del-distrito\/","title":{"rendered":"Medell\u00edn garantiza el acceso a la justicia y promueve la protecci\u00f3n y restituci\u00f3n de derechos a las personas LGBTIQ+ del Distrito"},"content":{"rendered":"<ul>\n<li>El M\u00f3dulo Diverso dentro de la seccional de la <a href=\"https:\/\/www.fiscalia.gov.co\/colombia\/\" target=\"_blank\" rel=\"noopener\">Fiscal\u00eda General de la Naci\u00f3n<\/a> es un espacio pionero en Colombia, donde se ofrece acompa\u00f1amiento para la interposici\u00f3n de denuncias.<\/li>\n<li>El 60 % de los homicidios en contra de la poblaci\u00f3n LGBTIQ+ ocurridos entre 2024 y 2025 en Medell\u00edn ya fueron esclarecidos.<\/li>\n<\/ul>\n<!--[if lt IE 9]><script>document.createElement('audio');<\/script><![endif]-->\n\t<div class=\"wp-playlist wp-audio-playlist wp-playlist-light\">\n\t\t\t<div class=\"wp-playlist-current-item\"><\/div>\n\t\t<audio controls=\"controls\" preload=\"none\" width=\"640\"\n\t\t\t><\/audio>\n\t<div class=\"wp-playlist-next\"><\/div>\n\t<div class=\"wp-playlist-prev\"><\/div>\n\t<noscript>\n\t<ol>\n\t\t<li><a href='https:\/\/www.medellin.gov.co\/es\/wp-content\/uploads\/2025\/05\/Audio-Declaraciones-del-gerente-de-Diversidades-Sexuales-e-Identidades-de-Genero-Edgar-Yepes-Londono.mp3'>Audio Declaraciones del gerente de Diversidades Sexuales e Identidades de G\u00e9nero, Edgar Yepes Londo\u00f1o<\/a><\/li>\t<\/ol>\n\t<\/noscript>\n\t<script type=\"application\/json\" class=\"wp-playlist-script\">{\"type\":\"audio\",\"tracklist\":true,\"tracknumbers\":true,\"images\":true,\"artists\":true,\"tracks\":[{\"src\":\"https:\\\/\\\/www.medellin.gov.co\\\/es\\\/wp-content\\\/uploads\\\/2025\\\/05\\\/Audio-Declaraciones-del-gerente-de-Diversidades-Sexuales-e-Identidades-de-Genero-Edgar-Yepes-Londono.mp3\",\"type\":\"audio\\\/mpeg\",\"title\":\"Audio Declaraciones del gerente de Diversidades Sexuales e Identidades de G\\u00e9nero, Edgar Yepes Londo\\u00f1o\",\"caption\":\"Declaraciones del gerente de Diversidades Sexuales e Identidades de G\\u00e9nero, Edgar Yepes Londo\\u00f1o\",\"description\":\"\\u00abAudio Declaraciones del gerente de Diversidades Sexuales e Identidades de G\\u00e9nero, Edgar Yepes Londo\\u00f1o\\u00bb. \",\"meta\":{\"genre\":\"Blues\",\"length_formatted\":\"0:47\"},\"image\":{\"src\":\"https:\\\/\\\/www.medellin.gov.co\\\/es\\\/wp-includes\\\/images\\\/media\\\/audio.png\",\"width\":48,\"height\":64},\"thumb\":{\"src\":\"https:\\\/\\\/www.medellin.gov.co\\\/es\\\/wp-includes\\\/images\\\/media\\\/audio.png\",\"width\":48,\"height\":64}}]}<\/script>\n<\/div>\n\t\n<p>La Alcald\u00eda de Medell\u00edn, a trav\u00e9s de sus diferentes dependencias, reafirma su compromiso con la vida, la dignidad y los derechos de las personas LGBTIQ+. El Distrito ha desarrollado mecanismos eficaces para atender casos de violencia, garantizar el acceso a rutas de protecci\u00f3n y disminuir los niveles de impunidad.<\/p>\n<p>Uno de los hitos m\u00e1s importantes ha sido la consolidaci\u00f3n del M\u00f3dulo Diverso dentro de la seccional de la Fiscal\u00eda General de la Naci\u00f3n, un espacio pionero en Colombia que ofrece acompa\u00f1amiento para la interposici\u00f3n de denuncias con enfoque diferencial para personas con orientaciones sexuales, identidades y expresiones de g\u00e9nero no hegem\u00f3nicas. Desde all\u00ed, se han atendido 427 casos entre 2024 y 2025 con corte al 24 de abril, con denuncias principalmente relacionadas con violencia intrafamiliar; lesiones y hurtos asociados al uso de aplicaciones de citas.<\/p>\n<p>Esta atenci\u00f3n se articula con la estrategia 123 Social \u2013 M\u00f3dulo Diverso, una l\u00ednea de emergencia que permite dar respuesta inmediata a situaciones de riesgo, garantizando la activaci\u00f3n oportuna de rutas de atenci\u00f3n. Durante 2024 se reportaron 1.156 atenciones y en el primer trimestre de 2025 ya suman 305 casos, donde se destacan situaciones como inseguridad alimentaria, violencia en el entorno familiar y amenazas relacionadas con el uso de plataformas digitales.<\/p>\n<p><a href=\"https:\/\/www.medellin.gov.co\/es\/wp-content\/uploads\/2025\/05\/Imagen-de-atencion-a-persona-LGTBQ-en-la-Fiscalia.jpg\" target=\"_blank\" rel=\"noopener\"><img loading=\"lazy\" class=\"alignnone wp-image-404915 size-full\" src=\"https:\/\/www.medellin.gov.co\/es\/wp-content\/uploads\/2025\/05\/Imagen-de-atencion-a-persona-LGTBQ-en-la-Fiscalia.jpg\" alt=\"Imagen de atenci\u00f3n a persona LGTBQ en la Fiscal\u00eda\" width=\"1154\" height=\"760\" srcset=\"https:\/\/www.medellin.gov.co\/es\/wp-content\/uploads\/2025\/05\/Imagen-de-atencion-a-persona-LGTBQ-en-la-Fiscalia.jpg 1154w, https:\/\/www.medellin.gov.co\/es\/wp-content\/uploads\/2025\/05\/Imagen-de-atencion-a-persona-LGTBQ-en-la-Fiscalia-300x198.jpg 300w, https:\/\/www.medellin.gov.co\/es\/wp-content\/uploads\/2025\/05\/Imagen-de-atencion-a-persona-LGTBQ-en-la-Fiscalia-1024x674.jpg 1024w, https:\/\/www.medellin.gov.co\/es\/wp-content\/uploads\/2025\/05\/Imagen-de-atencion-a-persona-LGTBQ-en-la-Fiscalia-150x99.jpg 150w, https:\/\/www.medellin.gov.co\/es\/wp-content\/uploads\/2025\/05\/Imagen-de-atencion-a-persona-LGTBQ-en-la-Fiscalia-768x506.jpg 768w\" sizes=\"(max-width: 1154px) 100vw, 1154px\" \/><\/a><\/p>\n<p>\u201c<em>Desde la Alcald\u00eda de Medell\u00edn trabajamos para que todas las personas LGBTIQ+ vivan con dignidad, libres de violencias y con pleno acceso a la justicia y garant\u00eda de derechos. Hemos acompa\u00f1ado a quienes han vivido alguna vulneraci\u00f3n, hemos activado rutas y mecanismo, pero adem\u00e1s fortalecemos entornos familiares, educativos y laborales, y promovemos una ciudad que reconoce, respeta y protege la diversidad. En el Distrito todas las vidas importan, todas las vidas se protegen<\/em>\u201d, dijo el gerente de Diversidades Sexuales e Identidades de G\u00e9nero, Edgar Yepes Londo\u00f1o.<\/p>\n<p>Es importante aclarar que el n\u00famero de denuncias no necesariamente refleja un incremento real en las agresiones hacia la poblaci\u00f3n LGBTIQ+, sino que est\u00e1 relacionado con un mayor conocimiento y apropiaci\u00f3n de las rutas de atenci\u00f3n, as\u00ed como con una creciente confianza en los canales institucionales disponibles. Esto indica avances en los procesos de garant\u00eda de derechos, ya que m\u00e1s personas est\u00e1n reconociendo las violencias que viven, identific\u00e1ndolas como tales y denunci\u00e1ndolas.<\/p>\n<p><a href=\"https:\/\/www.medellin.gov.co\/es\/wp-content\/uploads\/2025\/05\/Imagen-de-oficina-que-atiende-a-personas-LGTBQ-en-la-Fiscalia.jpg\" target=\"_blank\" rel=\"noopener\"><img loading=\"lazy\" class=\"alignnone wp-image-404913 size-full\" src=\"https:\/\/www.medellin.gov.co\/es\/wp-content\/uploads\/2025\/05\/Imagen-de-oficina-que-atiende-a-personas-LGTBQ-en-la-Fiscalia.jpg\" alt=\"Imagen de oficina que atiende a personas LGTBQ en la Fiscal\u00eda\" width=\"1280\" height=\"743\" srcset=\"https:\/\/www.medellin.gov.co\/es\/wp-content\/uploads\/2025\/05\/Imagen-de-oficina-que-atiende-a-personas-LGTBQ-en-la-Fiscalia.jpg 1280w, https:\/\/www.medellin.gov.co\/es\/wp-content\/uploads\/2025\/05\/Imagen-de-oficina-que-atiende-a-personas-LGTBQ-en-la-Fiscalia-300x174.jpg 300w, https:\/\/www.medellin.gov.co\/es\/wp-content\/uploads\/2025\/05\/Imagen-de-oficina-que-atiende-a-personas-LGTBQ-en-la-Fiscalia-1024x594.jpg 1024w, https:\/\/www.medellin.gov.co\/es\/wp-content\/uploads\/2025\/05\/Imagen-de-oficina-que-atiende-a-personas-LGTBQ-en-la-Fiscalia-150x87.jpg 150w, https:\/\/www.medellin.gov.co\/es\/wp-content\/uploads\/2025\/05\/Imagen-de-oficina-que-atiende-a-personas-LGTBQ-en-la-Fiscalia-768x446.jpg 768w\" sizes=\"(max-width: 1280px) 100vw, 1280px\" \/><\/a><\/p>\n<p>Gracias al fortalecimiento de la articulaci\u00f3n interinstitucional, en la Mesa para la Atenci\u00f3n a Casos Urgentes de Vulneraciones a la Vida, Integridad y Seguridad de las Personas con Orientaciones sexuales, identidades y Expresiones de G\u00e9nero no hegem\u00f3nicas, en la que participan entidades como la Gerencia de Diversidades Sexuales e Identidades de G\u00e9nero, la Secretar\u00eda de Paz y Derechos Humanos, la Secretar\u00eda de Seguridad y Convivencia, el ministerio p\u00fablico y la Polic\u00eda Nacional, se ha logrado avanzar en el esclarecimiento de casos cr\u00edticos. De los 15 homicidios registrados entre 2024 y 2025, el 71 % de los ocurridos en 2024 ya han sido esclarecidos, igualmente el 50 % de los casos registrados en 2025.<\/p>\n<p>Los casos que a\u00fan no se han resuelto se incluyen de manera prioritaria en la estrategia contra la impunidad liderada por la Secretar\u00eda de Seguridad y Convivencia, que contempla incentivos econ\u00f3micos para quienes aporten informaci\u00f3n clave que conduzca a la captura de los responsables.<\/p>\n<p>Medell\u00edn avanza en procesos de prevenci\u00f3n, promoci\u00f3n de derechos y transformaci\u00f3n cultural. Entre 2024 y 2025, 4.586 personas se han beneficiado de los servicios y actividades de la Gerencia de Diversidades Sexuales e Identidades de G\u00e9nero, a trav\u00e9s del acercamiento de la oferta institucional a las comunas y corregimientos, y el acceso a servicios y derechos.<\/p>\n","protected":false},"excerpt":{"rendered":"<p>El M\u00f3dulo Diverso dentro de la seccional de la Fiscal\u00eda General de la Naci\u00f3n es un espacio pionero en Colombia, donde se ofrece acompa\u00f1amiento para la interposici\u00f3n de denuncias. El 60 % de los homicidios &#8230;<\/p>\n","protected":false},"author":21,"featured_media":404920,"comment_status":"open","ping_status":"open","sticky":false,"template":"","format":"standard","meta":[],"categories":[534],"tags":[438,619],"formato_nota":[],"programas_tax":[],"acf":[],"_links":{"self":[{"href":"https:\/\/www.medellin.gov.co\/es\/wp-json\/wp\/v2\/posts\/404964"}],"collection":[{"href":"https:\/\/www.medellin.gov.co\/es\/wp-json\/wp\/v2\/posts"}],"about":[{"href":"https:\/\/www.medellin.gov.co\/es\/wp-json\/wp\/v2\/types\/post"}],"author":[{"embeddable":true,"href":"https:\/\/www.medellin.gov.co\/es\/wp-json\/wp\/v2\/users\/21"}],"replies":[{"embeddable":true,"href":"https:\/\/www.medellin.gov.co\/es\/wp-json\/wp\/v2\/comments?post=404964"}],"version-history":[{"count":1,"href":"https:\/\/www.medellin.gov.co\/es\/wp-json\/wp\/v2\/posts\/404964\/revisions"}],"predecessor-version":[{"id":404981,"href":"https:\/\/www.medellin.gov.co\/es\/wp-json\/wp\/v2\/posts\/404964\/revisions\/404981"}],"wp:featuredmedia":[{"embeddable":true,"href":"https:\/\/www.medellin.gov.co\/es\/wp-json\/wp\/v2\/media\/404920"}],"wp:attachment":[{"href":"https:\/\/www.medellin.gov.co\/es\/wp-json\/wp\/v2\/media?parent=404964"}],"wp:term":[{"taxonomy":"category","embeddable":true,"href":"https:\/\/www.medellin.gov.co\/es\/wp-json\/wp\/v2\/categories?post=404964"},{"taxonomy":"post_tag","embeddable":true,"href":"https:\/\/www.medellin.gov.co\/es\/wp-json\/wp\/v2\/tags?post=404964"},{"taxonomy":"formato_nota","embeddable":true,"href":"https:\/\/www.medellin.gov.co\/es\/wp-json\/wp\/v2\/formato_nota?post=404964"},{"taxonomy":"programas_tax","embeddable":true,"href":"https:\/\/www.medellin.gov.co\/es\/wp-json\/wp\/v2\/programas_tax?post=404964"}],"curies":[{"name":"wp","href":"https:\/\/api.w.org\/{rel}","templated":true}]}}