{"id":407114,"date":"2025-05-07T12:44:23","date_gmt":"2025-05-07T17:44:23","guid":{"rendered":"https:\/\/www.medellin.gov.co\/es\/?p=407114"},"modified":"2025-05-07T12:45:08","modified_gmt":"2025-05-07T17:45:08","slug":"deslizamiento-en-la-loma-de-los-balsos-en-el-poblado","status":"publish","type":"post","link":"https:\/\/www.medellin.gov.co\/es\/sala-de-prensa\/noticias\/deslizamiento-en-la-loma-de-los-balsos-en-el-poblado\/","title":{"rendered":"\u201cDeslizamiento en la Loma de Los Balsos, en El Poblado, es una emergencia grande, pero gracias a Dios no tenemos p\u00e9rdidas de vida\u201d: alcalde Federico Guti\u00e9rrez"},"content":{"rendered":"<ul>\n<li>El DAGRD recomend\u00f3 la evacuaci\u00f3n preventiva de 7 viviendas y 3 m\u00e1s de manera temporal por deslizamiento en la Loma de los Balsos.<\/li>\n<li>La emergencia no dej\u00f3 lesionados, pero s\u00ed oblig\u00f3 al cierre de la v\u00eda hasta que se concluyan los trabajos de limpieza y remoci\u00f3n de material.<\/li>\n<\/ul>\n<!--[if lt IE 9]><script>document.createElement('audio');<\/script><![endif]-->\n\t<div class=\"wp-playlist wp-audio-playlist wp-playlist-light\">\n\t\t\t<div class=\"wp-playlist-current-item\"><\/div>\n\t\t<audio controls=\"controls\" preload=\"none\" width=\"640\"\n\t\t\t><\/audio>\n\t<div class=\"wp-playlist-next\"><\/div>\n\t<div class=\"wp-playlist-prev\"><\/div>\n\t<noscript>\n\t<ol>\n\t\t<li><a href='https:\/\/www.medellin.gov.co\/es\/wp-content\/uploads\/2025\/05\/Audio-Declaraciones-del-alcalde-de-Medellin-Federico-Gutierrez-01.mp3'>Audio Declaraciones del alcalde de Medell\u00edn, Federico Guti\u00e9rrez 01<\/a><\/li>\t<\/ol>\n\t<\/noscript>\n\t<script type=\"application\/json\" class=\"wp-playlist-script\">{\"type\":\"audio\",\"tracklist\":true,\"tracknumbers\":true,\"images\":true,\"artists\":true,\"tracks\":[{\"src\":\"https:\\\/\\\/www.medellin.gov.co\\\/es\\\/wp-content\\\/uploads\\\/2025\\\/05\\\/Audio-Declaraciones-del-alcalde-de-Medellin-Federico-Gutierrez-01.mp3\",\"type\":\"audio\\\/mpeg\",\"title\":\"Audio Declaraciones del alcalde de Medell\\u00edn, Federico Guti\\u00e9rrez 01\",\"caption\":\" Declaraciones del alcalde de Medell\\u00edn, Federico Guti\\u00e9rrez\",\"description\":\"\\u00abAudio Declaraciones del alcalde de Medell\\u00edn, Federico Guti\\u00e9rrez\\u00bb.\",\"meta\":{\"year\":\"2025\",\"length_formatted\":\"4:57\"},\"image\":{\"src\":\"https:\\\/\\\/www.medellin.gov.co\\\/es\\\/wp-includes\\\/images\\\/media\\\/audio.png\",\"width\":48,\"height\":64},\"thumb\":{\"src\":\"https:\\\/\\\/www.medellin.gov.co\\\/es\\\/wp-includes\\\/images\\\/media\\\/audio.png\",\"width\":48,\"height\":64}}]}<\/script>\n<\/div>\n\t\n<p>Una vez se report\u00f3 la emergencia ocasionada por un deslizamiento en la Loma de los Balsos, Comuna 14-El Poblado-, este martes, un equipo t\u00e9cnico y de Bomberos Medell\u00edn se desplaz\u00f3 al lugar para evaluar la situaci\u00f3n en la que no se presentaron lesionados. Las autoridades recomendaron la evacuaci\u00f3n preventiva de 7 viviendas y otras 3 de manera temporal cercanas al lugar en donde se present\u00f3 el movimiento de tierra.<\/p>\n<p>Al sitio acudi\u00f3 el alcalde Federico Guti\u00e9rrez Zuluaga, quien manifest\u00f3: \u201c<em>Gracias a Dios no hay una sola persona atrapada, en una v\u00eda que por lo general es tan congestionada, por donde suben y bajan carros todo el d\u00eda, de manera milagrosa no hay veh\u00edculos atrapados. Por la dimensi\u00f3n de lo que vemos, se vino pr\u00e1cticamente gran parte de la monta\u00f1a, estamos hablando de muchos metros c\u00fabicos de material de tierra y vegetal que tenemos que ir removiendo. En este momento ya estamos haciendo los trabajos desde la parte alta y desde el otro lado. Tenemos m\u00e1s de 11 volquetas habilitadas, dos maquinarias extrayendo la tierra, pero tenemos que ir con mucho cuidado<\/em>\u201d.<\/p>\n<p><a href=\"https:\/\/www.medellin.gov.co\/es\/wp-content\/uploads\/2025\/05\/Imagen-Federico-Gutierrez-en-deslizamiento-en-la-Loma-de-Los-Balsos.jpg\" target=\"_blank\" rel=\"noopener\"><img loading=\"lazy\" class=\"alignnone wp-image-407150 size-full\" src=\"https:\/\/www.medellin.gov.co\/es\/wp-content\/uploads\/2025\/05\/Imagen-Federico-Gutierrez-en-deslizamiento-en-la-Loma-de-Los-Balsos.jpg\" alt=\"Imagen Federico Guti\u00e9rrez en deslizamiento en la Loma de Los Balsos\" width=\"1141\" height=\"760\" srcset=\"https:\/\/www.medellin.gov.co\/es\/wp-content\/uploads\/2025\/05\/Imagen-Federico-Gutierrez-en-deslizamiento-en-la-Loma-de-Los-Balsos.jpg 1141w, https:\/\/www.medellin.gov.co\/es\/wp-content\/uploads\/2025\/05\/Imagen-Federico-Gutierrez-en-deslizamiento-en-la-Loma-de-Los-Balsos-300x200.jpg 300w, https:\/\/www.medellin.gov.co\/es\/wp-content\/uploads\/2025\/05\/Imagen-Federico-Gutierrez-en-deslizamiento-en-la-Loma-de-Los-Balsos-1024x682.jpg 1024w, https:\/\/www.medellin.gov.co\/es\/wp-content\/uploads\/2025\/05\/Imagen-Federico-Gutierrez-en-deslizamiento-en-la-Loma-de-Los-Balsos-150x100.jpg 150w, https:\/\/www.medellin.gov.co\/es\/wp-content\/uploads\/2025\/05\/Imagen-Federico-Gutierrez-en-deslizamiento-en-la-Loma-de-Los-Balsos-768x512.jpg 768w\" sizes=\"(max-width: 1141px) 100vw, 1141px\" \/><\/a><\/p>\n<p>El mandatario reiter\u00f3 la alerta en la que se encuentra la ciudad a causa de las intensas lluvias e indic\u00f3 que las labores podr\u00edan tardar entre dos y tres d\u00edas, por lo que la v\u00eda estar\u00e1 cerrada durante este tiempo, pidi\u00f3 paciencia a la gente y agradeci\u00f3 que no se hubiera presentado una tragedia.<\/p>\n<p>\u201c<em>Quiero felicitar a las dos personas que se han comportado como h\u00e9roes y que son trabajadores de una unidad residencial, que al darse cuenta de lo que estaba ocurriendo salieron de manera inmediata a atajar los carros que ven\u00edan subiendo. Gracias a ellos no se tiene una tragedia<\/em>\u201d, expres\u00f3 Guti\u00e9rrez Zuluaga.<\/p>\n<p><a href=\"https:\/\/www.medellin.gov.co\/es\/wp-content\/uploads\/2025\/05\/Imagen-deslizamiento-en-la-Loma-de-Los-Balsos.jpg\" target=\"_blank\" rel=\"noopener\"><img loading=\"lazy\" class=\"alignnone wp-image-407156 size-full\" src=\"https:\/\/www.medellin.gov.co\/es\/wp-content\/uploads\/2025\/05\/Imagen-deslizamiento-en-la-Loma-de-Los-Balsos.jpg\" alt=\"Imagen deslizamiento en la Loma de Los Balsos\" width=\"1280\" height=\"720\" srcset=\"https:\/\/www.medellin.gov.co\/es\/wp-content\/uploads\/2025\/05\/Imagen-deslizamiento-en-la-Loma-de-Los-Balsos.jpg 1280w, https:\/\/www.medellin.gov.co\/es\/wp-content\/uploads\/2025\/05\/Imagen-deslizamiento-en-la-Loma-de-Los-Balsos-300x169.jpg 300w, https:\/\/www.medellin.gov.co\/es\/wp-content\/uploads\/2025\/05\/Imagen-deslizamiento-en-la-Loma-de-Los-Balsos-1024x576.jpg 1024w, https:\/\/www.medellin.gov.co\/es\/wp-content\/uploads\/2025\/05\/Imagen-deslizamiento-en-la-Loma-de-Los-Balsos-150x84.jpg 150w, https:\/\/www.medellin.gov.co\/es\/wp-content\/uploads\/2025\/05\/Imagen-deslizamiento-en-la-Loma-de-Los-Balsos-768x432.jpg 768w\" sizes=\"(max-width: 1280px) 100vw, 1280px\" \/><\/a><\/p>\n<p>Agreg\u00f3 que todos los equipos de emergencia y del Distrito est\u00e1n activados, de tiempo completo. \u201c<em>Quiero felicitar y agradecer a los bomberos, a la gente de la Defensa Civil, la Polic\u00eda, a nuestro Ej\u00e9rcito, a todos los grupos de rescate porque no se ha parado las labores<\/em>\u201d.<\/p>\n<p>Durante esta temporada lluvias, la Alcald\u00eda de Medell\u00edn ha atendido a 520 familias afectadas por la emergencia y se han ordenado 229 evacuaciones definitivas y m\u00e1s de 100 temporales en toda la ciudad.<\/p>\n","protected":false},"excerpt":{"rendered":"<p>El DAGRD recomend\u00f3 la evacuaci\u00f3n preventiva de 7 viviendas y 3 m\u00e1s de manera temporal por deslizamiento en la Loma de los Balsos. La emergencia no dej\u00f3 lesionados, pero s\u00ed oblig\u00f3 al cierre de la &#8230;<\/p>\n","protected":false},"author":21,"featured_media":407157,"comment_status":"open","ping_status":"open","sticky":false,"template":"","format":"standard","meta":[],"categories":[30],"tags":[455],"formato_nota":[],"programas_tax":[],"acf":[],"_links":{"self":[{"href":"https:\/\/www.medellin.gov.co\/es\/wp-json\/wp\/v2\/posts\/407114"}],"collection":[{"href":"https:\/\/www.medellin.gov.co\/es\/wp-json\/wp\/v2\/posts"}],"about":[{"href":"https:\/\/www.medellin.gov.co\/es\/wp-json\/wp\/v2\/types\/post"}],"author":[{"embeddable":true,"href":"https:\/\/www.medellin.gov.co\/es\/wp-json\/wp\/v2\/users\/21"}],"replies":[{"embeddable":true,"href":"https:\/\/www.medellin.gov.co\/es\/wp-json\/wp\/v2\/comments?post=407114"}],"version-history":[{"count":1,"href":"https:\/\/www.medellin.gov.co\/es\/wp-json\/wp\/v2\/posts\/407114\/revisions"}],"predecessor-version":[{"id":407196,"href":"https:\/\/www.medellin.gov.co\/es\/wp-json\/wp\/v2\/posts\/407114\/revisions\/407196"}],"wp:featuredmedia":[{"embeddable":true,"href":"https:\/\/www.medellin.gov.co\/es\/wp-json\/wp\/v2\/media\/407157"}],"wp:attachment":[{"href":"https:\/\/www.medellin.gov.co\/es\/wp-json\/wp\/v2\/media?parent=407114"}],"wp:term":[{"taxonomy":"category","embeddable":true,"href":"https:\/\/www.medellin.gov.co\/es\/wp-json\/wp\/v2\/categories?post=407114"},{"taxonomy":"post_tag","embeddable":true,"href":"https:\/\/www.medellin.gov.co\/es\/wp-json\/wp\/v2\/tags?post=407114"},{"taxonomy":"formato_nota","embeddable":true,"href":"https:\/\/www.medellin.gov.co\/es\/wp-json\/wp\/v2\/formato_nota?post=407114"},{"taxonomy":"programas_tax","embeddable":true,"href":"https:\/\/www.medellin.gov.co\/es\/wp-json\/wp\/v2\/programas_tax?post=407114"}],"curies":[{"name":"wp","href":"https:\/\/api.w.org\/{rel}","templated":true}]}}