{"id":407550,"date":"2025-05-08T13:03:17","date_gmt":"2025-05-08T18:03:17","guid":{"rendered":"https:\/\/www.medellin.gov.co\/es\/?p=407550"},"modified":"2025-05-08T13:03:17","modified_gmt":"2025-05-08T18:03:17","slug":"320-estudiantes-de-la-comuna-guayabal-recibiran-orientacion-vocacional-gracias-a-recursos-de-presupuesto-participativo","status":"publish","type":"post","link":"https:\/\/www.medellin.gov.co\/es\/sala-de-prensa\/noticias\/320-estudiantes-de-la-comuna-guayabal-recibiran-orientacion-vocacional-gracias-a-recursos-de-presupuesto-participativo\/","title":{"rendered":"320 estudiantes de la comuna Guayabal recibir\u00e1n orientaci\u00f3n vocacional, gracias a recursos de Presupuesto Participativo"},"content":{"rendered":"<ul>\n<li>El programa naci\u00f3 de la estrategia de permanencia estudiantil del <a href=\"https:\/\/www.colmayor.edu.co\/\" target=\"_blank\" rel=\"noopener\">Colegio Mayor<\/a>, denominada \u2018Qu\u00e9date\u2019.<\/li>\n<li>En Camino a la U ya participan cinco instituciones educativas de otras comunas, para un total de 600 beneficiarios.<\/li>\n<\/ul>\n<!--[if lt IE 9]><script>document.createElement('audio');<\/script><![endif]-->\n\t<div class=\"wp-playlist wp-audio-playlist wp-playlist-light\">\n\t\t\t<div class=\"wp-playlist-current-item\"><\/div>\n\t\t<audio controls=\"controls\" preload=\"none\" width=\"640\"\n\t\t\t><\/audio>\n\t<div class=\"wp-playlist-next\"><\/div>\n\t<div class=\"wp-playlist-prev\"><\/div>\n\t<noscript>\n\t<ol>\n\t\t<li><a href='https:\/\/www.medellin.gov.co\/es\/wp-content\/uploads\/2025\/05\/Audio-Declaraciones-del-rector-de-la-Institucion-Universitaria-Colegio-Mayor-de-Antioquia-Juan-David-Gomez-Florez.mp3'>Audio Declaraciones del rector de la Instituci\u00f3n Universitaria Colegio Mayor de Antioquia, Juan David G\u00f3mez Fl\u00f3rez<\/a><\/li><li><a href='https:\/\/www.medellin.gov.co\/es\/wp-content\/uploads\/2025\/05\/Audio-Declaraciones-del-estudiante-de-undecimo-grado-de-la-I.-E.-Octavio-Calderon-Mejia-y-beneficiaria-de-Camino-a-la-U-Maryoris-Acosta.mp3'>Audio Declaraciones del estudiante de und\u00e9cimo grado de la I. E. Octavio Calder\u00f3n Mej\u00eda y beneficiaria de Camino a la U, Maryoris Acosta<\/a><\/li><li><a href='https:\/\/www.medellin.gov.co\/es\/wp-content\/uploads\/2025\/05\/Audio-Declaraciones-de-la-psicologa-orientadora-Camino-a-la-U-Paola-Alzate.mp3'>Audio Declaraciones de la psic\u00f3loga orientadora Camino a la U, Paola \u00c1lzate<\/a><\/li>\t<\/ol>\n\t<\/noscript>\n\t<script type=\"application\/json\" class=\"wp-playlist-script\">{\"type\":\"audio\",\"tracklist\":true,\"tracknumbers\":true,\"images\":true,\"artists\":true,\"tracks\":[{\"src\":\"https:\\\/\\\/www.medellin.gov.co\\\/es\\\/wp-content\\\/uploads\\\/2025\\\/05\\\/Audio-Declaraciones-del-rector-de-la-Institucion-Universitaria-Colegio-Mayor-de-Antioquia-Juan-David-Gomez-Florez.mp3\",\"type\":\"audio\\\/mpeg\",\"title\":\"Audio Declaraciones del rector de la Instituci\\u00f3n Universitaria Colegio Mayor de Antioquia, Juan David G\\u00f3mez Fl\\u00f3rez\",\"caption\":\"Declaraciones del rector de la Instituci\\u00f3n Universitaria Colegio Mayor de Antioquia, Juan David G\\u00f3mez Fl\\u00f3rez\",\"description\":\"\\u00abAudio Declaraciones del rector de la Instituci\\u00f3n Universitaria Colegio Mayor de Antioquia, Juan David G\\u00f3mez Fl\\u00f3rez\\u00bb. G\\u00e9nero: Blues.\",\"meta\":{\"genre\":\"Blues\",\"length_formatted\":\"1:17\"},\"image\":{\"src\":\"https:\\\/\\\/www.medellin.gov.co\\\/es\\\/wp-includes\\\/images\\\/media\\\/audio.png\",\"width\":48,\"height\":64},\"thumb\":{\"src\":\"https:\\\/\\\/www.medellin.gov.co\\\/es\\\/wp-includes\\\/images\\\/media\\\/audio.png\",\"width\":48,\"height\":64}},{\"src\":\"https:\\\/\\\/www.medellin.gov.co\\\/es\\\/wp-content\\\/uploads\\\/2025\\\/05\\\/Audio-Declaraciones-del-estudiante-de-undecimo-grado-de-la-I.-E.-Octavio-Calderon-Mejia-y-beneficiaria-de-Camino-a-la-U-Maryoris-Acosta.mp3\",\"type\":\"audio\\\/mpeg\",\"title\":\"Audio Declaraciones del estudiante de und\\u00e9cimo grado de la I. E. Octavio Calder\\u00f3n Mej\\u00eda y beneficiaria de Camino a la U, Maryoris Acosta\",\"caption\":\"Declaraciones del estudiante de und\\u00e9cimo grado de la I. E. Octavio Calder\\u00f3n Mej\\u00eda y beneficiaria de Camino a la U, Maryoris Acosta\",\"description\":\"\\u00abAudio Declaraciones del estudiante de und\\u00e9cimo grado de la I. E. Octavio Calder\\u00f3n Mej\\u00eda y beneficiaria de Camino a la U, Maryoris Acosta\\u00bb. G\\u00e9nero: Blues.\",\"meta\":{\"genre\":\"Blues\",\"length_formatted\":\"1:09\"},\"image\":{\"src\":\"https:\\\/\\\/www.medellin.gov.co\\\/es\\\/wp-includes\\\/images\\\/media\\\/audio.png\",\"width\":48,\"height\":64},\"thumb\":{\"src\":\"https:\\\/\\\/www.medellin.gov.co\\\/es\\\/wp-includes\\\/images\\\/media\\\/audio.png\",\"width\":48,\"height\":64}},{\"src\":\"https:\\\/\\\/www.medellin.gov.co\\\/es\\\/wp-content\\\/uploads\\\/2025\\\/05\\\/Audio-Declaraciones-de-la-psicologa-orientadora-Camino-a-la-U-Paola-Alzate.mp3\",\"type\":\"audio\\\/mpeg\",\"title\":\"Audio Declaraciones de la psic\\u00f3loga orientadora Camino a la U, Paola \\u00c1lzate\",\"caption\":\"Declaraciones de la psic\\u00f3loga orientadora Camino a la U, Paola \\u00c1lzate\",\"description\":\"\\u00abAudio Declaraciones de la psic\\u00f3loga orientadora Camino a la U, Paola \\u00c1lzate\\u00bb. G\\u00e9nero: Blues.\",\"meta\":{\"genre\":\"Blues\",\"length_formatted\":\"1:26\"},\"image\":{\"src\":\"https:\\\/\\\/www.medellin.gov.co\\\/es\\\/wp-includes\\\/images\\\/media\\\/audio.png\",\"width\":48,\"height\":64},\"thumb\":{\"src\":\"https:\\\/\\\/www.medellin.gov.co\\\/es\\\/wp-includes\\\/images\\\/media\\\/audio.png\",\"width\":48,\"height\":64}}]}<\/script>\n<\/div>\n\t\n<p>Durante ocho meses, 320 estudiantes de Guayabal, comuna 15 de Medell\u00edn, tendr\u00e1n talleres coordinados por personal especializado, que les permitir\u00e1n alcanzar una mayor claridad acerca de sus aptitudes e intereses, con miras a cursar un programa de pregrado en alguna de las instituciones de educaci\u00f3n superior adscritas a la Administraci\u00f3n Distrital. Esto, gracias a recursos que fueron priorizados por la comunidad a trav\u00e9s de Presupuesto Participativo, el cual se consolida como un ejercicio de participaci\u00f3n y transparencia en la destinaci\u00f3n de\u00a0los recursos p\u00fablicos.<\/p>\n<p>El rector de Colmayor, Juan David G\u00f3mez Fl\u00f3rez, destac\u00f3: \u201cEste proyecto busca que los bachilleres elijan, de manera acertada, su carrera universitaria, teniendo en cuenta sus intereses y habilidades metacognitivas, y conect\u00e1ndolos con los programas e instituciones de educaci\u00f3n superior\u201d.<\/p>\n<p>Los estudiantes acceder\u00e1n a 10 talleres enfocados a que descubran cu\u00e1les son sus habilidades blandas, as\u00ed como sus competencias m\u00e1s desarrolladas, y puedan alinearlas con sus intereses y gustos personales.<\/p>\n<p><a href=\"https:\/\/www.medellin.gov.co\/es\/wp-content\/uploads\/2025\/05\/Imagen-profesor-ensenando-en-aula-de-clase.jpg\" target=\"_blank\" rel=\"noopener\"><img loading=\"lazy\" class=\"alignnone wp-image-407541 size-full\" src=\"https:\/\/www.medellin.gov.co\/es\/wp-content\/uploads\/2025\/05\/Imagen-profesor-ensenando-en-aula-de-clase.jpg\" alt=\"Imagen profesor ense\u00f1ando en aula de clase\" width=\"1280\" height=\"722\" srcset=\"https:\/\/www.medellin.gov.co\/es\/wp-content\/uploads\/2025\/05\/Imagen-profesor-ensenando-en-aula-de-clase.jpg 1280w, https:\/\/www.medellin.gov.co\/es\/wp-content\/uploads\/2025\/05\/Imagen-profesor-ensenando-en-aula-de-clase-300x169.jpg 300w, https:\/\/www.medellin.gov.co\/es\/wp-content\/uploads\/2025\/05\/Imagen-profesor-ensenando-en-aula-de-clase-1024x578.jpg 1024w, https:\/\/www.medellin.gov.co\/es\/wp-content\/uploads\/2025\/05\/Imagen-profesor-ensenando-en-aula-de-clase-150x85.jpg 150w, https:\/\/www.medellin.gov.co\/es\/wp-content\/uploads\/2025\/05\/Imagen-profesor-ensenando-en-aula-de-clase-768x433.jpg 768w\" sizes=\"(max-width: 1280px) 100vw, 1280px\" \/><\/a><\/p>\n<p>Maryoris Acosta, estudiante de und\u00e9cimo grado de la I. E. Octavio Calder\u00f3n Mej\u00eda, beneficiaria de Camino a la U, afirm\u00f3: \u201c<em>Este programa de orientaci\u00f3n vocacional me ha parecido muy ch\u00e9vere, ya que nos ayudan a entender nuestras fortalezas y debilidades para estudiar lo que queremos o ayudarnos a escoger bien la carrera. A m\u00ed, me gustar\u00eda estudiar artes pl\u00e1sticas o dise\u00f1o gr\u00e1fico, porque desde muy peque\u00f1a me ha gustado el arte, crear, dise\u00f1ar<\/em>\u201d.<\/p>\n<p>A la fecha, esta iniciativa lleva herramientas de orientaci\u00f3n vocacional a un total de 600 alumnos y ya se ven\u00eda implementando en otras cinco instituciones educativas de Medell\u00edn, como I. E. Diego Echavarr\u00eda Misas, de la comuna 7- Robledo; I. E. La Esperanza, de la comuna 5-Castilla; I. E. Lola Gonz\u00e1lez, de la comuna 13-San Javier; I. E. Javiera Londo\u00f1o Sede U de A, de la comuna 4-Aranjuez; y en la I. E. El Play\u00f3n, de la comuna 2-Santa Cruz.<\/p>\n<p>Camino a la U naci\u00f3 de \u2018Qu\u00e9date\u2019, estrategia de permanencia estudiantil de la Instituci\u00f3n Universitaria Colegio Mayor de Antioquia, que se compone de cuatro pilares: psicopedagog\u00eda, que acompa\u00f1a a los estudiantes con herramientas metacognitivas que les permiten planear su proceso educativo; asesor\u00edas acad\u00e9micas, que brinda acompa\u00f1amiento t\u00e9cnico con un docente o tutor para mejorar competencias y resolver las asignaturas en las que presentan mayor dificultad; gesti\u00f3n acad\u00e9mica, que acompa\u00f1a y da soporte en todos los tr\u00e1mites y procesos institucionales para favorecer la permanencia y; por \u00faltimo, el observatorio; que hace seguimiento a las causas y determinantes de deserci\u00f3n, insert\u00e1ndolas en un sistema de alertas tempranas, lo que permite monitorear y enfocar esfuerzos que redunden en el bienestar de los estudiantes.<\/p>\n<p><a href=\"https:\/\/www.medellin.gov.co\/es\/wp-content\/uploads\/2025\/05\/Imagen-pareja-de-estudiantes-en-clase.jpg\" target=\"_blank\" rel=\"noopener\"><img loading=\"lazy\" class=\"alignnone wp-image-407542 size-full\" src=\"https:\/\/www.medellin.gov.co\/es\/wp-content\/uploads\/2025\/05\/Imagen-pareja-de-estudiantes-en-clase.jpg\" alt=\"Imagen pareja de estudiantes en clase\" width=\"1280\" height=\"722\" srcset=\"https:\/\/www.medellin.gov.co\/es\/wp-content\/uploads\/2025\/05\/Imagen-pareja-de-estudiantes-en-clase.jpg 1280w, https:\/\/www.medellin.gov.co\/es\/wp-content\/uploads\/2025\/05\/Imagen-pareja-de-estudiantes-en-clase-300x169.jpg 300w, https:\/\/www.medellin.gov.co\/es\/wp-content\/uploads\/2025\/05\/Imagen-pareja-de-estudiantes-en-clase-1024x578.jpg 1024w, https:\/\/www.medellin.gov.co\/es\/wp-content\/uploads\/2025\/05\/Imagen-pareja-de-estudiantes-en-clase-150x85.jpg 150w, https:\/\/www.medellin.gov.co\/es\/wp-content\/uploads\/2025\/05\/Imagen-pareja-de-estudiantes-en-clase-768x433.jpg 768w\" sizes=\"(max-width: 1280px) 100vw, 1280px\" \/><\/a><\/p>\n<p>Esta iniciativa es producto de ese observatorio de permanencia, pues se tiene identificado que la falta de una orientaci\u00f3n vocacional, asertiva y efectiva, hace que muchos bachilleres lleguen a programas de educaci\u00f3n superior que no est\u00e1n en sinton\u00eda con sus intereses, impulsados por los deseos de sus padres o a programas acad\u00e9micos que no est\u00e1n alineados con sus habilidades y aptitudes personales.<\/p>\n<p>\u201c<em>Gracias al programa \u2018Qu\u00e9date\u2019, en Colmayor hemos acumulado una amplia experiencia en acciones que nos han permitido aminorar del 32 % al 11 % los \u00edndices de deserci\u00f3n escolar, posicion\u00e1ndonos como un referente para el pa\u00eds. Ahora, nuestra misi\u00f3n es llevar esa experiencia a la b\u00e1sica secundaria<\/em>\u201d, puntualiz\u00f3, el rector de la instituci\u00f3n.<\/p>\n","protected":false},"excerpt":{"rendered":"<p>El programa naci\u00f3 de la estrategia de permanencia estudiantil del Colegio Mayor, denominada \u2018Qu\u00e9date\u2019. En Camino a la U ya participan cinco instituciones educativas de otras comunas, para un total de 600 beneficiarios. Durante ocho &#8230;<\/p>\n","protected":false},"author":21,"featured_media":407503,"comment_status":"open","ping_status":"open","sticky":false,"template":"","format":"standard","meta":[],"categories":[4],"tags":[634,431],"formato_nota":[],"programas_tax":[],"acf":[],"_links":{"self":[{"href":"https:\/\/www.medellin.gov.co\/es\/wp-json\/wp\/v2\/posts\/407550"}],"collection":[{"href":"https:\/\/www.medellin.gov.co\/es\/wp-json\/wp\/v2\/posts"}],"about":[{"href":"https:\/\/www.medellin.gov.co\/es\/wp-json\/wp\/v2\/types\/post"}],"author":[{"embeddable":true,"href":"https:\/\/www.medellin.gov.co\/es\/wp-json\/wp\/v2\/users\/21"}],"replies":[{"embeddable":true,"href":"https:\/\/www.medellin.gov.co\/es\/wp-json\/wp\/v2\/comments?post=407550"}],"version-history":[{"count":1,"href":"https:\/\/www.medellin.gov.co\/es\/wp-json\/wp\/v2\/posts\/407550\/revisions"}],"predecessor-version":[{"id":407551,"href":"https:\/\/www.medellin.gov.co\/es\/wp-json\/wp\/v2\/posts\/407550\/revisions\/407551"}],"wp:featuredmedia":[{"embeddable":true,"href":"https:\/\/www.medellin.gov.co\/es\/wp-json\/wp\/v2\/media\/407503"}],"wp:attachment":[{"href":"https:\/\/www.medellin.gov.co\/es\/wp-json\/wp\/v2\/media?parent=407550"}],"wp:term":[{"taxonomy":"category","embeddable":true,"href":"https:\/\/www.medellin.gov.co\/es\/wp-json\/wp\/v2\/categories?post=407550"},{"taxonomy":"post_tag","embeddable":true,"href":"https:\/\/www.medellin.gov.co\/es\/wp-json\/wp\/v2\/tags?post=407550"},{"taxonomy":"formato_nota","embeddable":true,"href":"https:\/\/www.medellin.gov.co\/es\/wp-json\/wp\/v2\/formato_nota?post=407550"},{"taxonomy":"programas_tax","embeddable":true,"href":"https:\/\/www.medellin.gov.co\/es\/wp-json\/wp\/v2\/programas_tax?post=407550"}],"curies":[{"name":"wp","href":"https:\/\/api.w.org\/{rel}","templated":true}]}}