{"id":407553,"date":"2025-05-08T13:09:16","date_gmt":"2025-05-08T18:09:16","guid":{"rendered":"https:\/\/www.medellin.gov.co\/es\/?p=407553"},"modified":"2025-05-08T13:09:16","modified_gmt":"2025-05-08T18:09:16","slug":"10-encuentro-de-bibliotecas-populares-y-comunitarias-de-medellin-llega-al-corregimiento-san-cristobal-este-fin-de-semana","status":"publish","type":"post","link":"https:\/\/www.medellin.gov.co\/es\/sala-de-prensa\/noticias\/10-encuentro-de-bibliotecas-populares-y-comunitarias-de-medellin-llega-al-corregimiento-san-cristobal-este-fin-de-semana\/","title":{"rendered":"10.\u00b0 Encuentro de Bibliotecas Populares y Comunitarias de Medell\u00edn llega al corregimiento San Crist\u00f3bal este fin de semana"},"content":{"rendered":"<ul>\n<li>Se realizar\u00e1 en el sector Nuevo Occidente, de 9:00 a. m. a 5:00 p. m.<\/li>\n<li>Habr\u00e1 entrada libre a conversatorios y talleres.<\/li>\n<li>La Alcald\u00eda entregar\u00e1 premios en bonos canjeables en librer\u00edas. Se otorgar\u00e1n primer y segundo puesto, adem\u00e1s de dos menciones especiales.<\/li>\n<\/ul>\n<!--[if lt IE 9]><script>document.createElement('audio');<\/script><![endif]-->\n\t<div class=\"wp-playlist wp-audio-playlist wp-playlist-light\">\n\t\t\t<div class=\"wp-playlist-current-item\"><\/div>\n\t\t<audio controls=\"controls\" preload=\"none\" width=\"640\"\n\t\t\t><\/audio>\n\t<div class=\"wp-playlist-next\"><\/div>\n\t<div class=\"wp-playlist-prev\"><\/div>\n\t<noscript>\n\t<ol>\n\t\t<li><a href='https:\/\/www.medellin.gov.co\/es\/wp-content\/uploads\/2025\/05\/Audio-Declaraciones-subsecretario-de-Bibliotecas-Lectura-y-Patrimonio-Andres-Sarmiento.mp3'>Audio Declaraciones subsecretario de Bibliotecas, Lectura y Patrimonio, Andr\u00e9s Sarmiento<\/a><\/li><li><a href='https:\/\/www.medellin.gov.co\/es\/wp-content\/uploads\/2025\/05\/Audio-Declaraciones-de-la-articuladora-de-Servicios-de-Informacion-del-Sistema-de-Bibliotecas-Lorena-Castaneda.mp3'>Audio Declaraciones de la articuladora de Servicios de Informaci\u00f3n del Sistema de Bibliotecas, Lorena Casta\u00f1eda<\/a><\/li>\t<\/ol>\n\t<\/noscript>\n\t<script type=\"application\/json\" class=\"wp-playlist-script\">{\"type\":\"audio\",\"tracklist\":true,\"tracknumbers\":true,\"images\":true,\"artists\":true,\"tracks\":[{\"src\":\"https:\\\/\\\/www.medellin.gov.co\\\/es\\\/wp-content\\\/uploads\\\/2025\\\/05\\\/Audio-Declaraciones-subsecretario-de-Bibliotecas-Lectura-y-Patrimonio-Andres-Sarmiento.mp3\",\"type\":\"audio\\\/mpeg\",\"title\":\"Audio Declaraciones subsecretario de Bibliotecas, Lectura y Patrimonio, Andr\\u00e9s Sarmiento\",\"caption\":\"\",\"description\":\"\\u00abAudio Declaraciones subsecretario de Bibliotecas, Lectura y Patrimonio, Andr\\u00e9s Sarmiento\\u00bb. G\\u00e9nero: Blues.\",\"meta\":{\"genre\":\"Blues\",\"length_formatted\":\"0:53\"},\"image\":{\"src\":\"https:\\\/\\\/www.medellin.gov.co\\\/es\\\/wp-includes\\\/images\\\/media\\\/audio.png\",\"width\":48,\"height\":64},\"thumb\":{\"src\":\"https:\\\/\\\/www.medellin.gov.co\\\/es\\\/wp-includes\\\/images\\\/media\\\/audio.png\",\"width\":48,\"height\":64}},{\"src\":\"https:\\\/\\\/www.medellin.gov.co\\\/es\\\/wp-content\\\/uploads\\\/2025\\\/05\\\/Audio-Declaraciones-de-la-articuladora-de-Servicios-de-Informacion-del-Sistema-de-Bibliotecas-Lorena-Castaneda.mp3\",\"type\":\"audio\\\/mpeg\",\"title\":\"Audio Declaraciones de la articuladora de Servicios de Informaci\\u00f3n del Sistema de Bibliotecas, Lorena Casta\\u00f1eda\",\"caption\":\"\",\"description\":\"\\u00abAudio Declaraciones de la articuladora de Servicios de Informaci\\u00f3n del Sistema de Bibliotecas, Lorena Casta\\u00f1eda\\u00bb. G\\u00e9nero: Blues.\",\"meta\":{\"genre\":\"Blues\",\"length_formatted\":\"0:53\"},\"image\":{\"src\":\"https:\\\/\\\/www.medellin.gov.co\\\/es\\\/wp-includes\\\/images\\\/media\\\/audio.png\",\"width\":48,\"height\":64},\"thumb\":{\"src\":\"https:\\\/\\\/www.medellin.gov.co\\\/es\\\/wp-includes\\\/images\\\/media\\\/audio.png\",\"width\":48,\"height\":64}}]}<\/script>\n<\/div>\n\t\n<p>Este s\u00e1bado 10 de mayo, San Crist\u00f3bal ser\u00e1 escenario del 10. \u00b0 Encuentro de Bibliotecas Populares y Comunitarias, que reunir\u00e1 a gestores culturales, amantes y promotores de la lectura y la educaci\u00f3n popular. Bajo la tem\u00e1tica Historias de Vida, la jornada se desarrollar\u00e1 en el Parque Biblioteca Lusitania, entre las 9:00 a. m. y las 5:00 p. m., con ingreso libre y previa inscripci\u00f3n en <a href=\"http:\/\/www.bibliotecasmedellin.gov.co\" target=\"_blank\" rel=\"noopener\">www.bibliotecasmedellin.gov.co<\/a><\/p>\n<p>Con la iniciativa, el Sistema de Bibliotecas P\u00fablicas de Medell\u00edn busca exaltar el papel de estos espacios comunitarios sostenidos por ciudadanos comprometidos con la difusi\u00f3n del conocimiento, el aprendizaje como fuente de esperanza y el di\u00e1logo como puente para acercar los territorios a la oferta del Distrito con su Plan Ciudadano de Lectura, Escritura y Oralidad (PCLEO).<\/p>\n<p>\u201c<em>Es una reflexi\u00f3n profunda sobre lo que significa esta articulaci\u00f3n entre el Sistema de Bibliotecas P\u00fablicas de Medell\u00edn y las bibliotecas populares y comunitarias. Rendiremos homenaje a estos bibliotecarios y bibliotecarias que hacen parte de esta gran comunidad<\/em>\u201d, indic\u00f3 el subsecretario de Bibliotecas, Lectura y Patrimonio, Andr\u00e9s Sarmiento.<\/p>\n<p><a href=\"https:\/\/www.medellin.gov.co\/es\/wp-content\/uploads\/2025\/05\/Imagen-asistentes-al-Encuentro-de-Bibliotecas-Populares-y-Comunitarias-1.jpg\" target=\"_blank\" rel=\"noopener\"><img loading=\"lazy\" class=\"alignnone wp-image-407519 size-full\" src=\"https:\/\/www.medellin.gov.co\/es\/wp-content\/uploads\/2025\/05\/Imagen-asistentes-al-Encuentro-de-Bibliotecas-Populares-y-Comunitarias-1.jpg\" alt=\"Imagen asistentes al Encuentro de Bibliotecas Populares y Comunitarias\" width=\"1141\" height=\"760\" srcset=\"https:\/\/www.medellin.gov.co\/es\/wp-content\/uploads\/2025\/05\/Imagen-asistentes-al-Encuentro-de-Bibliotecas-Populares-y-Comunitarias-1.jpg 1141w, https:\/\/www.medellin.gov.co\/es\/wp-content\/uploads\/2025\/05\/Imagen-asistentes-al-Encuentro-de-Bibliotecas-Populares-y-Comunitarias-1-300x200.jpg 300w, https:\/\/www.medellin.gov.co\/es\/wp-content\/uploads\/2025\/05\/Imagen-asistentes-al-Encuentro-de-Bibliotecas-Populares-y-Comunitarias-1-1024x682.jpg 1024w, https:\/\/www.medellin.gov.co\/es\/wp-content\/uploads\/2025\/05\/Imagen-asistentes-al-Encuentro-de-Bibliotecas-Populares-y-Comunitarias-1-150x100.jpg 150w, https:\/\/www.medellin.gov.co\/es\/wp-content\/uploads\/2025\/05\/Imagen-asistentes-al-Encuentro-de-Bibliotecas-Populares-y-Comunitarias-1-768x512.jpg 768w\" sizes=\"(max-width: 1141px) 100vw, 1141px\" \/><\/a><\/p>\n<p>Ser\u00e1n ocho horas de programaci\u00f3n donde los asistentes participar\u00e1n en conversatorios con actores clave de proyectos alineados con la misi\u00f3n y los objetivos de las bibliotecas populares y comunitarias. Dentro de la agenda se destaca la charla CAPIR, un proceso de transformaci\u00f3n territorial desde la juntanza que iniciar\u00e1 a las 9:00 a. m. y contar\u00e1 con el l\u00edder de gesti\u00f3n de la Red CAPIR, Carlos Eduardo Solano Morales.<\/p>\n<p>A las 10:45 a. m. se realizar\u00e1 el segundo conversatorio: Voces del quehacer bibliotecario a trav\u00e9s de los a\u00f1os; y a las 11:45 a. m. se desarrollar\u00e1 el conversatorio con los representantes de las redes de bibliotecas populares, comunitarias y comunales del Valle de Aburr\u00e1, moderado por el representante de la Red de Bibliotecas Populares de Antioquia \u2013 Rebipoa, Joaqu\u00edn Arley Orozco\u00a0Vel\u00e1squez.<\/p>\n<p>A partir de las 2:00 p. m., los participantes podr\u00e1n interactuar con una variedad de actividades como el Taller de escritura: Historias autobiogr\u00e1ficas de vinculaci\u00f3n a la biblioteca, que ofrecer\u00e1 un espacio para reflexionar sobre experiencias personales en relaci\u00f3n con estos espacios culturales.<\/p>\n<p><a href=\"https:\/\/www.medellin.gov.co\/es\/wp-content\/uploads\/2025\/05\/Imagen-musicos-en-Encuentro-de-Bibliotecas-Populares-y-Comunitarias.jpg\" target=\"_blank\" rel=\"noopener\"><img loading=\"lazy\" class=\"alignnone wp-image-407543 size-full\" src=\"https:\/\/www.medellin.gov.co\/es\/wp-content\/uploads\/2025\/05\/Imagen-musicos-en-Encuentro-de-Bibliotecas-Populares-y-Comunitarias.jpg\" alt=\"Imagen m\u00fasicos en Encuentro de Bibliotecas Populares y Comunitarias\" width=\"1141\" height=\"760\" srcset=\"https:\/\/www.medellin.gov.co\/es\/wp-content\/uploads\/2025\/05\/Imagen-musicos-en-Encuentro-de-Bibliotecas-Populares-y-Comunitarias.jpg 1141w, https:\/\/www.medellin.gov.co\/es\/wp-content\/uploads\/2025\/05\/Imagen-musicos-en-Encuentro-de-Bibliotecas-Populares-y-Comunitarias-300x200.jpg 300w, https:\/\/www.medellin.gov.co\/es\/wp-content\/uploads\/2025\/05\/Imagen-musicos-en-Encuentro-de-Bibliotecas-Populares-y-Comunitarias-1024x682.jpg 1024w, https:\/\/www.medellin.gov.co\/es\/wp-content\/uploads\/2025\/05\/Imagen-musicos-en-Encuentro-de-Bibliotecas-Populares-y-Comunitarias-150x100.jpg 150w, https:\/\/www.medellin.gov.co\/es\/wp-content\/uploads\/2025\/05\/Imagen-musicos-en-Encuentro-de-Bibliotecas-Populares-y-Comunitarias-768x512.jpg 768w\" sizes=\"(max-width: 1141px) 100vw, 1141px\" \/><\/a><\/p>\n<p>Simult\u00e1neamente, el taller Eskuchaderos Poplurales, contar\u00e1 con la participaci\u00f3n de dinamizadores de la Ludobibliotka Manuel Burgos del barrio Bello Oriente, un territorio que sobresale por el sentido comunitario.<\/p>\n<p>\u201c<em>Representa un homenaje a la labor que realizan, d\u00eda a d\u00eda, los bibliotecarios y bibliotecarias populares y comunitarias de la ciudad. Ellos y ellas posibilitan que las personas que tienen dif\u00edcil acceso a la informaci\u00f3n, acceda a la cultura, la lectura y el conocimiento<\/em>\u201d, expres\u00f3 la articuladora de Servicios de Informaci\u00f3n del Sistema de Bibliotecas, Lorena Casta\u00f1eda.<\/p>\n<p>El encuentro concluir\u00e1 con un reconocimiento, en el que se otorgar\u00e1n $3 millones al primer lugar y $2 millones al segundo, adem\u00e1s de dos menciones especiales, cada una con un incentivo de $400.000. Los premios ser\u00e1n entregados en bonos canjeables en librer\u00edas.<\/p>\n<p>La programaci\u00f3n estar\u00e1 disponible en las redes sociales @bibliotecasmed<\/p>\n","protected":false},"excerpt":{"rendered":"<p>Se realizar\u00e1 en el sector Nuevo Occidente, de 9:00 a. m. a 5:00 p. m. Habr\u00e1 entrada libre a conversatorios y talleres. La Alcald\u00eda entregar\u00e1 premios en bonos canjeables en librer\u00edas. Se otorgar\u00e1n primer y &#8230;<\/p>\n","protected":false},"author":21,"featured_media":407518,"comment_status":"open","ping_status":"open","sticky":false,"template":"","format":"standard","meta":[],"categories":[31],"tags":[444],"formato_nota":[],"programas_tax":[],"acf":[],"_links":{"self":[{"href":"https:\/\/www.medellin.gov.co\/es\/wp-json\/wp\/v2\/posts\/407553"}],"collection":[{"href":"https:\/\/www.medellin.gov.co\/es\/wp-json\/wp\/v2\/posts"}],"about":[{"href":"https:\/\/www.medellin.gov.co\/es\/wp-json\/wp\/v2\/types\/post"}],"author":[{"embeddable":true,"href":"https:\/\/www.medellin.gov.co\/es\/wp-json\/wp\/v2\/users\/21"}],"replies":[{"embeddable":true,"href":"https:\/\/www.medellin.gov.co\/es\/wp-json\/wp\/v2\/comments?post=407553"}],"version-history":[{"count":1,"href":"https:\/\/www.medellin.gov.co\/es\/wp-json\/wp\/v2\/posts\/407553\/revisions"}],"predecessor-version":[{"id":407556,"href":"https:\/\/www.medellin.gov.co\/es\/wp-json\/wp\/v2\/posts\/407553\/revisions\/407556"}],"wp:featuredmedia":[{"embeddable":true,"href":"https:\/\/www.medellin.gov.co\/es\/wp-json\/wp\/v2\/media\/407518"}],"wp:attachment":[{"href":"https:\/\/www.medellin.gov.co\/es\/wp-json\/wp\/v2\/media?parent=407553"}],"wp:term":[{"taxonomy":"category","embeddable":true,"href":"https:\/\/www.medellin.gov.co\/es\/wp-json\/wp\/v2\/categories?post=407553"},{"taxonomy":"post_tag","embeddable":true,"href":"https:\/\/www.medellin.gov.co\/es\/wp-json\/wp\/v2\/tags?post=407553"},{"taxonomy":"formato_nota","embeddable":true,"href":"https:\/\/www.medellin.gov.co\/es\/wp-json\/wp\/v2\/formato_nota?post=407553"},{"taxonomy":"programas_tax","embeddable":true,"href":"https:\/\/www.medellin.gov.co\/es\/wp-json\/wp\/v2\/programas_tax?post=407553"}],"curies":[{"name":"wp","href":"https:\/\/api.w.org\/{rel}","templated":true}]}}