{"id":407560,"date":"2025-05-08T13:14:37","date_gmt":"2025-05-08T18:14:37","guid":{"rendered":"https:\/\/www.medellin.gov.co\/es\/?p=407560"},"modified":"2025-05-08T13:14:37","modified_gmt":"2025-05-08T18:14:37","slug":"la-alcaldia-de-medellin-entregara-mas-de-600-becas-y-creditos-condonables-de-los-fondos-sapiencia-en-el-segundo-semestre-de-2025","status":"publish","type":"post","link":"https:\/\/www.medellin.gov.co\/es\/sala-de-prensa\/noticias\/la-alcaldia-de-medellin-entregara-mas-de-600-becas-y-creditos-condonables-de-los-fondos-sapiencia-en-el-segundo-semestre-de-2025\/","title":{"rendered":"La Alcald\u00eda de Medell\u00edn entregar\u00e1 m\u00e1s de 600 becas y cr\u00e9ditos condonables de los Fondos Sapiencia en el segundo semestre de 2025"},"content":{"rendered":"<ul>\n<li>Se destinar\u00e1n m\u00e1s de $37.000 millones. Las postulaciones se recibir\u00e1n a partir del mediod\u00eda del 8 de mayo y hasta 12 de junio.<\/li>\n<li>Las personas podr\u00e1n consultar toda la informaci\u00f3n en <a href=\"http:\/\/www.sapiencia.gov.co\">www.sapiencia.gov.co<\/a><\/li>\n<\/ul>\n<!--[if lt IE 9]><script>document.createElement('audio');<\/script><![endif]-->\n\t<div class=\"wp-playlist wp-audio-playlist wp-playlist-light\">\n\t\t\t<div class=\"wp-playlist-current-item\"><\/div>\n\t\t<audio controls=\"controls\" preload=\"none\" width=\"640\"\n\t\t\t><\/audio>\n\t<div class=\"wp-playlist-next\"><\/div>\n\t<div class=\"wp-playlist-prev\"><\/div>\n\t<noscript>\n\t<ol>\n\t\t<li><a href='https:\/\/www.medellin.gov.co\/es\/wp-content\/uploads\/2025\/05\/Audio-Declaraciones-del-director-general-de-Sapiencia-Salomon-Cruz-Zirene.mp3'>Audio Declaraciones del director general de Sapiencia, Salom\u00f3n Cruz Zirene<\/a><\/li><li><a href='https:\/\/www.medellin.gov.co\/es\/wp-content\/uploads\/2025\/05\/Audio-Declaraciones-de-Juana-Rueda-Vargas-beneficiaria.mp3'>Audio Declaraciones de Juana Rueda Vargas, beneficiaria<\/a><\/li>\t<\/ol>\n\t<\/noscript>\n\t<script type=\"application\/json\" class=\"wp-playlist-script\">{\"type\":\"audio\",\"tracklist\":true,\"tracknumbers\":true,\"images\":true,\"artists\":true,\"tracks\":[{\"src\":\"https:\\\/\\\/www.medellin.gov.co\\\/es\\\/wp-content\\\/uploads\\\/2025\\\/05\\\/Audio-Declaraciones-del-director-general-de-Sapiencia-Salomon-Cruz-Zirene.mp3\",\"type\":\"audio\\\/mpeg\",\"title\":\"Audio Declaraciones del director general de Sapiencia, Salom\\u00f3n Cruz Zirene\",\"caption\":\"Declaraciones del director general de Sapiencia, Salom\\u00f3n Cruz Zirene\",\"description\":\"\\u00abAudio Declaraciones del director general de Sapiencia, Salom\\u00f3n Cruz Zirene\\u00bb. G\\u00e9nero: Blues.\",\"meta\":{\"genre\":\"Blues\",\"length_formatted\":\"0:55\"},\"image\":{\"src\":\"https:\\\/\\\/www.medellin.gov.co\\\/es\\\/wp-includes\\\/images\\\/media\\\/audio.png\",\"width\":48,\"height\":64},\"thumb\":{\"src\":\"https:\\\/\\\/www.medellin.gov.co\\\/es\\\/wp-includes\\\/images\\\/media\\\/audio.png\",\"width\":48,\"height\":64}},{\"src\":\"https:\\\/\\\/www.medellin.gov.co\\\/es\\\/wp-content\\\/uploads\\\/2025\\\/05\\\/Audio-Declaraciones-de-Juana-Rueda-Vargas-beneficiaria.mp3\",\"type\":\"audio\\\/mpeg\",\"title\":\"Audio Declaraciones de Juana Rueda Vargas, beneficiaria\",\"caption\":\"Declaraciones de Juana Rueda Vargas, beneficiaria\",\"description\":\"\\u00abAudio Declaraciones de Juana Rueda Vargas, beneficiaria\\u00bb. G\\u00e9nero: Blues.\",\"meta\":{\"genre\":\"Blues\",\"length_formatted\":\"1:01\"},\"image\":{\"src\":\"https:\\\/\\\/www.medellin.gov.co\\\/es\\\/wp-includes\\\/images\\\/media\\\/audio.png\",\"width\":48,\"height\":64},\"thumb\":{\"src\":\"https:\\\/\\\/www.medellin.gov.co\\\/es\\\/wp-includes\\\/images\\\/media\\\/audio.png\",\"width\":48,\"height\":64}}]}<\/script>\n<\/div>\n\t\n<p>Estudiar en Medell\u00edn s\u00ed es posible gracias a la nueva convocatoria de los Fondos Sapiencia, que otorgar\u00e1 642 cupos para pregrado y posgrado, a nivel nacional e internacional, as\u00ed como para las becas Maestros (Formaci\u00f3n Avanzada) y Mejores Deportistas, en el segundo semestre de 2025, con una inversi\u00f3n superior a los $37.000 millones.<\/p>\n<p>\u201c<em>Hasta el 12 de junio tendremos abierta la convocatoria Fondos Sapiencia para todos aquellos que est\u00e1n estudiando o que van acceder a educaci\u00f3n superior. Lo m\u00e1s importante es que esta convocatoria est\u00e1 dirigida a estudiantes activos en educaci\u00f3n superior o aquellos que van a iniciar porque sabemos que las condiciones sociales y econ\u00f3micas en cualquier momento pueden cambiar de cualquier estudiante. Lo importante es que tengan su admisi\u00f3n en una instituci\u00f3n de educaci\u00f3n superior<\/em>\u201d, expres\u00f3 el director general de Sapiencia, Salom\u00f3n Cruz Zirene.<\/p>\n<p><a href=\"https:\/\/www.medellin.gov.co\/es\/wp-content\/uploads\/2025\/05\/Imagen-alcalde-Federico-Gutierrez-entrega-beca-a-eestudiante-por-el-Fondos-Sapiencia.jpg\" target=\"_blank\" rel=\"noopener\"><img loading=\"lazy\" class=\"alignnone wp-image-407521 size-full\" src=\"https:\/\/www.medellin.gov.co\/es\/wp-content\/uploads\/2025\/05\/Imagen-alcalde-Federico-Gutierrez-entrega-beca-a-eestudiante-por-el-Fondos-Sapiencia.jpg\" alt=\"Imagen alcalde Federico Guti\u00e9rrez entrega beca a eestudiante por el Fondos Sapiencia\" width=\"1141\" height=\"760\" srcset=\"https:\/\/www.medellin.gov.co\/es\/wp-content\/uploads\/2025\/05\/Imagen-alcalde-Federico-Gutierrez-entrega-beca-a-eestudiante-por-el-Fondos-Sapiencia.jpg 1141w, https:\/\/www.medellin.gov.co\/es\/wp-content\/uploads\/2025\/05\/Imagen-alcalde-Federico-Gutierrez-entrega-beca-a-eestudiante-por-el-Fondos-Sapiencia-300x200.jpg 300w, https:\/\/www.medellin.gov.co\/es\/wp-content\/uploads\/2025\/05\/Imagen-alcalde-Federico-Gutierrez-entrega-beca-a-eestudiante-por-el-Fondos-Sapiencia-1024x682.jpg 1024w, https:\/\/www.medellin.gov.co\/es\/wp-content\/uploads\/2025\/05\/Imagen-alcalde-Federico-Gutierrez-entrega-beca-a-eestudiante-por-el-Fondos-Sapiencia-150x100.jpg 150w, https:\/\/www.medellin.gov.co\/es\/wp-content\/uploads\/2025\/05\/Imagen-alcalde-Federico-Gutierrez-entrega-beca-a-eestudiante-por-el-Fondos-Sapiencia-768x512.jpg 768w\" sizes=\"(max-width: 1141px) 100vw, 1141px\" \/><\/a><\/p>\n<p>Gracias a la priorizaci\u00f3n realizada a trav\u00e9s del Presupuesto Participativo, en esta convocatoria se invertir\u00e1n m\u00e1s de $28.919 millones. Estos fondos permitir\u00e1n otorgar 555 cupos as\u00ed: 373 para pregrado, 128 para posgrado nacional (Extendiendo Fronteras) y 54 para posgrado internacional (Enlaza Mundos). Adicionalmente, con recursos ordinarios se destinar\u00e1n m\u00e1s de $8.431 millones para financiar 44 becas Mejores Deportistas y 43 de Formaci\u00f3n Avanzada (dirigidas a maestros).<\/p>\n<p>Los seleccionados podr\u00e1n acceder a cr\u00e9ditos condonables para financiar la matr\u00edcula y el sostenimiento de sus estudios. Este apoyo tiene como objetivo garantizar el acceso y la permanencia en la educaci\u00f3n postsecundaria, cubriendo programas t\u00e9cnicos, tecnol\u00f3gicos, de pregrado en instituciones de\u00a0educaci\u00f3n superior del Valle de Aburr\u00e1 y posgrados nacionales en maestr\u00edas y doctorados en universidades que suscribieron el acuerdo de voluntades con la Alcald\u00eda de Medell\u00edn.<\/p>\n<p>Por ejemplo, Juana Rueda Vargas de 23 a\u00f1os practica el tiro con pistola y hace parte de los atletas del ciclo Ol\u00edmpico. Gracias a su esfuerzo y dedicaci\u00f3n en esta disciplina, obtuvo en una convocatoria pasada la beca Mejores Deportistas: \u201c<em>Me ayud\u00f3 a sostenerme. En realidad, es una ayuda muy importante porque en mi caso el alivio era de casi $10 millones por semestre. Me hubiera gustado enterarme mucho antes, pero, sin duda, fue una gran ayuda para m\u00ed y mi familia<\/em>\u201d.<\/p>\n<p><a href=\"https:\/\/www.medellin.gov.co\/es\/wp-content\/uploads\/2025\/05\/Imagen-de-estudiantes-en-universidad.jpg\" target=\"_blank\" rel=\"noopener\"><img loading=\"lazy\" class=\"alignnone wp-image-407513 size-full\" src=\"https:\/\/www.medellin.gov.co\/es\/wp-content\/uploads\/2025\/05\/Imagen-de-estudiantes-en-universidad.jpg\" alt=\"Imagen de estudiantes en universidad\" width=\"1141\" height=\"760\" srcset=\"https:\/\/www.medellin.gov.co\/es\/wp-content\/uploads\/2025\/05\/Imagen-de-estudiantes-en-universidad.jpg 1141w, https:\/\/www.medellin.gov.co\/es\/wp-content\/uploads\/2025\/05\/Imagen-de-estudiantes-en-universidad-300x200.jpg 300w, https:\/\/www.medellin.gov.co\/es\/wp-content\/uploads\/2025\/05\/Imagen-de-estudiantes-en-universidad-1024x682.jpg 1024w, https:\/\/www.medellin.gov.co\/es\/wp-content\/uploads\/2025\/05\/Imagen-de-estudiantes-en-universidad-150x100.jpg 150w, https:\/\/www.medellin.gov.co\/es\/wp-content\/uploads\/2025\/05\/Imagen-de-estudiantes-en-universidad-768x512.jpg 768w\" sizes=\"(max-width: 1141px) 100vw, 1141px\" \/><\/a><\/p>\n<p>Por su parte, Mar\u00eda Alejandra Restrepo Mu\u00f1oz, docente de la I. E. Fe y Alegr\u00eda El Limonar, en San Antonio de Prado, termin\u00f3 su maestr\u00eda en Cartagena, gracias a la beca Maestros de formaci\u00f3n avanzada: \u201c<em>A la Alcald\u00eda de Medell\u00edn y a Sapiencia les doy muchas gracias por la beca. Muchos maestros no terminan sus estudios por motivos econ\u00f3micos, y ustedes nos brindan esta oportunidad. Tambi\u00e9n s\u00e9 que se la ofrecen a nuestros estudiantes<\/em>\u201d.<\/p>\n<p>Al finalizar la inscripci\u00f3n, cada aspirante ser\u00e1 evaluado y recibir\u00e1 un puntaje de acuerdo con los criterios del decreto reglamentario. El 20 de junio se publicar\u00e1 la resoluci\u00f3n y se notificar\u00e1 a los preseleccionados de la actual convocatoria por medio de correo electr\u00f3nico. La preselecci\u00f3n no garantiza la asignaci\u00f3n del beneficio, por lo que se debe completar todo el proceso. Adicional, este se otorga hasta agotar los recursos disponibles.<\/p>\n<p>Para el cuatrienio 2024-2027, se proyecta entregar 2.600 becas y cr\u00e9ditos nuevos, adem\u00e1s de 20.000 matr\u00edculas pagas por continuidad.<\/p>\n<p>M\u00e1s informaci\u00f3n sobre requisitos y conocer el listado de universidades que suscribieron el acuerdo con la Alcald\u00eda pueden ingresar a la p\u00e1gina <a href=\"http:\/\/www.sapiencia.gov.co\" target=\"_blank\" rel=\"noopener\">www.sapiencia.gov.co<\/a><\/p>\n","protected":false},"excerpt":{"rendered":"<p>Se destinar\u00e1n m\u00e1s de $37.000 millones. Las postulaciones se recibir\u00e1n a partir del mediod\u00eda del 8 de mayo y hasta 12 de junio. Las personas podr\u00e1n consultar toda la informaci\u00f3n en www.sapiencia.gov.co Estudiar en Medell\u00edn &#8230;<\/p>\n","protected":false},"author":21,"featured_media":407515,"comment_status":"open","ping_status":"open","sticky":false,"template":"","format":"standard","meta":[],"categories":[4],"tags":[431],"formato_nota":[],"programas_tax":[],"acf":[],"_links":{"self":[{"href":"https:\/\/www.medellin.gov.co\/es\/wp-json\/wp\/v2\/posts\/407560"}],"collection":[{"href":"https:\/\/www.medellin.gov.co\/es\/wp-json\/wp\/v2\/posts"}],"about":[{"href":"https:\/\/www.medellin.gov.co\/es\/wp-json\/wp\/v2\/types\/post"}],"author":[{"embeddable":true,"href":"https:\/\/www.medellin.gov.co\/es\/wp-json\/wp\/v2\/users\/21"}],"replies":[{"embeddable":true,"href":"https:\/\/www.medellin.gov.co\/es\/wp-json\/wp\/v2\/comments?post=407560"}],"version-history":[{"count":1,"href":"https:\/\/www.medellin.gov.co\/es\/wp-json\/wp\/v2\/posts\/407560\/revisions"}],"predecessor-version":[{"id":407563,"href":"https:\/\/www.medellin.gov.co\/es\/wp-json\/wp\/v2\/posts\/407560\/revisions\/407563"}],"wp:featuredmedia":[{"embeddable":true,"href":"https:\/\/www.medellin.gov.co\/es\/wp-json\/wp\/v2\/media\/407515"}],"wp:attachment":[{"href":"https:\/\/www.medellin.gov.co\/es\/wp-json\/wp\/v2\/media?parent=407560"}],"wp:term":[{"taxonomy":"category","embeddable":true,"href":"https:\/\/www.medellin.gov.co\/es\/wp-json\/wp\/v2\/categories?post=407560"},{"taxonomy":"post_tag","embeddable":true,"href":"https:\/\/www.medellin.gov.co\/es\/wp-json\/wp\/v2\/tags?post=407560"},{"taxonomy":"formato_nota","embeddable":true,"href":"https:\/\/www.medellin.gov.co\/es\/wp-json\/wp\/v2\/formato_nota?post=407560"},{"taxonomy":"programas_tax","embeddable":true,"href":"https:\/\/www.medellin.gov.co\/es\/wp-json\/wp\/v2\/programas_tax?post=407560"}],"curies":[{"name":"wp","href":"https:\/\/api.w.org\/{rel}","templated":true}]}}