{"id":407584,"date":"2025-05-08T14:53:52","date_gmt":"2025-05-08T19:53:52","guid":{"rendered":"https:\/\/www.medellin.gov.co\/es\/?p=407584"},"modified":"2025-05-12T15:33:54","modified_gmt":"2025-05-12T20:33:54","slug":"experiencia-barro-y-vocacion-carlos-hernandez-un-guardian-del-agua-en-medellin","status":"publish","type":"post","link":"https:\/\/www.medellin.gov.co\/es\/sala-de-prensa\/noticias\/experiencia-barro-y-vocacion-carlos-hernandez-un-guardian-del-agua-en-medellin\/","title":{"rendered":"Experiencia, barro y vocaci\u00f3n: Carlos Hern\u00e1ndez, un guardi\u00e1n del agua en Medell\u00edn"},"content":{"rendered":"<p>La quebrada La Chorrera ruge. No como un r\u00edo sereno, sino como una herida abierta. En medio del lodazal, sobre piedras mojadas y monta\u00f1as de escombros, camina un hombre de 61 a\u00f1os cargando al hombro su herramienta de batalla: un gancho, picas, palas, un par de guantes curtidos y un sombrero que lo protege del sol.<\/p>\n<p>Se llama Carlos Alberto Hern\u00e1ndez Guti\u00e9rrez, lleva 34 a\u00f1os trabajando para la Alcald\u00eda de Medell\u00edn y, de ellos, 18 en la Secretar\u00eda de Medio Ambiente. Su oficio, operador de martillo, va mucho m\u00e1s all\u00e1 de romper concreto: su verdadera vocaci\u00f3n es limpiar quebradas, abrirles paso entre la basura y devolverles la vida.<\/p>\n<p><img loading=\"lazy\" class=\"alignnone size-full wp-image-407596\" src=\"https:\/\/www.medellin.gov.co\/es\/wp-content\/uploads\/2025\/05\/Imagen-Carlos-Hernandez-con-casco-amarillo.jpg\" alt=\"Imagen Carlos Hern\u00e1ndez con casco amarillo\" width=\"960\" height=\"720\" srcset=\"https:\/\/www.medellin.gov.co\/es\/wp-content\/uploads\/2025\/05\/Imagen-Carlos-Hernandez-con-casco-amarillo.jpg 960w, https:\/\/www.medellin.gov.co\/es\/wp-content\/uploads\/2025\/05\/Imagen-Carlos-Hernandez-con-casco-amarillo-300x225.jpg 300w, https:\/\/www.medellin.gov.co\/es\/wp-content\/uploads\/2025\/05\/Imagen-Carlos-Hernandez-con-casco-amarillo-150x113.jpg 150w, https:\/\/www.medellin.gov.co\/es\/wp-content\/uploads\/2025\/05\/Imagen-Carlos-Hernandez-con-casco-amarillo-768x576.jpg 768w\" sizes=\"(max-width: 960px) 100vw, 960px\" \/><\/p>\n<p>Recientemente, en el corregimiento <a href=\"https:\/\/www.medellin.gov.co\/es\/corregimientos\/gerencia\/san-antonio-de-prado\/#:~:text=San%20Antonio%20de%20Prado%20es,Sebasti%C3%A1n%20de%20Palmitas%20y%20Altavista.\">San Antonio de Prado<\/a>, donde una emergencia por lluvias puso en riesgo a decenas de familias, Carlos se mov\u00eda con la destreza de quien conoce cada secreto del agua. Se detuvo, analiz\u00f3 el terreno, midi\u00f3 el cauce con la mirada, respir\u00f3 hondo y se meti\u00f3. Sin dudarlo.<\/p>\n<p><em>\u201cEn las quebradas he encontrado de todo: muebles, pedazos de cama, escaparates, bolsas con icopor de comidas r\u00e1pidas e incluso animales dom\u00e9sticos fallecidos\u201d,<\/em> cuenta mientras saca con esfuerzo una bolsa con basura que se resiste a salir del barro. No se queja, no protesta. Para \u00e9l, no hay tarea m\u00e1s digna que ver una quebrada limpia.<\/p>\n<h4><strong>Cuatro hijos<\/strong><\/h4>\n<p>Cada golpe de su pala, cada arrastre de su gancho, parece ser un acto de amor\u2026, amor por Medell\u00edn, por el agua y por su oficio. Un amor que ha moldeado a lo largo de tres d\u00e9cadas y que tambi\u00e9n le permiti\u00f3 forjar su vida familiar. <em>\u201cHe logrado tener la casita y el estudio para los hijos gracias a este empleo\u201d,<\/em> dice con el mismo orgullo con el que muestra sus manos curtidas por los a\u00f1os.<\/p>\n<p>Tiene cuatro hijos \u2013 el menor, de apenas 12 a\u00f1os \u2013 y habla de ellos como su mayor logro. Con cada jornada en el barro, con cada metro de quebrada recuperada, Carlos fue construyendo sue\u00f1os: una casa propia, educaci\u00f3n para sus hijos y tranquilidad para su familia.<\/p>\n<p><img loading=\"lazy\" class=\"alignnone size-large wp-image-407600\" src=\"https:\/\/www.medellin.gov.co\/es\/wp-content\/uploads\/2025\/05\/Imagen-Carlos-Hernandez-cuidando-quebrada-1024x576.jpg\" alt=\"Imagen Carlos Hern\u00e1ndez cuidando quebrada\" width=\"1024\" height=\"576\" srcset=\"https:\/\/www.medellin.gov.co\/es\/wp-content\/uploads\/2025\/05\/Imagen-Carlos-Hernandez-cuidando-quebrada-1024x576.jpg 1024w, https:\/\/www.medellin.gov.co\/es\/wp-content\/uploads\/2025\/05\/Imagen-Carlos-Hernandez-cuidando-quebrada-300x169.jpg 300w, https:\/\/www.medellin.gov.co\/es\/wp-content\/uploads\/2025\/05\/Imagen-Carlos-Hernandez-cuidando-quebrada-150x84.jpg 150w, https:\/\/www.medellin.gov.co\/es\/wp-content\/uploads\/2025\/05\/Imagen-Carlos-Hernandez-cuidando-quebrada-768x432.jpg 768w, https:\/\/www.medellin.gov.co\/es\/wp-content\/uploads\/2025\/05\/Imagen-Carlos-Hernandez-cuidando-quebrada.jpg 1280w\" sizes=\"(max-width: 1024px) 100vw, 1024px\" \/><\/p>\n<p>Hoy trabaja con un reloj en cuenta regresiva, pues le faltan apenas 21 meses para pensionarse. Pero no piensa en el retiro como un adi\u00f3s; piensa en seguir sirviendo y ense\u00f1ando a otros el valor de respetar la naturaleza. Su sue\u00f1o es salir con la frente en alto y continuar aport\u00e1ndole a la sociedad, adonde la vida lo lleve.<\/p>\n<p>A su alrededor, sus compa\u00f1eros lo llaman <em>\u201cel pap\u00e1 del grupo\u201d.<\/em> Es quien aconseja, escucha y mantiene el \u00e1nimo arriba cuando las botas pesan, cuando el sol castiga o cuando el cansancio amenaza con vencer.<\/p>\n<p><img loading=\"lazy\" class=\"alignnone size-full wp-image-407597\" src=\"https:\/\/www.medellin.gov.co\/es\/wp-content\/uploads\/2025\/05\/Imagen-Carlos-Hernandez-con-companero.jpg\" alt=\"Imagen Carlos Hern\u00e1ndez con compa\u00f1ero\" width=\"960\" height=\"720\" srcset=\"https:\/\/www.medellin.gov.co\/es\/wp-content\/uploads\/2025\/05\/Imagen-Carlos-Hernandez-con-companero.jpg 960w, https:\/\/www.medellin.gov.co\/es\/wp-content\/uploads\/2025\/05\/Imagen-Carlos-Hernandez-con-companero-300x225.jpg 300w, https:\/\/www.medellin.gov.co\/es\/wp-content\/uploads\/2025\/05\/Imagen-Carlos-Hernandez-con-companero-150x113.jpg 150w, https:\/\/www.medellin.gov.co\/es\/wp-content\/uploads\/2025\/05\/Imagen-Carlos-Hernandez-con-companero-768x576.jpg 768w\" sizes=\"(max-width: 960px) 100vw, 960px\" \/><\/p>\n<h4><strong>Su mensaje<\/strong><\/h4>\n<p>Carlos sabe que su trabajo no termina en la quebrada. Su mensaje va m\u00e1s all\u00e1: <em>\u201cProcuren no tirar basura a las quebradas y tampoco desechos. Si tienen escombros, deben llamar a Empresas Varias para que los recojan y esperar a que pasen los carros recolectores\u201d,<\/em> insiste, convencido de que la educaci\u00f3n ambiental es tan importante como la limpieza misma.<\/p>\n<p><img loading=\"lazy\" class=\"alignnone size-full wp-image-407592\" src=\"https:\/\/www.medellin.gov.co\/es\/wp-content\/uploads\/2025\/05\/Imagen-Carlos-Hernandez-con-carreta-2.jpg\" alt=\"Imagen Carlos Hern\u00e1ndez con carreta\" width=\"960\" height=\"720\" srcset=\"https:\/\/www.medellin.gov.co\/es\/wp-content\/uploads\/2025\/05\/Imagen-Carlos-Hernandez-con-carreta-2.jpg 960w, https:\/\/www.medellin.gov.co\/es\/wp-content\/uploads\/2025\/05\/Imagen-Carlos-Hernandez-con-carreta-2-300x225.jpg 300w, https:\/\/www.medellin.gov.co\/es\/wp-content\/uploads\/2025\/05\/Imagen-Carlos-Hernandez-con-carreta-2-150x113.jpg 150w, https:\/\/www.medellin.gov.co\/es\/wp-content\/uploads\/2025\/05\/Imagen-Carlos-Hernandez-con-carreta-2-768x576.jpg 768w\" sizes=\"(max-width: 960px) 100vw, 960px\" \/><\/p>\n<p>Hoy, mientras extrae pedazo tras pedazo de los cauces, Carlos no solo limpia una quebrada: limpia una herida, reconstruye un ecosistema y devuelve esperanza.<\/p>\n<p>Y aunque muchos pasen de largo sin ver el esfuerzo que demanda cada metro de quebrada recuperada, Carlos sigue adelante, porque, como \u00e9l mismo lo dice, no hay nada m\u00e1s bonito que ver una quebrada limpia.<\/p>\n","protected":false},"excerpt":{"rendered":"<p>La quebrada La Chorrera ruge. No como un r\u00edo sereno, sino como una herida abierta. En medio del lodazal, sobre piedras mojadas y monta\u00f1as de escombros, camina un hombre de 61 a\u00f1os cargando al hombro &#8230;<\/p>\n","protected":false},"author":97,"featured_media":407594,"comment_status":"open","ping_status":"open","sticky":false,"template":"","format":"standard","meta":[],"categories":[13],"tags":[451,440,436],"formato_nota":[],"programas_tax":[],"acf":[],"_links":{"self":[{"href":"https:\/\/www.medellin.gov.co\/es\/wp-json\/wp\/v2\/posts\/407584"}],"collection":[{"href":"https:\/\/www.medellin.gov.co\/es\/wp-json\/wp\/v2\/posts"}],"about":[{"href":"https:\/\/www.medellin.gov.co\/es\/wp-json\/wp\/v2\/types\/post"}],"author":[{"embeddable":true,"href":"https:\/\/www.medellin.gov.co\/es\/wp-json\/wp\/v2\/users\/97"}],"replies":[{"embeddable":true,"href":"https:\/\/www.medellin.gov.co\/es\/wp-json\/wp\/v2\/comments?post=407584"}],"version-history":[{"count":3,"href":"https:\/\/www.medellin.gov.co\/es\/wp-json\/wp\/v2\/posts\/407584\/revisions"}],"predecessor-version":[{"id":407607,"href":"https:\/\/www.medellin.gov.co\/es\/wp-json\/wp\/v2\/posts\/407584\/revisions\/407607"}],"wp:featuredmedia":[{"embeddable":true,"href":"https:\/\/www.medellin.gov.co\/es\/wp-json\/wp\/v2\/media\/407594"}],"wp:attachment":[{"href":"https:\/\/www.medellin.gov.co\/es\/wp-json\/wp\/v2\/media?parent=407584"}],"wp:term":[{"taxonomy":"category","embeddable":true,"href":"https:\/\/www.medellin.gov.co\/es\/wp-json\/wp\/v2\/categories?post=407584"},{"taxonomy":"post_tag","embeddable":true,"href":"https:\/\/www.medellin.gov.co\/es\/wp-json\/wp\/v2\/tags?post=407584"},{"taxonomy":"formato_nota","embeddable":true,"href":"https:\/\/www.medellin.gov.co\/es\/wp-json\/wp\/v2\/formato_nota?post=407584"},{"taxonomy":"programas_tax","embeddable":true,"href":"https:\/\/www.medellin.gov.co\/es\/wp-json\/wp\/v2\/programas_tax?post=407584"}],"curies":[{"name":"wp","href":"https:\/\/api.w.org\/{rel}","templated":true}]}}