{"id":407958,"date":"2025-05-09T21:10:44","date_gmt":"2025-05-10T02:10:44","guid":{"rendered":"https:\/\/www.medellin.gov.co\/es\/?p=407958"},"modified":"2025-05-09T21:10:44","modified_gmt":"2025-05-10T02:10:44","slug":"la-ciudadania-podra-disfrutar-gratis-los-panamericanos-junior-de-natacion-en-medellin","status":"publish","type":"post","link":"https:\/\/www.medellin.gov.co\/es\/sala-de-prensa\/noticias\/la-ciudadania-podra-disfrutar-gratis-los-panamericanos-junior-de-natacion-en-medellin\/","title":{"rendered":"La ciudadan\u00eda podr\u00e1 disfrutar gratis los Panamericanos Junior de Nataci\u00f3n en Medell\u00edn"},"content":{"rendered":"<ul>\n<li>Para la jornada inaugural, el 12 de mayo, el acceso es libre con boleta, que se podr\u00e1 reclamar en una taquilla del escenario.<\/li>\n<li>El complejo acu\u00e1tico estar\u00e1 destinado exclusivamente a los Panamericanos del 10 de mayo al 27 del mismo mes.<\/li>\n<\/ul>\n<!--[if lt IE 9]><script>document.createElement('audio');<\/script><![endif]-->\n\t<div class=\"wp-playlist wp-audio-playlist wp-playlist-light\">\n\t\t\t<div class=\"wp-playlist-current-item\"><\/div>\n\t\t<audio controls=\"controls\" preload=\"none\" width=\"640\"\n\t\t\t><\/audio>\n\t<div class=\"wp-playlist-next\"><\/div>\n\t<div class=\"wp-playlist-prev\"><\/div>\n\t<noscript>\n\t<ol>\n\t\t<li><a href='https:\/\/www.medellin.gov.co\/es\/wp-content\/uploads\/2025\/05\/Audio-Declaraciones-de-la-subdirectora-de-Fomento-del-Inder-Juliana-Velez.mp3'>Audio Declaraciones de la subdirectora de Fomento del Inder, Juliana V\u00e9lez<\/a><\/li>\t<\/ol>\n\t<\/noscript>\n\t<script type=\"application\/json\" class=\"wp-playlist-script\">{\"type\":\"audio\",\"tracklist\":true,\"tracknumbers\":true,\"images\":true,\"artists\":true,\"tracks\":[{\"src\":\"https:\\\/\\\/www.medellin.gov.co\\\/es\\\/wp-content\\\/uploads\\\/2025\\\/05\\\/Audio-Declaraciones-de-la-subdirectora-de-Fomento-del-Inder-Juliana-Velez.mp3\",\"type\":\"audio\\\/mpeg\",\"title\":\"Audio Declaraciones de la subdirectora de Fomento del Inder, Juliana V\\u00e9lez\",\"caption\":\"Declaraciones de la subdirectora de Fomento del Inder, Juliana V\\u00e9lez\",\"description\":\"\\u00abAudio Declaraciones de la subdirectora de Fomento del Inder, Juliana V\\u00e9lez\\u00bb. \",\"meta\":{\"genre\":\"Blues\",\"length_formatted\":\"0:40\"},\"image\":{\"src\":\"https:\\\/\\\/www.medellin.gov.co\\\/es\\\/wp-includes\\\/images\\\/media\\\/audio.png\",\"width\":48,\"height\":64},\"thumb\":{\"src\":\"https:\\\/\\\/www.medellin.gov.co\\\/es\\\/wp-includes\\\/images\\\/media\\\/audio.png\",\"width\":48,\"height\":64}}]}<\/script>\n<\/div>\n\t\n<p>Las competencias del Panamericanos Junior de Nataci\u00f3n que se llevar\u00e1n a cabo en Medell\u00edn del 12 al 25 de mayo, en el Complejo Acu\u00e1tico C\u00e9sar Zapata, de la Unidad Deportiva Atanasio Girardot, tendr\u00e1n ingreso libre y gratuito, para el p\u00fablico general.<\/p>\n<p>As\u00ed mismo, el d\u00eda de la inauguraci\u00f3n, que se realizar\u00e1 el 12 de mayo a partir de las 6:00 p. m, el Inder confirm\u00f3 que, para acceder al escenario, y con el fin de hacer control del aforo, la ciudadan\u00eda debe reclamar su boleta en la taquilla ubicada al lado del ingreso del p\u00fablico, frente al Estadio Atanasio Girardot, por el Obelisco.<\/p>\n<p>Durante esta jornada inaugural, se llevar\u00e1 a cabo un desfile con las 32 delegaciones participantes, la presentaci\u00f3n oficial del evento y una muestra art\u00edstica.<\/p>\n<p><a href=\"https:\/\/www.medellin.gov.co\/es\/wp-content\/uploads\/2025\/05\/Imagen-Piscina-del-Complejo-Acuatico-Cesar-Zapata-1.jpg\" target=\"_blank\" rel=\"noopener\"><img loading=\"lazy\" class=\"alignnone wp-image-408017 size-full\" src=\"https:\/\/www.medellin.gov.co\/es\/wp-content\/uploads\/2025\/05\/Imagen-Piscina-del-Complejo-Acuatico-Cesar-Zapata-1.jpg\" alt=\"Imagen Piscina del Complejo Acu\u00e1tico C\u00e9sar Zapata \" width=\"1014\" height=\"760\" srcset=\"https:\/\/www.medellin.gov.co\/es\/wp-content\/uploads\/2025\/05\/Imagen-Piscina-del-Complejo-Acuatico-Cesar-Zapata-1.jpg 1014w, https:\/\/www.medellin.gov.co\/es\/wp-content\/uploads\/2025\/05\/Imagen-Piscina-del-Complejo-Acuatico-Cesar-Zapata-1-300x225.jpg 300w, https:\/\/www.medellin.gov.co\/es\/wp-content\/uploads\/2025\/05\/Imagen-Piscina-del-Complejo-Acuatico-Cesar-Zapata-1-150x112.jpg 150w, https:\/\/www.medellin.gov.co\/es\/wp-content\/uploads\/2025\/05\/Imagen-Piscina-del-Complejo-Acuatico-Cesar-Zapata-1-768x576.jpg 768w\" sizes=\"(max-width: 1014px) 100vw, 1014px\" \/><\/a><\/p>\n<p>Para disfrutar de las diferentes competencias no ser\u00e1 necesaria la boleta; las personas interesadas podr\u00e1n ingresar directamente por el acceso al p\u00fablico. El horario del campeonato ser\u00e1 de 8:00 a. m. a 8:00 p. m. Las modalidades de las cuales los aficionados pueden disfrutar son polo acu\u00e1tico, nataci\u00f3n art\u00edstica, clavados y nataci\u00f3n carreras. De esta manera, la Alcald\u00eda invita apoyar a la Selecci\u00f3n Colombia, que cuenta con 84 deportistas que representar\u00e1n al pa\u00eds en cuatro disciplinas.<\/p>\n<p>\u00ab<em>El acceso es gratis, nuestro alcalde Federico Guti\u00e9rrez permite que estos grandes eventos sean para que todas las personas los podamos disfrutar. El d\u00eda de la inauguraci\u00f3n es el 12 de mayo, a las 6:00 de la tarde, estaremos entregando las boletas en la entrada, asimismo cuando vayan a ver nado sincronizado tenemos cupos limitados, sin embargo, este evento es para todos, los invitamos<\/em>\u00ab, Indic\u00f3 la subdirectora de Fomento del Inder, Juliana V\u00e9lez.<\/p>\n<p>De igual manera, la Administraci\u00f3n Distrital indic\u00f3 que el complejo acu\u00e1tico C\u00e9sar Zapata estar\u00e1 destinado exclusivamente a los Panamericanos del 10 de mayo al 27 del mismo mes, por lo que invita a estos usuarios a participar como espectadores del campeonato.<\/p>\n<p><a href=\"https:\/\/www.medellin.gov.co\/es\/wp-content\/uploads\/2025\/05\/Imagen-Piscina-del-Complejo-Acuatico-Cesar-Zapata-2.jpg\" target=\"_blank\" rel=\"noopener\"><img loading=\"lazy\" class=\"alignnone wp-image-408014 size-full\" src=\"https:\/\/www.medellin.gov.co\/es\/wp-content\/uploads\/2025\/05\/Imagen-Piscina-del-Complejo-Acuatico-Cesar-Zapata-2.jpg\" alt=\"Imagen Piscina del Complejo Acu\u00e1tico C\u00e9sar Zapata \" width=\"1013\" height=\"760\" srcset=\"https:\/\/www.medellin.gov.co\/es\/wp-content\/uploads\/2025\/05\/Imagen-Piscina-del-Complejo-Acuatico-Cesar-Zapata-2.jpg 1013w, https:\/\/www.medellin.gov.co\/es\/wp-content\/uploads\/2025\/05\/Imagen-Piscina-del-Complejo-Acuatico-Cesar-Zapata-2-300x225.jpg 300w, https:\/\/www.medellin.gov.co\/es\/wp-content\/uploads\/2025\/05\/Imagen-Piscina-del-Complejo-Acuatico-Cesar-Zapata-2-150x113.jpg 150w, https:\/\/www.medellin.gov.co\/es\/wp-content\/uploads\/2025\/05\/Imagen-Piscina-del-Complejo-Acuatico-Cesar-Zapata-2-768x576.jpg 768w\" sizes=\"(max-width: 1013px) 100vw, 1013px\" \/><\/a><\/p>\n<p>Tambi\u00e9n, a las 16.000 personas que asisten semanalmente a este escenario, el Inder les recuerda que en distintas comunas y corregimientos hay piscinas p\u00fablicas habilitadas para la pr\u00e1ctica libre y gratuita. Entre estas se encuentran las de la unidad deportiva de Bel\u00e9n, La Asomadera, La Floresta, San Blas y San Crist\u00f3bal. Los d\u00edas en los que se tendr\u00e1n competencias de nataci\u00f3n art\u00edstica, el Inder tendr\u00e1 un control de acceso limitado, por la cantidad de personas que pueden acceder a las tribunas de esta modalidad.<\/p>\n<p>La informaci\u00f3n completa y actualizada del evento se encuentra disponible en la p\u00e1gina web del Inder Alcald\u00eda de Medell\u00edn: <a href=\"https:\/\/www.inder.gov.co\/eventos\/namericanos-junior-de-natacion-2025\/\" target=\"_blank\" rel=\"noopener\">https:\/\/www.inder.gov.co\/eventos\/namericanos-junior-de-natacion-2025\/<\/a><\/p>\n<p>El Distrito extiende la invitaci\u00f3n a toda la ciudadan\u00eda para asistir como espectadores y acompa\u00f1ar esta competencia internacional, llegando al sitio con suficiente tiempo de antelaci\u00f3n.<\/p>\n","protected":false},"excerpt":{"rendered":"<p>Para la jornada inaugural, el 12 de mayo, el acceso es libre con boleta, que se podr\u00e1 reclamar en una taquilla del escenario. El complejo acu\u00e1tico estar\u00e1 destinado exclusivamente a los Panamericanos del 10 de &#8230;<\/p>\n","protected":false},"author":21,"featured_media":408020,"comment_status":"open","ping_status":"open","sticky":false,"template":"","format":"standard","meta":[],"categories":[17],"tags":[634,689],"formato_nota":[],"programas_tax":[],"acf":[],"_links":{"self":[{"href":"https:\/\/www.medellin.gov.co\/es\/wp-json\/wp\/v2\/posts\/407958"}],"collection":[{"href":"https:\/\/www.medellin.gov.co\/es\/wp-json\/wp\/v2\/posts"}],"about":[{"href":"https:\/\/www.medellin.gov.co\/es\/wp-json\/wp\/v2\/types\/post"}],"author":[{"embeddable":true,"href":"https:\/\/www.medellin.gov.co\/es\/wp-json\/wp\/v2\/users\/21"}],"replies":[{"embeddable":true,"href":"https:\/\/www.medellin.gov.co\/es\/wp-json\/wp\/v2\/comments?post=407958"}],"version-history":[{"count":1,"href":"https:\/\/www.medellin.gov.co\/es\/wp-json\/wp\/v2\/posts\/407958\/revisions"}],"predecessor-version":[{"id":408047,"href":"https:\/\/www.medellin.gov.co\/es\/wp-json\/wp\/v2\/posts\/407958\/revisions\/408047"}],"wp:featuredmedia":[{"embeddable":true,"href":"https:\/\/www.medellin.gov.co\/es\/wp-json\/wp\/v2\/media\/408020"}],"wp:attachment":[{"href":"https:\/\/www.medellin.gov.co\/es\/wp-json\/wp\/v2\/media?parent=407958"}],"wp:term":[{"taxonomy":"category","embeddable":true,"href":"https:\/\/www.medellin.gov.co\/es\/wp-json\/wp\/v2\/categories?post=407958"},{"taxonomy":"post_tag","embeddable":true,"href":"https:\/\/www.medellin.gov.co\/es\/wp-json\/wp\/v2\/tags?post=407958"},{"taxonomy":"formato_nota","embeddable":true,"href":"https:\/\/www.medellin.gov.co\/es\/wp-json\/wp\/v2\/formato_nota?post=407958"},{"taxonomy":"programas_tax","embeddable":true,"href":"https:\/\/www.medellin.gov.co\/es\/wp-json\/wp\/v2\/programas_tax?post=407958"}],"curies":[{"name":"wp","href":"https:\/\/api.w.org\/{rel}","templated":true}]}}