{"id":408048,"date":"2025-05-09T21:18:11","date_gmt":"2025-05-10T02:18:11","guid":{"rendered":"https:\/\/www.medellin.gov.co\/es\/?p=408048"},"modified":"2025-05-09T21:18:11","modified_gmt":"2025-05-10T02:18:11","slug":"medellin-celebra-el-dia-de-la-madre-con-entrada-libre-al-parque-norte-y-al-aeroparque-juan-pablo-ii","status":"publish","type":"post","link":"https:\/\/www.medellin.gov.co\/es\/sala-de-prensa\/noticias\/medellin-celebra-el-dia-de-la-madre-con-entrada-libre-al-parque-norte-y-al-aeroparque-juan-pablo-ii\/","title":{"rendered":"Medell\u00edn celebra el D\u00eda de la Madre con entrada libre al Parque Norte y al Aeroparque Juan Pablo II"},"content":{"rendered":"<ul>\n<li>Ser\u00e1 v\u00e1lida \u00fanicamente el domingo 11 de mayo, durante el horario habitual del parque.<\/li>\n<li>Medell\u00edn espera a m\u00e1s de 1.000 madres para celebrar su d\u00eda en los parques.<\/li>\n<\/ul>\n<!--[if lt IE 9]><script>document.createElement('audio');<\/script><![endif]-->\n\t<div class=\"wp-playlist wp-audio-playlist wp-playlist-light\">\n\t\t\t<div class=\"wp-playlist-current-item\"><\/div>\n\t\t<audio controls=\"controls\" preload=\"none\" width=\"640\"\n\t\t\t><\/audio>\n\t<div class=\"wp-playlist-next\"><\/div>\n\t<div class=\"wp-playlist-prev\"><\/div>\n\t<noscript>\n\t<ol>\n\t\t<li><a href='https:\/\/www.medellin.gov.co\/es\/wp-content\/uploads\/2025\/05\/Audio-Declaraciones-del-gerente-de-Metroparques-Milton-Vasco.mp3'>Audio Declaraciones del gerente de Metroparques, Milton Vasco<\/a><\/li><li><a href='https:\/\/www.medellin.gov.co\/es\/wp-content\/uploads\/2025\/05\/Audio-Declaraciones-de-la-secretaria-de-la-Mujeres-Valeria-Molina.mp3'>Audio Declaraciones de la secretaria de la Mujeres, Valeria Molina<\/a><\/li>\t<\/ol>\n\t<\/noscript>\n\t<script type=\"application\/json\" class=\"wp-playlist-script\">{\"type\":\"audio\",\"tracklist\":true,\"tracknumbers\":true,\"images\":true,\"artists\":true,\"tracks\":[{\"src\":\"https:\\\/\\\/www.medellin.gov.co\\\/es\\\/wp-content\\\/uploads\\\/2025\\\/05\\\/Audio-Declaraciones-del-gerente-de-Metroparques-Milton-Vasco.mp3\",\"type\":\"audio\\\/mpeg\",\"title\":\"Audio Declaraciones del gerente de Metroparques, Milton Vasco\",\"caption\":\"\",\"description\":\"\\u00abAudio Declaraciones del gerente de Metroparques, Milton Vasco\\u00bb. \",\"meta\":{\"genre\":\"Blues\",\"length_formatted\":\"0:44\"},\"image\":{\"src\":\"https:\\\/\\\/www.medellin.gov.co\\\/es\\\/wp-includes\\\/images\\\/media\\\/audio.png\",\"width\":48,\"height\":64},\"thumb\":{\"src\":\"https:\\\/\\\/www.medellin.gov.co\\\/es\\\/wp-includes\\\/images\\\/media\\\/audio.png\",\"width\":48,\"height\":64}},{\"src\":\"https:\\\/\\\/www.medellin.gov.co\\\/es\\\/wp-content\\\/uploads\\\/2025\\\/05\\\/Audio-Declaraciones-de-la-secretaria-de-la-Mujeres-Valeria-Molina.mp3\",\"type\":\"audio\\\/mpeg\",\"title\":\"Audio Declaraciones de la secretaria de la Mujeres, Valeria Molina\",\"caption\":\"\",\"description\":\"\\u00abAudio Declaraciones de la secretaria de la Mujeres, Valeria Molina\\u00bb. \",\"meta\":{\"genre\":\"Blues\",\"length_formatted\":\"0:48\"},\"image\":{\"src\":\"https:\\\/\\\/www.medellin.gov.co\\\/es\\\/wp-includes\\\/images\\\/media\\\/audio.png\",\"width\":48,\"height\":64},\"thumb\":{\"src\":\"https:\\\/\\\/www.medellin.gov.co\\\/es\\\/wp-includes\\\/images\\\/media\\\/audio.png\",\"width\":48,\"height\":64}}]}<\/script>\n<\/div>\n\t\n<p>Con motivo del D\u00eda de la Madre, este domingo 11 de mayo, el <a href=\"https:\/\/parquenorte.gov.co\/\" target=\"_blank\" rel=\"noopener\">Parque Norte<\/a> y el Aeroparque Juan Pablo II tendr\u00e1n entrada gratuita para todas las madres de la ciudad, como un homenaje a su dedicaci\u00f3n, amor y entrega diaria.<\/p>\n<p><a href=\"https:\/\/www.medellin.gov.co\/es\/wp-content\/uploads\/2025\/05\/Imagen-familia-en-piscina-aeroparque-Juan-Pablo-II-1.jpg\" target=\"_blank\" rel=\"noopener\"><img loading=\"lazy\" class=\"alignnone wp-image-408026 size-full\" src=\"https:\/\/www.medellin.gov.co\/es\/wp-content\/uploads\/2025\/05\/Imagen-familia-en-piscina-aeroparque-Juan-Pablo-II-1.jpg\" alt=\"Imagen familia en piscina aeroparque Juan Pablo II\" width=\"1025\" height=\"760\" srcset=\"https:\/\/www.medellin.gov.co\/es\/wp-content\/uploads\/2025\/05\/Imagen-familia-en-piscina-aeroparque-Juan-Pablo-II-1.jpg 1025w, https:\/\/www.medellin.gov.co\/es\/wp-content\/uploads\/2025\/05\/Imagen-familia-en-piscina-aeroparque-Juan-Pablo-II-1-300x222.jpg 300w, https:\/\/www.medellin.gov.co\/es\/wp-content\/uploads\/2025\/05\/Imagen-familia-en-piscina-aeroparque-Juan-Pablo-II-1-150x111.jpg 150w, https:\/\/www.medellin.gov.co\/es\/wp-content\/uploads\/2025\/05\/Imagen-familia-en-piscina-aeroparque-Juan-Pablo-II-1-768x569.jpg 768w\" sizes=\"(max-width: 1025px) 100vw, 1025px\" \/><\/a><\/p>\n<p>\u201c<em>Reconocemos el invaluable papel que las madres desempe\u00f1an en nuestra sociedad. Son pilares fundamentales de nuestras familias y merecen espacios para su esparcimiento, relajaci\u00f3n y disfrute pleno de su tiempo libre<\/em>\u00ab, expres\u00f3 el gerente de Metroparques, Milton Vasco.<\/p>\n<p>Durante esta fecha especial, las madres podr\u00e1n ingresar sin costo, incluyendo el disfrute de las atracciones, zonas acu\u00e1ticas, zonas verdes y dem\u00e1s espacios de los parques. El beneficio estar\u00e1 disponible durante todo el horario de atenci\u00f3n del domingo y no requiere inscripci\u00f3n previa.<\/p>\n<p><a href=\"https:\/\/www.medellin.gov.co\/es\/wp-content\/uploads\/2025\/05\/Imagen-familia-en-piscina-aeroparque-Juan-Pablo-II-3.jpg\" target=\"_blank\" rel=\"noopener\"><img loading=\"lazy\" class=\"alignnone wp-image-408024 size-full\" src=\"https:\/\/www.medellin.gov.co\/es\/wp-content\/uploads\/2025\/05\/Imagen-familia-en-piscina-aeroparque-Juan-Pablo-II-3.jpg\" alt=\"Imagen familia en piscina aeroparque Juan Pablo II\" width=\"1078\" height=\"760\" srcset=\"https:\/\/www.medellin.gov.co\/es\/wp-content\/uploads\/2025\/05\/Imagen-familia-en-piscina-aeroparque-Juan-Pablo-II-3.jpg 1078w, https:\/\/www.medellin.gov.co\/es\/wp-content\/uploads\/2025\/05\/Imagen-familia-en-piscina-aeroparque-Juan-Pablo-II-3-300x212.jpg 300w, https:\/\/www.medellin.gov.co\/es\/wp-content\/uploads\/2025\/05\/Imagen-familia-en-piscina-aeroparque-Juan-Pablo-II-3-1024x722.jpg 1024w, https:\/\/www.medellin.gov.co\/es\/wp-content\/uploads\/2025\/05\/Imagen-familia-en-piscina-aeroparque-Juan-Pablo-II-3-150x106.jpg 150w, https:\/\/www.medellin.gov.co\/es\/wp-content\/uploads\/2025\/05\/Imagen-familia-en-piscina-aeroparque-Juan-Pablo-II-3-768x541.jpg 768w\" sizes=\"(max-width: 1078px) 100vw, 1078px\" \/><\/a><\/p>\n<p>\u201c<em>Desde la Secretar\u00eda de las Mujeres celebramos la iniciativa de Metroparques, esta acci\u00f3n se alinea con los principios del Sistema Municipal de Cuidados, al promover el autocuidado como un derecho y reconocer la necesidad de que las mujeres tengan tiempo para s\u00ed mismas<\/em>\u201d, consider\u00f3 la secretaria de la Mujeres, Valeria Molina.<\/p>\n<p>La invitaci\u00f3n est\u00e1 abierta para que todas las madres vivan una jornada de autocuidado, desconexi\u00f3n y disfrute de su tiempo libre.<\/p>\n","protected":false},"excerpt":{"rendered":"<p>Ser\u00e1 v\u00e1lida \u00fanicamente el domingo 11 de mayo, durante el horario habitual del parque. Medell\u00edn espera a m\u00e1s de 1.000 madres para celebrar su d\u00eda en los parques. Con motivo del D\u00eda de la Madre, &#8230;<\/p>\n","protected":false},"author":21,"featured_media":408025,"comment_status":"open","ping_status":"open","sticky":false,"template":"","format":"standard","meta":[],"categories":[15,17],"tags":[451,689],"formato_nota":[],"programas_tax":[],"acf":[],"_links":{"self":[{"href":"https:\/\/www.medellin.gov.co\/es\/wp-json\/wp\/v2\/posts\/408048"}],"collection":[{"href":"https:\/\/www.medellin.gov.co\/es\/wp-json\/wp\/v2\/posts"}],"about":[{"href":"https:\/\/www.medellin.gov.co\/es\/wp-json\/wp\/v2\/types\/post"}],"author":[{"embeddable":true,"href":"https:\/\/www.medellin.gov.co\/es\/wp-json\/wp\/v2\/users\/21"}],"replies":[{"embeddable":true,"href":"https:\/\/www.medellin.gov.co\/es\/wp-json\/wp\/v2\/comments?post=408048"}],"version-history":[{"count":1,"href":"https:\/\/www.medellin.gov.co\/es\/wp-json\/wp\/v2\/posts\/408048\/revisions"}],"predecessor-version":[{"id":408051,"href":"https:\/\/www.medellin.gov.co\/es\/wp-json\/wp\/v2\/posts\/408048\/revisions\/408051"}],"wp:featuredmedia":[{"embeddable":true,"href":"https:\/\/www.medellin.gov.co\/es\/wp-json\/wp\/v2\/media\/408025"}],"wp:attachment":[{"href":"https:\/\/www.medellin.gov.co\/es\/wp-json\/wp\/v2\/media?parent=408048"}],"wp:term":[{"taxonomy":"category","embeddable":true,"href":"https:\/\/www.medellin.gov.co\/es\/wp-json\/wp\/v2\/categories?post=408048"},{"taxonomy":"post_tag","embeddable":true,"href":"https:\/\/www.medellin.gov.co\/es\/wp-json\/wp\/v2\/tags?post=408048"},{"taxonomy":"formato_nota","embeddable":true,"href":"https:\/\/www.medellin.gov.co\/es\/wp-json\/wp\/v2\/formato_nota?post=408048"},{"taxonomy":"programas_tax","embeddable":true,"href":"https:\/\/www.medellin.gov.co\/es\/wp-json\/wp\/v2\/programas_tax?post=408048"}],"curies":[{"name":"wp","href":"https:\/\/api.w.org\/{rel}","templated":true}]}}