{"id":408053,"date":"2025-05-09T21:26:08","date_gmt":"2025-05-10T02:26:08","guid":{"rendered":"https:\/\/www.medellin.gov.co\/es\/?p=408053"},"modified":"2025-05-09T21:26:08","modified_gmt":"2025-05-10T02:26:08","slug":"un-nuevo-grupo-de-50-jovenes-referentes-se-gesto-desde-medellin-para-transformar-a-colombia","status":"publish","type":"post","link":"https:\/\/www.medellin.gov.co\/es\/sala-de-prensa\/noticias\/un-nuevo-grupo-de-50-jovenes-referentes-se-gesto-desde-medellin-para-transformar-a-colombia\/","title":{"rendered":"Un nuevo grupo de 50 j\u00f3venes referentes, se gest\u00f3 desde Medell\u00edn para transformar a Colombia"},"content":{"rendered":"<ul>\n<li>Esta cohorte del programa <a href=\"https:\/\/referentes.medellinjoven.com\/\" target=\"_blank\" rel=\"noopener\">Referentes<\/a> re\u00fane a l\u00edderes de las 16 comunas y los cinco corregimientos.<\/li>\n<li>Entre los seleccionados hay profesores, barristas, artistas, gestores culturales, l\u00edderes sociales y voluntarios.<\/li>\n<li>Esta estrategia de la Alcald\u00eda de Medell\u00edn busca formar l\u00edderes juveniles con herramientas para la incidencia, el liderazgo pol\u00edtico y la transformaci\u00f3n territorial.<\/li>\n<\/ul>\n<!--[if lt IE 9]><script>document.createElement('audio');<\/script><![endif]-->\n\t<div class=\"wp-playlist wp-audio-playlist wp-playlist-light\">\n\t\t\t<div class=\"wp-playlist-current-item\"><\/div>\n\t\t<audio controls=\"controls\" preload=\"none\" width=\"640\"\n\t\t\t><\/audio>\n\t<div class=\"wp-playlist-next\"><\/div>\n\t<div class=\"wp-playlist-prev\"><\/div>\n\t<noscript>\n\t<ol>\n\t\t<li><a href='https:\/\/www.medellin.gov.co\/es\/wp-content\/uploads\/2025\/05\/Audio-Declaraciones-del-secretario-de-la-Juventud-Ricardo-Jaramillo-Velez-1.mp3'>Audio Declaraciones del secretario de la Juventud, Ricardo Jaramillo V\u00e9lez<\/a><\/li><li><a href='https:\/\/www.medellin.gov.co\/es\/wp-content\/uploads\/2025\/05\/Audio-Declaraciones-de-la-joven-seleccionada-del-programa-Referentes-Luisa-Fernanda-Pereanez.mp3'>Audio Declaraciones de la joven seleccionada del programa Referentes, Luisa Fernanda Perea\u00f1ez<\/a><\/li>\t<\/ol>\n\t<\/noscript>\n\t<script type=\"application\/json\" class=\"wp-playlist-script\">{\"type\":\"audio\",\"tracklist\":true,\"tracknumbers\":true,\"images\":true,\"artists\":true,\"tracks\":[{\"src\":\"https:\\\/\\\/www.medellin.gov.co\\\/es\\\/wp-content\\\/uploads\\\/2025\\\/05\\\/Audio-Declaraciones-del-secretario-de-la-Juventud-Ricardo-Jaramillo-Velez-1.mp3\",\"type\":\"audio\\\/mpeg\",\"title\":\"Audio Declaraciones del secretario de la Juventud, Ricardo Jaramillo V\\u00e9lez\",\"caption\":\"Declaraciones del secretario de la Juventud, Ricardo Jaramillo V\\u00e9lez\",\"description\":\"\\u00abAudio Declaraciones del secretario de la Juventud, Ricardo Jaramillo V\\u00e9lez\\u00bb. \",\"meta\":{\"genre\":\"Blues\",\"length_formatted\":\"0:44\"},\"image\":{\"src\":\"https:\\\/\\\/www.medellin.gov.co\\\/es\\\/wp-includes\\\/images\\\/media\\\/audio.png\",\"width\":48,\"height\":64},\"thumb\":{\"src\":\"https:\\\/\\\/www.medellin.gov.co\\\/es\\\/wp-includes\\\/images\\\/media\\\/audio.png\",\"width\":48,\"height\":64}},{\"src\":\"https:\\\/\\\/www.medellin.gov.co\\\/es\\\/wp-content\\\/uploads\\\/2025\\\/05\\\/Audio-Declaraciones-de-la-joven-seleccionada-del-programa-Referentes-Luisa-Fernanda-Pereanez.mp3\",\"type\":\"audio\\\/mpeg\",\"title\":\"Audio Declaraciones de la joven seleccionada del programa Referentes, Luisa Fernanda Perea\\u00f1ez\",\"caption\":\"Declaraciones de la joven seleccionada del programa Referentes, Luisa Fernanda Perea\\u00f1ez\",\"description\":\"\\u00abAudio Declaraciones de la joven seleccionada del programa Referentes, Luisa Fernanda Perea\\u00f1ez\\u00bb. \",\"meta\":{\"genre\":\"Blues\",\"length_formatted\":\"1:12\"},\"image\":{\"src\":\"https:\\\/\\\/www.medellin.gov.co\\\/es\\\/wp-includes\\\/images\\\/media\\\/audio.png\",\"width\":48,\"height\":64},\"thumb\":{\"src\":\"https:\\\/\\\/www.medellin.gov.co\\\/es\\\/wp-includes\\\/images\\\/media\\\/audio.png\",\"width\":48,\"height\":64}}]}<\/script>\n<\/div>\n\t\n<p>La Administraci\u00f3n Distrital, a trav\u00e9s de la Secretar\u00eda de la Juventud, present\u00f3 a las 50 personas que integran la nueva cohorte de Referentes, una estrategia de formaci\u00f3n pol\u00edtica y liderazgo que busca fortalecer el poder transformador de los j\u00f3venes. Esta selecci\u00f3n re\u00fane a l\u00edderes de todas las comunas y corregimientos, con trayectorias diversas, que reflejan la riqueza de ser joven en Medell\u00edn.<\/p>\n<p>\u201c<em>Le presentamos a Medell\u00edn a los 50 j\u00f3venes que hacen parte de esta nueva cohorte de Referentes. Son l\u00edderes que vienen de cada una de las 16 comunas y los cinco corregimientos, con trayectorias tan diversas como potentes. Esta diversidad refleja lo que significa ser joven en Medell\u00edn y eso nos emociona, porque quiere decir que tendremos un grupo con distintas visiones, experiencias y formas de transformar sus entornos. En este gobierno creemos en el poder de las juventudes para liderar, generar conversaciones y construir una ciudad participativa<\/em>\u201d, afirm\u00f3 el secretario de la Juventud, Ricardo Jaramillo V\u00e9lez.<\/p>\n<p><a href=\"https:\/\/www.medellin.gov.co\/es\/wp-content\/uploads\/2025\/05\/Imagen-en-presentacion-del-programa-Referentes-para-jovenes.jpg\" target=\"_blank\" rel=\"noopener\"><img loading=\"lazy\" class=\"alignnone wp-image-408027 size-full\" src=\"https:\/\/www.medellin.gov.co\/es\/wp-content\/uploads\/2025\/05\/Imagen-en-presentacion-del-programa-Referentes-para-jovenes.jpg\" alt=\"Imagen en presentaci\u00f3n del programa Referentes para j\u00f3venes\" width=\"950\" height=\"760\" srcset=\"https:\/\/www.medellin.gov.co\/es\/wp-content\/uploads\/2025\/05\/Imagen-en-presentacion-del-programa-Referentes-para-jovenes.jpg 950w, https:\/\/www.medellin.gov.co\/es\/wp-content\/uploads\/2025\/05\/Imagen-en-presentacion-del-programa-Referentes-para-jovenes-300x240.jpg 300w, https:\/\/www.medellin.gov.co\/es\/wp-content\/uploads\/2025\/05\/Imagen-en-presentacion-del-programa-Referentes-para-jovenes-150x120.jpg 150w, https:\/\/www.medellin.gov.co\/es\/wp-content\/uploads\/2025\/05\/Imagen-en-presentacion-del-programa-Referentes-para-jovenes-768x614.jpg 768w\" sizes=\"(max-width: 950px) 100vw, 950px\" \/><\/a><\/p>\n<p>Durante el proceso, los elegidos tendr\u00e1n sesiones formativas con invitados en temas como \u00e9tica del cuidado, liderazgo contempor\u00e1neo y metodolog\u00edas para el dise\u00f1o de proyectos, as\u00ed como participaci\u00f3n ciudadana y liderazgo pol\u00edtico, y desaf\u00edos econ\u00f3micos, sociales y culturales de la Colombia de hoy.<\/p>\n<p>Estos contenidos buscan fortalecer su capacidad de an\u00e1lisis, di\u00e1logo y acci\u00f3n para que puedan incidir en lo p\u00fablico desde sus propios intereses, pasiones y territorios.<\/p>\n<p>Entre los seleccionados hay profesores, barristas, artistas, gestores culturales, l\u00edderes sociales y voluntarios. Cada uno ha demostrado un compromiso genuino con sus comunidades.<\/p>\n<p>\u00ab<em>Me parece que la juventud tiene muchas capacidades y talentos, por tanto, que la Alcald\u00eda promueva estas iniciativas es fundamental para que construyamos una ciudad m\u00e1s \u00edntegra<\/em>\u00ab, expres\u00f3 Luisa Fernanda Perea\u00f1ez, joven seleccionada del programa Referentes.<\/p>\n<p><a href=\"https:\/\/www.medellin.gov.co\/es\/wp-content\/uploads\/2025\/05\/Imagen-miembros-de-la-cohorte-del-programa-Referentes-para-jovenes.jpg\" target=\"_blank\" rel=\"noopener\"><img loading=\"lazy\" class=\"alignnone wp-image-408019 size-full\" src=\"https:\/\/www.medellin.gov.co\/es\/wp-content\/uploads\/2025\/05\/Imagen-miembros-de-la-cohorte-del-programa-Referentes-para-jovenes.jpg\" alt=\"Imagen miembros de la cohorte del programa Referentes para j\u00f3venes\" width=\"1141\" height=\"760\" srcset=\"https:\/\/www.medellin.gov.co\/es\/wp-content\/uploads\/2025\/05\/Imagen-miembros-de-la-cohorte-del-programa-Referentes-para-jovenes.jpg 1141w, https:\/\/www.medellin.gov.co\/es\/wp-content\/uploads\/2025\/05\/Imagen-miembros-de-la-cohorte-del-programa-Referentes-para-jovenes-300x200.jpg 300w, https:\/\/www.medellin.gov.co\/es\/wp-content\/uploads\/2025\/05\/Imagen-miembros-de-la-cohorte-del-programa-Referentes-para-jovenes-1024x682.jpg 1024w, https:\/\/www.medellin.gov.co\/es\/wp-content\/uploads\/2025\/05\/Imagen-miembros-de-la-cohorte-del-programa-Referentes-para-jovenes-150x100.jpg 150w, https:\/\/www.medellin.gov.co\/es\/wp-content\/uploads\/2025\/05\/Imagen-miembros-de-la-cohorte-del-programa-Referentes-para-jovenes-768x512.jpg 768w\" sizes=\"(max-width: 1141px) 100vw, 1141px\" \/><\/a><\/p>\n<p>Referentes busca fortalecer el liderazgo juvenil y la incidencia social brind\u00e1ndoles herramientas para la formulaci\u00f3n y ejecuci\u00f3n de proyectos de impacto social, el fortalecimiento de redes de liderazgo y la articulaci\u00f3n con actores clave a nivel local y nacional.<\/p>\n<p>Referentes es una estrategia que apuesta por el liderazgo joven con prop\u00f3sito y por la consolidaci\u00f3n de una ciudadan\u00eda cr\u00edtica, activa y emp\u00e1tica. Con esta nueva cohorte, Medell\u00edn reafirma su compromiso con la formaci\u00f3n de juventudes que le apuestan al di\u00e1logo, la acci\u00f3n colectiva y la transformaci\u00f3n de lo p\u00fablico.<\/p>\n","protected":false},"excerpt":{"rendered":"<p>Esta cohorte del programa Referentes re\u00fane a l\u00edderes de las 16 comunas y los cinco corregimientos. Entre los seleccionados hay profesores, barristas, artistas, gestores culturales, l\u00edderes sociales y voluntarios. Esta estrategia de la Alcald\u00eda de &#8230;<\/p>\n","protected":false},"author":21,"featured_media":408034,"comment_status":"open","ping_status":"open","sticky":false,"template":"","format":"standard","meta":[],"categories":[12],"tags":[451,428],"formato_nota":[],"programas_tax":[],"acf":[],"_links":{"self":[{"href":"https:\/\/www.medellin.gov.co\/es\/wp-json\/wp\/v2\/posts\/408053"}],"collection":[{"href":"https:\/\/www.medellin.gov.co\/es\/wp-json\/wp\/v2\/posts"}],"about":[{"href":"https:\/\/www.medellin.gov.co\/es\/wp-json\/wp\/v2\/types\/post"}],"author":[{"embeddable":true,"href":"https:\/\/www.medellin.gov.co\/es\/wp-json\/wp\/v2\/users\/21"}],"replies":[{"embeddable":true,"href":"https:\/\/www.medellin.gov.co\/es\/wp-json\/wp\/v2\/comments?post=408053"}],"version-history":[{"count":1,"href":"https:\/\/www.medellin.gov.co\/es\/wp-json\/wp\/v2\/posts\/408053\/revisions"}],"predecessor-version":[{"id":408055,"href":"https:\/\/www.medellin.gov.co\/es\/wp-json\/wp\/v2\/posts\/408053\/revisions\/408055"}],"wp:featuredmedia":[{"embeddable":true,"href":"https:\/\/www.medellin.gov.co\/es\/wp-json\/wp\/v2\/media\/408034"}],"wp:attachment":[{"href":"https:\/\/www.medellin.gov.co\/es\/wp-json\/wp\/v2\/media?parent=408053"}],"wp:term":[{"taxonomy":"category","embeddable":true,"href":"https:\/\/www.medellin.gov.co\/es\/wp-json\/wp\/v2\/categories?post=408053"},{"taxonomy":"post_tag","embeddable":true,"href":"https:\/\/www.medellin.gov.co\/es\/wp-json\/wp\/v2\/tags?post=408053"},{"taxonomy":"formato_nota","embeddable":true,"href":"https:\/\/www.medellin.gov.co\/es\/wp-json\/wp\/v2\/formato_nota?post=408053"},{"taxonomy":"programas_tax","embeddable":true,"href":"https:\/\/www.medellin.gov.co\/es\/wp-json\/wp\/v2\/programas_tax?post=408053"}],"curies":[{"name":"wp","href":"https:\/\/api.w.org\/{rel}","templated":true}]}}