{"id":408056,"date":"2025-05-09T21:32:37","date_gmt":"2025-05-10T02:32:37","guid":{"rendered":"https:\/\/www.medellin.gov.co\/es\/?p=408056"},"modified":"2025-05-09T21:32:37","modified_gmt":"2025-05-10T02:32:37","slug":"en-medellin-otras-especies-domesticas-como-caballos-burros-vacas-y-aves-tambien-buscan-hogar","status":"publish","type":"post","link":"https:\/\/www.medellin.gov.co\/es\/sala-de-prensa\/noticias\/en-medellin-otras-especies-domesticas-como-caballos-burros-vacas-y-aves-tambien-buscan-hogar\/","title":{"rendered":"En Medell\u00edn, otras especies dom\u00e9sticas como caballos, burros, vacas y aves tambi\u00e9n buscan hogar"},"content":{"rendered":"<ul>\n<li>49 animales de otras especies domesticas han sido adoptados en 2025; el a\u00f1o anterior fueron 212.<\/li>\n<li>Josefina, una burrita, abandonada en el Centro de Medell\u00edn, fue acogida por una m\u00e9dica veterinaria e influencer colombiana.<\/li>\n<\/ul>\n<!--[if lt IE 9]><script>document.createElement('audio');<\/script><![endif]-->\n\t<div class=\"wp-playlist wp-audio-playlist wp-playlist-light\">\n\t\t\t<div class=\"wp-playlist-current-item\"><\/div>\n\t\t<audio controls=\"controls\" preload=\"none\" width=\"640\"\n\t\t\t><\/audio>\n\t<div class=\"wp-playlist-next\"><\/div>\n\t<div class=\"wp-playlist-prev\"><\/div>\n\t<noscript>\n\t<ol>\n\t\t<li><a href='https:\/\/www.medellin.gov.co\/es\/wp-content\/uploads\/2025\/05\/Audio-Declaraciones-de-la-secretaria-de-Medio-Ambiente-e-Elizabeth-Coral.mp3'>Audio Declaraciones de la secretaria de Medio Ambiente (e), Elizabeth Coral<\/a><\/li><li><a href='https:\/\/www.medellin.gov.co\/es\/wp-content\/uploads\/2025\/05\/Audio-Declaraciones-de-Laura-Londono-veterinaria-y-adoptante.mp3'>Audio Declaraciones de Laura Londo\u00f1o, veterinaria y adoptante<\/a><\/li>\t<\/ol>\n\t<\/noscript>\n\t<script type=\"application\/json\" class=\"wp-playlist-script\">{\"type\":\"audio\",\"tracklist\":true,\"tracknumbers\":true,\"images\":true,\"artists\":true,\"tracks\":[{\"src\":\"https:\\\/\\\/www.medellin.gov.co\\\/es\\\/wp-content\\\/uploads\\\/2025\\\/05\\\/Audio-Declaraciones-de-la-secretaria-de-Medio-Ambiente-e-Elizabeth-Coral.mp3\",\"type\":\"audio\\\/mpeg\",\"title\":\"Audio Declaraciones de la secretaria de Medio Ambiente (e), Elizabeth Coral\",\"caption\":\"Declaraciones de la secretaria de Medio Ambiente (e), Elizabeth Coral\",\"description\":\"\\u00abAudio Declaraciones de la secretaria de Medio Ambiente (e), Elizabeth Coral\\u00bb. \",\"meta\":{\"genre\":\"Blues\",\"length_formatted\":\"1:37\"},\"image\":{\"src\":\"https:\\\/\\\/www.medellin.gov.co\\\/es\\\/wp-includes\\\/images\\\/media\\\/audio.png\",\"width\":48,\"height\":64},\"thumb\":{\"src\":\"https:\\\/\\\/www.medellin.gov.co\\\/es\\\/wp-includes\\\/images\\\/media\\\/audio.png\",\"width\":48,\"height\":64}},{\"src\":\"https:\\\/\\\/www.medellin.gov.co\\\/es\\\/wp-content\\\/uploads\\\/2025\\\/05\\\/Audio-Declaraciones-de-Laura-Londono-veterinaria-y-adoptante.mp3\",\"type\":\"audio\\\/mpeg\",\"title\":\"Audio Declaraciones de Laura Londo\\u00f1o, veterinaria y adoptante\",\"caption\":\"Declaraciones de Laura Londo\\u00f1o, veterinaria y adoptante\",\"description\":\"\\u00abAudio Declaraciones de Laura Londo\\u00f1o, veterinaria y adoptante\\u00bb. \",\"meta\":{\"genre\":\"Blues\",\"length_formatted\":\"1:21\"},\"image\":{\"src\":\"https:\\\/\\\/www.medellin.gov.co\\\/es\\\/wp-includes\\\/images\\\/media\\\/audio.png\",\"width\":48,\"height\":64},\"thumb\":{\"src\":\"https:\\\/\\\/www.medellin.gov.co\\\/es\\\/wp-includes\\\/images\\\/media\\\/audio.png\",\"width\":48,\"height\":64}}]}<\/script>\n<\/div>\n\t\n<p>Medell\u00edn sigue demostrando que el amor por los animales no tiene l\u00edmites. Adem\u00e1s de perros y gatos, hoy es posible adoptar caballos, vacas, cerdos, conejos, cabras, cur\u00edes y aves, todos rescatados en situaciones de vulnerabilidad.<\/p>\n<p>Este a\u00f1o, 49 animales de las especies mencionadas, han sido entregados en adopci\u00f3n y, el a\u00f1o pasado, 212 encontraron una familia que les dio una segunda oportunidad. Actualmente, hay siete esperando hogar: cuatro cerdos, un caballo y dos patos que buscan personas dispuestas a quererlos y protegerlos como parte de su familia.<\/p>\n<p>\u201c<em>El ciudadano hace una solicitud ante el operador del contrato. Ellos analizan la documentaci\u00f3n enviada, luego hacen el enlace con nosotros. Analizamos el caso y, si es pertinente, damos la viabilidad para la adopci\u00f3n. Los solicitantes deben tener ciertas caracter\u00edsticas o condiciones que exigimos<\/em>\u201d, expres\u00f3 la secretaria (e) de Medio Ambiente, Elizabeth Coral.<\/p>\n<p><a href=\"https:\/\/www.medellin.gov.co\/es\/wp-content\/uploads\/2025\/05\/Imagen-de-gallina-adoptada.jpg\" target=\"_blank\" rel=\"noopener\"><img loading=\"lazy\" class=\"alignnone wp-image-408033 size-full\" src=\"https:\/\/www.medellin.gov.co\/es\/wp-content\/uploads\/2025\/05\/Imagen-de-gallina-adoptada.jpg\" alt=\"Imagen de gallina adoptada\" width=\"1057\" height=\"760\" srcset=\"https:\/\/www.medellin.gov.co\/es\/wp-content\/uploads\/2025\/05\/Imagen-de-gallina-adoptada.jpg 1057w, https:\/\/www.medellin.gov.co\/es\/wp-content\/uploads\/2025\/05\/Imagen-de-gallina-adoptada-300x216.jpg 300w, https:\/\/www.medellin.gov.co\/es\/wp-content\/uploads\/2025\/05\/Imagen-de-gallina-adoptada-1024x736.jpg 1024w, https:\/\/www.medellin.gov.co\/es\/wp-content\/uploads\/2025\/05\/Imagen-de-gallina-adoptada-150x108.jpg 150w, https:\/\/www.medellin.gov.co\/es\/wp-content\/uploads\/2025\/05\/Imagen-de-gallina-adoptada-768x552.jpg 768w\" sizes=\"(max-width: 1057px) 100vw, 1057px\" \/><\/a><\/p>\n<p>Josefina es una de las historias que ha tocado miles de corazones: es una burrita que fue abandonada en el Centro de Medell\u00edn, cerca del Parque del Periodista, y su vida cambi\u00f3 para siempre cuando Laura Londo\u00f1o, m\u00e9dica veterinaria e influencer, decidi\u00f3 adoptarla y darle un hogar lleno de amor.<\/p>\n<p>\u201c<em>Me comuniqu\u00e9 con la Alcald\u00eda de Medell\u00edn porque sab\u00eda que ellos ten\u00edan un programa en donde rescatan. Yo soy veterinaria y, cuando hice mis pr\u00e1cticas, me tocaba cuidar de estos animales, y ellos me mostraron los que ten\u00edan disponibles. Tambi\u00e9n estaba Josefina, fui a visitarla a la cl\u00ednica y estaba en un proceso de recuperaci\u00f3n, luego de haber sido rescatada, y fue amor a primera vista<\/em>\u201d, explic\u00f3 la veterinaria Laura Londo\u00f1o, ahora nueva cuidadora de la burrita.<\/p>\n<p>Kabala es una cerdita vietnamita que hoy espera una segunda oportunidad. Lleg\u00f3 al cuidado de la Administraci\u00f3n Distrital, tras ser rescatada de una situaci\u00f3n de maltrato. Era sometida a condiciones indignas, alimentada con basura y tratada sin el m\u00ednimo respeto por su bienestar. Su anterior familia la compr\u00f3 pensando que ser\u00eda una minipig, sin saber que crecer\u00eda m\u00e1s de lo esperado. Cuando perdieron el inter\u00e9s en la cerdita, la descartaron. Ahora, Kabala, busca un hogar donde no la vean como un animal de consumo, sino como un ser que merece cari\u00f1o, respeto y protecci\u00f3n.<\/p>\n<p><a href=\"https:\/\/www.medellin.gov.co\/es\/wp-content\/uploads\/2025\/05\/Imagen-de-Kabala-cerdita-vietnamita-para-adopcion.jpg\" target=\"_blank\" rel=\"noopener\"><img loading=\"lazy\" class=\"alignnone wp-image-408030 size-full\" src=\"https:\/\/www.medellin.gov.co\/es\/wp-content\/uploads\/2025\/05\/Imagen-de-Kabala-cerdita-vietnamita-para-adopcion.jpg\" alt=\"Imagen de Kabala cerdita vietnamita para adopci\u00f2n\" width=\"1060\" height=\"760\" srcset=\"https:\/\/www.medellin.gov.co\/es\/wp-content\/uploads\/2025\/05\/Imagen-de-Kabala-cerdita-vietnamita-para-adopcion.jpg 1060w, https:\/\/www.medellin.gov.co\/es\/wp-content\/uploads\/2025\/05\/Imagen-de-Kabala-cerdita-vietnamita-para-adopcion-300x215.jpg 300w, https:\/\/www.medellin.gov.co\/es\/wp-content\/uploads\/2025\/05\/Imagen-de-Kabala-cerdita-vietnamita-para-adopcion-1024x734.jpg 1024w, https:\/\/www.medellin.gov.co\/es\/wp-content\/uploads\/2025\/05\/Imagen-de-Kabala-cerdita-vietnamita-para-adopcion-150x108.jpg 150w, https:\/\/www.medellin.gov.co\/es\/wp-content\/uploads\/2025\/05\/Imagen-de-Kabala-cerdita-vietnamita-para-adopcion-768x551.jpg 768w\" sizes=\"(max-width: 1060px) 100vw, 1060px\" \/><\/a><\/p>\n<p>Quienes deseen abrirle las puertas de su hogar a un animal dom\u00e9stico rescatado, pueden comunicarse al correo electr\u00f3nico: <a href=\"mailto:adopcionfaunadomestica@gmail.com\" target=\"_blank\" rel=\"noopener\">adopcionfaunadomestica@gmail.com<\/a>, donde recibir\u00e1n orientaci\u00f3n sobre el proceso de adopci\u00f3n.<\/p>\n<p>Los criterios para adoptar una especie dom\u00e9stica son el amor y el respeto por los animales, adem\u00e1s, de contar con un lugar y alimento acorde con la especie. Otro factor a tener en cuenta es que estos no son entregados para producci\u00f3n ni para consumo, sino para cuidarlos como animales de compa\u00f1\u00eda.<\/p>\n<p>Al mismo tiempo, el <a href=\"https:\/\/www.instagram.com\/laperlamed\/?hl=es\" target=\"_blank\" rel=\"noopener\">Centro de Bienestar Animal La Perla<\/a> sigue siendo un refugio de esperanza para cientos de animales sin cuidador, brind\u00e1ndoles atenci\u00f3n m\u00e9dica, cuidado emocional y una nueva oportunidad a trav\u00e9s de la adopci\u00f3n responsable.<\/p>\n<p>En 2024 fueron rescatados 4.404 animales. Hoy, muchos esperan una oportunidad, bajo el cuidado amoroso de la Alcald\u00eda de Medell\u00edn.<\/p>\n","protected":false},"excerpt":{"rendered":"<p>49 animales de otras especies domesticas han sido adoptados en 2025; el a\u00f1o anterior fueron 212. Josefina, una burrita, abandonada en el Centro de Medell\u00edn, fue acogida por una m\u00e9dica veterinaria e influencer colombiana. Medell\u00edn &#8230;<\/p>\n","protected":false},"author":21,"featured_media":408029,"comment_status":"open","ping_status":"open","sticky":false,"template":"","format":"standard","meta":[],"categories":[13],"tags":[446,436],"formato_nota":[],"programas_tax":[],"acf":[],"_links":{"self":[{"href":"https:\/\/www.medellin.gov.co\/es\/wp-json\/wp\/v2\/posts\/408056"}],"collection":[{"href":"https:\/\/www.medellin.gov.co\/es\/wp-json\/wp\/v2\/posts"}],"about":[{"href":"https:\/\/www.medellin.gov.co\/es\/wp-json\/wp\/v2\/types\/post"}],"author":[{"embeddable":true,"href":"https:\/\/www.medellin.gov.co\/es\/wp-json\/wp\/v2\/users\/21"}],"replies":[{"embeddable":true,"href":"https:\/\/www.medellin.gov.co\/es\/wp-json\/wp\/v2\/comments?post=408056"}],"version-history":[{"count":1,"href":"https:\/\/www.medellin.gov.co\/es\/wp-json\/wp\/v2\/posts\/408056\/revisions"}],"predecessor-version":[{"id":408057,"href":"https:\/\/www.medellin.gov.co\/es\/wp-json\/wp\/v2\/posts\/408056\/revisions\/408057"}],"wp:featuredmedia":[{"embeddable":true,"href":"https:\/\/www.medellin.gov.co\/es\/wp-json\/wp\/v2\/media\/408029"}],"wp:attachment":[{"href":"https:\/\/www.medellin.gov.co\/es\/wp-json\/wp\/v2\/media?parent=408056"}],"wp:term":[{"taxonomy":"category","embeddable":true,"href":"https:\/\/www.medellin.gov.co\/es\/wp-json\/wp\/v2\/categories?post=408056"},{"taxonomy":"post_tag","embeddable":true,"href":"https:\/\/www.medellin.gov.co\/es\/wp-json\/wp\/v2\/tags?post=408056"},{"taxonomy":"formato_nota","embeddable":true,"href":"https:\/\/www.medellin.gov.co\/es\/wp-json\/wp\/v2\/formato_nota?post=408056"},{"taxonomy":"programas_tax","embeddable":true,"href":"https:\/\/www.medellin.gov.co\/es\/wp-json\/wp\/v2\/programas_tax?post=408056"}],"curies":[{"name":"wp","href":"https:\/\/api.w.org\/{rel}","templated":true}]}}