{"id":408058,"date":"2025-05-09T21:41:46","date_gmt":"2025-05-10T02:41:46","guid":{"rendered":"https:\/\/www.medellin.gov.co\/es\/?p=408058"},"modified":"2025-05-09T21:41:46","modified_gmt":"2025-05-10T02:41:46","slug":"entrega-de-obras-para-los-juegos-panamericanos-junior-de-natacion","status":"publish","type":"post","link":"https:\/\/www.medellin.gov.co\/es\/sala-de-prensa\/noticias\/entrega-de-obras-para-los-juegos-panamericanos-junior-de-natacion\/","title":{"rendered":"\u201cEste escenario es para ustedes, para la gente, para que todo el mundo lo goce\u201d: alcalde Federico Guti\u00e9rrez en entrega de obras para los Juegos Panamericanos Junior de Nataci\u00f3n"},"content":{"rendered":"<ul>\n<li>Con la reconstrucci\u00f3n de la plataforma de clavados en el Complejo Acu\u00e1tico de la Unidad Deportiva Atanasio Girardot, con m\u00e1s de 52 a\u00f1os de antig\u00fcedad, la estructura se ajusta a las normas.<\/li>\n<li>La Administraci\u00f3n Distrital invirti\u00f3 $11.300 millones en las labores de mantenimiento, adecuaci\u00f3n y construcci\u00f3n, y espera una derrama econ\u00f3mica de $20.000 millones.<\/li>\n<li>El evento deportivo ser\u00e1 inaugurado este lunes 12 de mayo. Hay entrada libre con boleta.<\/li>\n<\/ul>\n<!--[if lt IE 9]><script>document.createElement('audio');<\/script><![endif]-->\n\t<div class=\"wp-playlist wp-audio-playlist wp-playlist-light\">\n\t\t\t<div class=\"wp-playlist-current-item\"><\/div>\n\t\t<audio controls=\"controls\" preload=\"none\" width=\"640\"\n\t\t\t><\/audio>\n\t<div class=\"wp-playlist-next\"><\/div>\n\t<div class=\"wp-playlist-prev\"><\/div>\n\t<noscript>\n\t<ol>\n\t\t<li><a href='https:\/\/www.medellin.gov.co\/es\/wp-content\/uploads\/2025\/05\/Audio-Declaraciones-del-alcalde-de-Medellin-Federico-Gutieerrez.mp3'>Audio Declaraciones del alcalde de Medell\u00edn, Federico Guti\u00e9errez<\/a><\/li>\t<\/ol>\n\t<\/noscript>\n\t<script type=\"application\/json\" class=\"wp-playlist-script\">{\"type\":\"audio\",\"tracklist\":true,\"tracknumbers\":true,\"images\":true,\"artists\":true,\"tracks\":[{\"src\":\"https:\\\/\\\/www.medellin.gov.co\\\/es\\\/wp-content\\\/uploads\\\/2025\\\/05\\\/Audio-Declaraciones-del-alcalde-de-Medellin-Federico-Gutieerrez.mp3\",\"type\":\"audio\\\/mpeg\",\"title\":\"Audio Declaraciones del alcalde de Medell\\u00edn, Federico Guti\\u00e9errez\",\"caption\":\"\",\"description\":\"\\u00abAudio Declaraciones del alcalde de Medell\\u00edn, Federico Guti\\u00e9errez\\u00bb. \",\"meta\":{\"year\":\"1904\",\"length_formatted\":\"2:18\"},\"image\":{\"src\":\"https:\\\/\\\/www.medellin.gov.co\\\/es\\\/wp-includes\\\/images\\\/media\\\/audio.png\",\"width\":48,\"height\":64},\"thumb\":{\"src\":\"https:\\\/\\\/www.medellin.gov.co\\\/es\\\/wp-includes\\\/images\\\/media\\\/audio.png\",\"width\":48,\"height\":64}}]}<\/script>\n<\/div>\n\t\n<p>El alcalde Federico Guti\u00e9rrez Zuluaga entreg\u00f3 las obras en el <a href=\"https:\/\/www.nadamejor.com.co\/#\/home\" target=\"_blank\" rel=\"noopener\">Complejo Acu\u00e1tico C\u00e9sar Zapata<\/a> de la Unidad Deportiva Atanasio Girardot, que servir\u00e1 como sede de los Panamericanos Junior de Nataci\u00f3n, que se disputar\u00e1n del 12 al 25 de mayo.<\/p>\n<p>El mandatario verific\u00f3 el estado de la nueva plataforma de clavados, una estructura que no se interven\u00eda hace 52 a\u00f1os y que ahora cuenta con diferentes niveles de saltos (1 metro, 3 metros, 5 metros, 7.5 metros y 10 metros de altura), adem\u00e1s de dos plataformas para saltos en trampolines de 1 metro y 3 metros. As\u00ed, la estructura qued\u00f3 ajustada a las normas de la Confederaci\u00f3n Panamericana de Nataci\u00f3n.<\/p>\n<p><a href=\"https:\/\/www.medellin.gov.co\/es\/wp-content\/uploads\/2025\/05\/Imagen-trampolin-renovado-del-complejo-Acuatico-Cesar-Zapata-2.jpg\" target=\"_blank\" rel=\"noopener\"><img loading=\"lazy\" class=\"alignnone wp-image-408040 size-full\" src=\"https:\/\/www.medellin.gov.co\/es\/wp-content\/uploads\/2025\/05\/Imagen-trampolin-renovado-del-complejo-Acuatico-Cesar-Zapata-2.jpg\" alt=\"Imagen trampol\u00edn renovado del complejo Acu\u00e1tico C\u00e9sar Zapata 2\" width=\"1141\" height=\"760\" srcset=\"https:\/\/www.medellin.gov.co\/es\/wp-content\/uploads\/2025\/05\/Imagen-trampolin-renovado-del-complejo-Acuatico-Cesar-Zapata-2.jpg 1141w, https:\/\/www.medellin.gov.co\/es\/wp-content\/uploads\/2025\/05\/Imagen-trampolin-renovado-del-complejo-Acuatico-Cesar-Zapata-2-300x200.jpg 300w, https:\/\/www.medellin.gov.co\/es\/wp-content\/uploads\/2025\/05\/Imagen-trampolin-renovado-del-complejo-Acuatico-Cesar-Zapata-2-1024x682.jpg 1024w, https:\/\/www.medellin.gov.co\/es\/wp-content\/uploads\/2025\/05\/Imagen-trampolin-renovado-del-complejo-Acuatico-Cesar-Zapata-2-150x100.jpg 150w, https:\/\/www.medellin.gov.co\/es\/wp-content\/uploads\/2025\/05\/Imagen-trampolin-renovado-del-complejo-Acuatico-Cesar-Zapata-2-768x512.jpg 768w\" sizes=\"(max-width: 1141px) 100vw, 1141px\" \/><\/a><\/p>\n<p>\u201c<em>A todos los deportistas que nos acompa\u00f1an, les digo que este escenario es para ustedes, para la gente, para nuestras Escuelas Populares, para los ni\u00f1os, para los j\u00f3venes, para los m\u00e1s viejitos, para que todo el mundo lo goce. Estamos en mora, como ciudad, de tener mejores escenarios deportivos. El reto que hemos tenido desde que arrancamos el gobierno es c\u00f3mo mejorar todos los escenarios deportivos<\/em>\u201d, dijo el alcalde Federico Guti\u00e9rrez Zuluaga.<\/p>\n<p><a href=\"https:\/\/www.medellin.gov.co\/es\/wp-content\/uploads\/2025\/05\/Imagen-alcalde-en-presentacion-de-reformas-del-complejo-Acuatico-Cesar-Zapata.jpg\" target=\"_blank\" rel=\"noopener\"><img loading=\"lazy\" class=\"alignnone wp-image-408041 size-full\" src=\"https:\/\/www.medellin.gov.co\/es\/wp-content\/uploads\/2025\/05\/Imagen-alcalde-en-presentacion-de-reformas-del-complejo-Acuatico-Cesar-Zapata.jpg\" alt=\"Imagen alcalde en presentaci\u00f3n de reformas del complejo Acu\u00e1tico C\u00e9sar Zapata\" width=\"1141\" height=\"760\" srcset=\"https:\/\/www.medellin.gov.co\/es\/wp-content\/uploads\/2025\/05\/Imagen-alcalde-en-presentacion-de-reformas-del-complejo-Acuatico-Cesar-Zapata.jpg 1141w, https:\/\/www.medellin.gov.co\/es\/wp-content\/uploads\/2025\/05\/Imagen-alcalde-en-presentacion-de-reformas-del-complejo-Acuatico-Cesar-Zapata-300x200.jpg 300w, https:\/\/www.medellin.gov.co\/es\/wp-content\/uploads\/2025\/05\/Imagen-alcalde-en-presentacion-de-reformas-del-complejo-Acuatico-Cesar-Zapata-1024x682.jpg 1024w, https:\/\/www.medellin.gov.co\/es\/wp-content\/uploads\/2025\/05\/Imagen-alcalde-en-presentacion-de-reformas-del-complejo-Acuatico-Cesar-Zapata-150x100.jpg 150w, https:\/\/www.medellin.gov.co\/es\/wp-content\/uploads\/2025\/05\/Imagen-alcalde-en-presentacion-de-reformas-del-complejo-Acuatico-Cesar-Zapata-768x512.jpg 768w\" sizes=\"(max-width: 1141px) 100vw, 1141px\" \/><\/a><\/p>\n<p>Por otro lado, se renov\u00f3 el sistema de iluminaci\u00f3n de las piscinas de clavados, ol\u00edmpica, nado sincronizado y subacu\u00e1tica. Esta intervenci\u00f3n mejora la visibilidad, la eficiencia energ\u00e9tica y las condiciones t\u00e9cnicas del escenario para<\/p>\n<p>albergar eventos internacionales de primer nivel. Actualmente, el complejo cuenta con un sistema de iluminaci\u00f3n adecuado para la transmisi\u00f3n de eventos deportivos por canales de televisi\u00f3n y plataformas digitales.<\/p>\n<p>La renovaci\u00f3n del escenario incluy\u00f3 la construcci\u00f3n de un cuarto de juzgamientos para nataci\u00f3n art\u00edstica, el mantenimiento de ba\u00f1os, la intervenci\u00f3n de los pisos en las piscinas de clavados, pintura de las grader\u00edas e impermeabilizaci\u00f3n de pisos de la piscina ol\u00edmpica.<\/p>\n<p><a href=\"https:\/\/www.medellin.gov.co\/es\/wp-content\/uploads\/2025\/05\/Imagen-nadadores-en-el-renovado-complejo-Acuatico-Cesar-Zapata.jpg\" target=\"_blank\" rel=\"noopener\"><img loading=\"lazy\" class=\"alignnone wp-image-408044 size-full\" src=\"https:\/\/www.medellin.gov.co\/es\/wp-content\/uploads\/2025\/05\/Imagen-nadadores-en-el-renovado-complejo-Acuatico-Cesar-Zapata.jpg\" alt=\"Imagen nadadores en el renovado complejo Acu\u00e1tico C\u00e9sar Zapata\" width=\"1141\" height=\"760\" srcset=\"https:\/\/www.medellin.gov.co\/es\/wp-content\/uploads\/2025\/05\/Imagen-nadadores-en-el-renovado-complejo-Acuatico-Cesar-Zapata.jpg 1141w, https:\/\/www.medellin.gov.co\/es\/wp-content\/uploads\/2025\/05\/Imagen-nadadores-en-el-renovado-complejo-Acuatico-Cesar-Zapata-300x200.jpg 300w, https:\/\/www.medellin.gov.co\/es\/wp-content\/uploads\/2025\/05\/Imagen-nadadores-en-el-renovado-complejo-Acuatico-Cesar-Zapata-1024x682.jpg 1024w, https:\/\/www.medellin.gov.co\/es\/wp-content\/uploads\/2025\/05\/Imagen-nadadores-en-el-renovado-complejo-Acuatico-Cesar-Zapata-150x100.jpg 150w, https:\/\/www.medellin.gov.co\/es\/wp-content\/uploads\/2025\/05\/Imagen-nadadores-en-el-renovado-complejo-Acuatico-Cesar-Zapata-768x512.jpg 768w\" sizes=\"(max-width: 1141px) 100vw, 1141px\" \/><\/a><\/p>\n<p>En este evento competir\u00e1n 1.400 deportistas de Am\u00e9rica, quienes participar\u00e1n en las disciplinas de clavados, polo acu\u00e1tico, carreras, nataci\u00f3n art\u00edstica y aguas abiertas. Entre ellos habr\u00e1 87 deportistas colombianos. Este torneo es clasificatorio al Mundial Junior en Rumania.<\/p>\n<p>\u201c<em>Postulen a Medell\u00edn para todos los eventos deportivos, para los internacionales y nacionales, que estamos listos para recibirlos. Quiero felicitar a este equipo, s\u00e9 que no era f\u00e1cil, que era una carrera contra el tiempo; se cumplieron cronogramas y el mensaje es muy claro: cuando las cosas se hacen con amor, con disciplina y de manera t\u00e9cnica, pero adem\u00e1s con transparencia, salen bien<\/em>\u201d, expres\u00f3 el mandatario local.<\/p>\n<p>Con esto, no solo se posiciona a Medell\u00edn como referente internacional en materia deportiva, sino que se genera impacto econ\u00f3mico positivo, gracias al crecimiento en la demanda de servicios gastron\u00f3micos, comerciales y tur\u00edsticos.<\/p>\n","protected":false},"excerpt":{"rendered":"<p>Con la reconstrucci\u00f3n de la plataforma de clavados en el Complejo Acu\u00e1tico de la Unidad Deportiva Atanasio Girardot, con m\u00e1s de 52 a\u00f1os de antig\u00fcedad, la estructura se ajusta a las normas. La Administraci\u00f3n Distrital &#8230;<\/p>\n","protected":false},"author":21,"featured_media":408046,"comment_status":"open","ping_status":"open","sticky":false,"template":"","format":"standard","meta":[],"categories":[17],"tags":[634,689,442],"formato_nota":[],"programas_tax":[],"acf":[],"_links":{"self":[{"href":"https:\/\/www.medellin.gov.co\/es\/wp-json\/wp\/v2\/posts\/408058"}],"collection":[{"href":"https:\/\/www.medellin.gov.co\/es\/wp-json\/wp\/v2\/posts"}],"about":[{"href":"https:\/\/www.medellin.gov.co\/es\/wp-json\/wp\/v2\/types\/post"}],"author":[{"embeddable":true,"href":"https:\/\/www.medellin.gov.co\/es\/wp-json\/wp\/v2\/users\/21"}],"replies":[{"embeddable":true,"href":"https:\/\/www.medellin.gov.co\/es\/wp-json\/wp\/v2\/comments?post=408058"}],"version-history":[{"count":1,"href":"https:\/\/www.medellin.gov.co\/es\/wp-json\/wp\/v2\/posts\/408058\/revisions"}],"predecessor-version":[{"id":408059,"href":"https:\/\/www.medellin.gov.co\/es\/wp-json\/wp\/v2\/posts\/408058\/revisions\/408059"}],"wp:featuredmedia":[{"embeddable":true,"href":"https:\/\/www.medellin.gov.co\/es\/wp-json\/wp\/v2\/media\/408046"}],"wp:attachment":[{"href":"https:\/\/www.medellin.gov.co\/es\/wp-json\/wp\/v2\/media?parent=408058"}],"wp:term":[{"taxonomy":"category","embeddable":true,"href":"https:\/\/www.medellin.gov.co\/es\/wp-json\/wp\/v2\/categories?post=408058"},{"taxonomy":"post_tag","embeddable":true,"href":"https:\/\/www.medellin.gov.co\/es\/wp-json\/wp\/v2\/tags?post=408058"},{"taxonomy":"formato_nota","embeddable":true,"href":"https:\/\/www.medellin.gov.co\/es\/wp-json\/wp\/v2\/formato_nota?post=408058"},{"taxonomy":"programas_tax","embeddable":true,"href":"https:\/\/www.medellin.gov.co\/es\/wp-json\/wp\/v2\/programas_tax?post=408058"}],"curies":[{"name":"wp","href":"https:\/\/api.w.org\/{rel}","templated":true}]}}