{"id":408083,"date":"2025-05-10T09:49:01","date_gmt":"2025-05-10T14:49:01","guid":{"rendered":"https:\/\/www.medellin.gov.co\/es\/?p=408083"},"modified":"2025-05-10T09:49:01","modified_gmt":"2025-05-10T14:49:01","slug":"un-dia-de-las-madres-libre-de-violencias-y-con-redistribucion-de-cargas-de-cuidado-es-la-apuesta-de-la-alcaldia-de-medellin","status":"publish","type":"post","link":"https:\/\/www.medellin.gov.co\/es\/sala-de-prensa\/noticias\/un-dia-de-las-madres-libre-de-violencias-y-con-redistribucion-de-cargas-de-cuidado-es-la-apuesta-de-la-alcaldia-de-medellin\/","title":{"rendered":"Un D\u00eda de las Madres libre de violencias y con redistribuci\u00f3n de cargas de cuidado es la apuesta de la Alcald\u00eda de Medell\u00edn"},"content":{"rendered":"<ul>\n<li>1.300 polic\u00edas reforzar\u00e1n la vigilancia y la Comisar\u00eda de Familia de Permanencia operar\u00e1 24\/7 para atender casos de violencia intrafamiliar.<\/li>\n<li>Este fin de semana siguen activos los mecanismos de atenci\u00f3n a mujeres en riesgo, incluyendo la L\u00ednea 123 Agencia Mujer y los Hogares de Acogida.<\/li>\n<\/ul>\n<!--[if lt IE 9]><script>document.createElement('audio');<\/script><![endif]-->\n\t<div class=\"wp-playlist wp-audio-playlist wp-playlist-light\">\n\t\t\t<div class=\"wp-playlist-current-item\"><\/div>\n\t\t<audio controls=\"controls\" preload=\"none\" width=\"640\"\n\t\t\t><\/audio>\n\t<div class=\"wp-playlist-next\"><\/div>\n\t<div class=\"wp-playlist-prev\"><\/div>\n\t<noscript>\n\t<ol>\n\t\t<li><a href='https:\/\/www.medellin.gov.co\/es\/wp-content\/uploads\/2025\/05\/Declaraciones-secretaria-de-las-Mujeres-Valeria-Molina..mp3'>Declaraciones secretaria de las Mujeres, Valeria\u00a0Molina.<\/a><\/li><li><a href='https:\/\/www.medellin.gov.co\/es\/wp-content\/uploads\/2025\/05\/Declaraciones-secretario-de-Seguridad-y-Convivencia-Manuel-Villa..mp3'>Declaraciones secretario de Seguridad y Convivencia, Manuel\u00a0Villa.<\/a><\/li>\t<\/ol>\n\t<\/noscript>\n\t<script type=\"application\/json\" class=\"wp-playlist-script\">{\"type\":\"audio\",\"tracklist\":true,\"tracknumbers\":true,\"images\":true,\"artists\":true,\"tracks\":[{\"src\":\"https:\\\/\\\/www.medellin.gov.co\\\/es\\\/wp-content\\\/uploads\\\/2025\\\/05\\\/Declaraciones-secretaria-de-las-Mujeres-Valeria-Molina..mp3\",\"type\":\"audio\\\/mpeg\",\"title\":\"Declaraciones secretaria de las Mujeres, Valeria\\u00a0Molina.\",\"caption\":\"Declaraciones de la secretaria de las Mujeres, Valeria\\u00a0Molina.\",\"description\":\"\\u00abDeclaraciones secretaria de las Mujeres, Valeria\\u00a0Molina d\\u00eda de la madre.\\u00bb.\",\"meta\":{\"length_formatted\":\"1:03\"},\"image\":{\"src\":\"https:\\\/\\\/www.medellin.gov.co\\\/es\\\/wp-includes\\\/images\\\/media\\\/audio.png\",\"width\":48,\"height\":64},\"thumb\":{\"src\":\"https:\\\/\\\/www.medellin.gov.co\\\/es\\\/wp-includes\\\/images\\\/media\\\/audio.png\",\"width\":48,\"height\":64}},{\"src\":\"https:\\\/\\\/www.medellin.gov.co\\\/es\\\/wp-content\\\/uploads\\\/2025\\\/05\\\/Declaraciones-secretario-de-Seguridad-y-Convivencia-Manuel-Villa..mp3\",\"type\":\"audio\\\/mpeg\",\"title\":\"Declaraciones secretario de Seguridad y Convivencia, Manuel\\u00a0Villa.\",\"caption\":\"Declaraciones del secretario de Seguridad y Convivencia, Manuel\\u00a0Villa.\",\"description\":\"\\u00abDeclaraciones secretario de Seguridad y Convivencia, Manuel\\u00a0Villa d\\u00eda de la madre.\\u00bb.\",\"meta\":{\"length_formatted\":\"1:59\"},\"image\":{\"src\":\"https:\\\/\\\/www.medellin.gov.co\\\/es\\\/wp-includes\\\/images\\\/media\\\/audio.png\",\"width\":48,\"height\":64},\"thumb\":{\"src\":\"https:\\\/\\\/www.medellin.gov.co\\\/es\\\/wp-includes\\\/images\\\/media\\\/audio.png\",\"width\":48,\"height\":64}}]}<\/script>\n<\/div>\n\t\n<p>El fin de semana del D\u00eda de las Madres representa uno de los momentos del a\u00f1o con mayor ocurrencia de violencias basadas en g\u00e9nero. Por ello, la Alcald\u00eda de Medell\u00edn recuerda que los mecanismos de protecci\u00f3n a mujeres como la L\u00ednea 123 Agencia Mujer estar\u00e1n operando las 24 horas, al igual que los Hogares de Acogida para quienes est\u00e9n en alto riesgo.<\/p>\n<p><img loading=\"lazy\" class=\"alignnone size-large wp-image-408087\" src=\"https:\/\/www.medellin.gov.co\/es\/wp-content\/uploads\/2025\/05\/Imagen-funcionaria-y-ciudadana-dia-madres-1024x576.jpg\" alt=\"Imagen funcionaria y ciudadana d\u00eda madres\" width=\"1024\" height=\"576\" srcset=\"https:\/\/www.medellin.gov.co\/es\/wp-content\/uploads\/2025\/05\/Imagen-funcionaria-y-ciudadana-dia-madres-1024x576.jpg 1024w, https:\/\/www.medellin.gov.co\/es\/wp-content\/uploads\/2025\/05\/Imagen-funcionaria-y-ciudadana-dia-madres-300x169.jpg 300w, https:\/\/www.medellin.gov.co\/es\/wp-content\/uploads\/2025\/05\/Imagen-funcionaria-y-ciudadana-dia-madres-150x84.jpg 150w, https:\/\/www.medellin.gov.co\/es\/wp-content\/uploads\/2025\/05\/Imagen-funcionaria-y-ciudadana-dia-madres-768x432.jpg 768w, https:\/\/www.medellin.gov.co\/es\/wp-content\/uploads\/2025\/05\/Imagen-funcionaria-y-ciudadana-dia-madres.jpg 1280w\" sizes=\"(max-width: 1024px) 100vw, 1024px\" \/><\/p>\n<p>Solo en 2024, la Agencia Mujer de Medell\u00edn registr\u00f3 3.084 incidentes, marcando un incremento sostenido frente a a\u00f1os anteriores y consolid\u00e1ndose como el pico m\u00e1s alto en esta fecha. Del total de eventos atendidos, el 60.26 % correspondi\u00f3 a mujeres v\u00edctimas. Las comunas Manrique, Popular y Villa Hermosa concentraron el mayor n\u00famero de reportes.<\/p>\n<p>Para contrarrestar esta situaci\u00f3n, la Administraci\u00f3n Distrital y dem\u00e1s autoridades invitan a las familias a dar un regalo distinto: tiempo para ellas. M\u00e1s all\u00e1 de los obsequios materiales, ofrecerles momentos de descanso, autocuidado o disfrute personal es un acto de amor y justicia que visibiliza el valor del trabajo no remunerado que realizan a diario.<\/p>\n<p><em>\u201cInvitamos a todas las personas a que les regalen a sus mam\u00e1s tiempo, tiempo para descansar, para su autocuidado, para el disfrute, para no hacer nada, a que hagamos una celebraci\u00f3n tranquila, sin excesos, donde el centro sea el bienestar de todas las madres\u201d<\/em>, expres\u00f3 la secretaria de las Mujeres, Valeria Molina.<\/p>\n<p><img loading=\"lazy\" class=\"alignnone size-large wp-image-408086\" src=\"https:\/\/www.medellin.gov.co\/es\/wp-content\/uploads\/2025\/05\/Imagen-funcionaria-ley-madres-1024x682.jpg\" alt=\"Imagen funcionaria ley madres\" width=\"1024\" height=\"682\" srcset=\"https:\/\/www.medellin.gov.co\/es\/wp-content\/uploads\/2025\/05\/Imagen-funcionaria-ley-madres-1024x682.jpg 1024w, https:\/\/www.medellin.gov.co\/es\/wp-content\/uploads\/2025\/05\/Imagen-funcionaria-ley-madres-300x200.jpg 300w, https:\/\/www.medellin.gov.co\/es\/wp-content\/uploads\/2025\/05\/Imagen-funcionaria-ley-madres-150x100.jpg 150w, https:\/\/www.medellin.gov.co\/es\/wp-content\/uploads\/2025\/05\/Imagen-funcionaria-ley-madres-768x512.jpg 768w, https:\/\/www.medellin.gov.co\/es\/wp-content\/uploads\/2025\/05\/Imagen-funcionaria-ley-madres.jpg 1081w\" sizes=\"(max-width: 1024px) 100vw, 1024px\" \/><\/p>\n<p>En lo que respecta a otro tipo de violencias, el fin de semana de las madres es tambi\u00e9n uno de los m\u00e1s violentas del a\u00f1o. Solo en 2024 se registraron 3 homicidios, 69 atenciones por lesiones personales y 705 casos de ri\u00f1as, seg\u00fan el reporte de la Polic\u00eda Metropolitana del Valle de Aburr\u00e1.<\/p>\n<p>Para atender estas situaciones, la Comisar\u00eda de Familia de Permanencia, ubicada en la Casa de Justicia El Bosque, prestar\u00e1 atenci\u00f3n continua el fin de semana, brindando protecci\u00f3n en casos de violencia intrafamiliar y conflictos familiares.<\/p>\n<p><img loading=\"lazy\" class=\"alignnone size-large wp-image-408090\" src=\"https:\/\/www.medellin.gov.co\/es\/wp-content\/uploads\/2025\/05\/IMG-20250510-WA0032-1024x576.jpg\" alt=\"Imagen familia\" width=\"1024\" height=\"576\" srcset=\"https:\/\/www.medellin.gov.co\/es\/wp-content\/uploads\/2025\/05\/IMG-20250510-WA0032-1024x576.jpg 1024w, https:\/\/www.medellin.gov.co\/es\/wp-content\/uploads\/2025\/05\/IMG-20250510-WA0032-300x169.jpg 300w, https:\/\/www.medellin.gov.co\/es\/wp-content\/uploads\/2025\/05\/IMG-20250510-WA0032-150x84.jpg 150w, https:\/\/www.medellin.gov.co\/es\/wp-content\/uploads\/2025\/05\/IMG-20250510-WA0032-768x432.jpg 768w, https:\/\/www.medellin.gov.co\/es\/wp-content\/uploads\/2025\/05\/IMG-20250510-WA0032.jpg 1280w\" sizes=\"(max-width: 1024px) 100vw, 1024px\" \/><\/p>\n<p><em>\u201cEl llamado es a vivir el fin de semana del D\u00eda de las Madres en paz y con respeto. Aunque hemos logrado reducir los homicidios en 25 % y las lesiones personales en 7 %, frente al a\u00f1o anterior, seguimos trabajando para prevenir cualquier forma de violencia en los hogares. Por eso, la Comisar\u00eda de Familia de Permanencia, de El Bosque, estar\u00e1 disponible 24\/7 para atender casos de violencia intrafamiliar y proteger los derechos de ni\u00f1as, ni\u00f1os y adolescentes. Celebremos con responsabilidad y respeto<\/em>\u201d, asegur\u00f3 el secretario de Seguridad y Convivencia, Manuel Villa.<\/p>\n<p>La Alcald\u00eda de Medell\u00edn le recuerda a la ciudadan\u00eda que este fin de semana, m\u00e1s que nunca, es clave promover el respeto, el cuidado y la convivencia pac\u00edfica en los hogares. Que el D\u00eda de las Madres no sea motivo de violencia, sino una oportunidad para reconocer, cuidar y agradecer. Todos los servicios institucionales est\u00e1n disponibles para proteger y acompa\u00f1ar.<\/p>\n<p>La invitaci\u00f3n que se reitera es a que celebremos la vida de las madres con un compromiso real: cuidar a quienes cuidan, garantizar su integridad y promover relaciones basadas en el respeto y la igualdad.<\/p>\n","protected":false},"excerpt":{"rendered":"<p>1.300 polic\u00edas reforzar\u00e1n la vigilancia y la Comisar\u00eda de Familia de Permanencia operar\u00e1 24\/7 para atender casos de violencia intrafamiliar. Este fin de semana siguen activos los mecanismos de atenci\u00f3n a mujeres en riesgo, incluyendo &#8230;<\/p>\n","protected":false},"author":97,"featured_media":408088,"comment_status":"open","ping_status":"open","sticky":false,"template":"","format":"standard","meta":[],"categories":[15],"tags":[437,451],"formato_nota":[],"programas_tax":[],"acf":[],"_links":{"self":[{"href":"https:\/\/www.medellin.gov.co\/es\/wp-json\/wp\/v2\/posts\/408083"}],"collection":[{"href":"https:\/\/www.medellin.gov.co\/es\/wp-json\/wp\/v2\/posts"}],"about":[{"href":"https:\/\/www.medellin.gov.co\/es\/wp-json\/wp\/v2\/types\/post"}],"author":[{"embeddable":true,"href":"https:\/\/www.medellin.gov.co\/es\/wp-json\/wp\/v2\/users\/97"}],"replies":[{"embeddable":true,"href":"https:\/\/www.medellin.gov.co\/es\/wp-json\/wp\/v2\/comments?post=408083"}],"version-history":[{"count":1,"href":"https:\/\/www.medellin.gov.co\/es\/wp-json\/wp\/v2\/posts\/408083\/revisions"}],"predecessor-version":[{"id":408097,"href":"https:\/\/www.medellin.gov.co\/es\/wp-json\/wp\/v2\/posts\/408083\/revisions\/408097"}],"wp:featuredmedia":[{"embeddable":true,"href":"https:\/\/www.medellin.gov.co\/es\/wp-json\/wp\/v2\/media\/408088"}],"wp:attachment":[{"href":"https:\/\/www.medellin.gov.co\/es\/wp-json\/wp\/v2\/media?parent=408083"}],"wp:term":[{"taxonomy":"category","embeddable":true,"href":"https:\/\/www.medellin.gov.co\/es\/wp-json\/wp\/v2\/categories?post=408083"},{"taxonomy":"post_tag","embeddable":true,"href":"https:\/\/www.medellin.gov.co\/es\/wp-json\/wp\/v2\/tags?post=408083"},{"taxonomy":"formato_nota","embeddable":true,"href":"https:\/\/www.medellin.gov.co\/es\/wp-json\/wp\/v2\/formato_nota?post=408083"},{"taxonomy":"programas_tax","embeddable":true,"href":"https:\/\/www.medellin.gov.co\/es\/wp-json\/wp\/v2\/programas_tax?post=408083"}],"curies":[{"name":"wp","href":"https:\/\/api.w.org\/{rel}","templated":true}]}}